{"id":8208,"date":"2022-01-21T10:17:40","date_gmt":"2022-01-21T15:17:40","guid":{"rendered":"https:\/\/contrastes.com.co\/digital\/?p=8208"},"modified":"2022-01-21T10:17:40","modified_gmt":"2022-01-21T15:17:40","slug":"vacuna-nasal-contra-la-covid-19-cientificos-franceses-presentaron-patente-para-desarrollarla","status":"publish","type":"post","link":"https:\/\/contrastes.com.co\/digital\/vacuna-nasal-contra-la-covid-19-cientificos-franceses-presentaron-patente-para-desarrollarla\/","title":{"rendered":"Vacuna nasal contra la covid-19: cient\u00edficos franceses presentaron patente para desarrollarla"},"content":{"rendered":"<p><strong>Vacuna nasal contra la covid-19: cient\u00edficos franceses presentaron patente para desarrollarla<\/strong><\/p>\n<blockquote><p><strong>Un grupo de expertos del Instituto Nacional de Investigaci\u00f3n para la Agricultura, la Alimentaci\u00f3n y el Medio Ambiente de Francia (INRAE) present\u00f3 la patente de un nuevo tipo de vacuna candidata contra el coronavirus.<\/strong><\/p><\/blockquote>\n<h5><em><a href=\"https:\/\/www.france24.com\/es\/programas\/ciencia-y-tecnolog%C3%ADa\/20211121-vacuna-nasal-coronavirus-farmaco-astrazeneca\">France24.com<\/a><\/em><\/h5>\n<p><img loading=\"lazy\" decoding=\"async\" class=\"alignleft  wp-image-584\" src=\"https:\/\/contrastes.com.co\/digital\/wp-content\/uploads\/2020\/04\/l-capitular.png\" alt=\"l capitular\" width=\"63\" height=\"63\" srcset=\"https:\/\/contrastes.com.co\/digital\/wp-content\/uploads\/2020\/04\/l-capitular.png 100w, https:\/\/contrastes.com.co\/digital\/wp-content\/uploads\/2020\/04\/l-capitular-60x60.png 60w\" sizes=\"auto, (max-width: 63px) 100vw, 63px\" \/>os voluntarios que participan en el ensayo tienen entre 18 y 40 a\u00f1os y ser\u00e1n monitoreados durante cuatro meses. Uno de los puntos clave a analizar es la respuesta inmune que se genere espec\u00edficamente en la nariz, la garganta y los pulmones, algo que, seg\u00fan los responsables, podr\u00eda cambiar significativamente tanto los tratamientos como la transmisi\u00f3n del virus.<\/p>\n<p>La Universidad de Oxford, en conjunto con el laboratorio AstraZeneca, est\u00e1 desarrollando una nueva vacuna contra el Covid-19. En esta ocasi\u00f3n, se trata de un f\u00e1rmaco nasal y no inyectado. Actualmente llevan a cabo la primera fase del estudio cl\u00ednico correspondiente.<\/p>\n<p>El doctor Sandy Douglas, uno de los responsables de ensayo, explica que \u00abofrecemos la vacuna como un spray nasal a un n\u00famero reducido de personas. Se la hemos dado a 30, hasta ahora, y nos movemos hacia otra etapa del estudio y se la daremos a otras 12 personas\u201d.<\/p>\n<p>El cient\u00edfico se\u00f1ala tambi\u00e9n que \u201cen cualquier ensayo en fase 1, el principal objetivo es entender la seguridad y verificar cuidadosamente que la vacuna sea segura para las personas antes de progresar con cualquier estudio m\u00e1s grande\u00bb.<\/p>\n<p>Los voluntarios que participan en el ensayo tienen entre 18 y 40 a\u00f1os y ser\u00e1n monitoreados durante cuatro meses. Uno de los puntos clave a analizar es la respuesta inmune que se genere espec\u00edficamente en la nariz, la garganta y los pulmones, algo que, seg\u00fan los responsables, podr\u00eda cambiar significativamente tanto los tratamientos como la transmisi\u00f3n del virus.<\/p>\n<p>Douglas a\u00f1ade que \u201csabemos que las vacunas actuales tienen un efecto sobre la transmisi\u00f3n del virus, pero no la frenan por completo. Al ofrecer una vacuna nasal y crear una respuesta inmune en la nariz, se puede reducir m\u00e1s efectivamente la transmisi\u00f3n. Y creo que otro beneficio importante tiene que ver con la conveniencia y con que es una ruta diferente en la experiencia de recibir una vacuna\u201d.<\/p>\n","protected":false},"excerpt":{"rendered":"<p>Los voluntarios que participan en el ensayo tienen entre 18 y 40 a\u00f1os y ser\u00e1n monitoreados durante cuatro meses. Uno de los puntos clave a analizar es la respuesta inmune que se genere espec\u00edficamente en la nariz, la garganta y los pulmones, algo que, seg\u00fan los responsables, podr\u00eda cambiar significativamente tanto los tratamientos como la transmisi\u00f3n del virus.<\/p>\n","protected":false},"author":1,"featured_media":8209,"comment_status":"open","ping_status":"open","sticky":false,"template":"","format":"standard","meta":{"footnotes":""},"categories":[70,11,268,2861],"tags":[4913,466,4914,4912],"class_list":["post-8208","post","type-post","status-publish","format-standard","has-post-thumbnail","hentry","category-coronavirus","category-mundo","category-salud","category-vacunacion","tag-cientificos-franceses","tag-covid-19","tag-desarrollo","tag-vacuna-nasal"],"_links":{"self":[{"href":"https:\/\/contrastes.com.co\/digital\/wp-json\/wp\/v2\/posts\/8208","targetHints":{"allow":["GET"]}}],"collection":[{"href":"https:\/\/contrastes.com.co\/digital\/wp-json\/wp\/v2\/posts"}],"about":[{"href":"https:\/\/contrastes.com.co\/digital\/wp-json\/wp\/v2\/types\/post"}],"author":[{"embeddable":true,"href":"https:\/\/contrastes.com.co\/digital\/wp-json\/wp\/v2\/users\/1"}],"replies":[{"embeddable":true,"href":"https:\/\/contrastes.com.co\/digital\/wp-json\/wp\/v2\/comments?post=8208"}],"version-history":[{"count":1,"href":"https:\/\/contrastes.com.co\/digital\/wp-json\/wp\/v2\/posts\/8208\/revisions"}],"predecessor-version":[{"id":8210,"href":"https:\/\/contrastes.com.co\/digital\/wp-json\/wp\/v2\/posts\/8208\/revisions\/8210"}],"wp:featuredmedia":[{"embeddable":true,"href":"https:\/\/contrastes.com.co\/digital\/wp-json\/wp\/v2\/media\/8209"}],"wp:attachment":[{"href":"https:\/\/contrastes.com.co\/digital\/wp-json\/wp\/v2\/media?parent=8208"}],"wp:term":[{"taxonomy":"category","embeddable":true,"href":"https:\/\/contrastes.com.co\/digital\/wp-json\/wp\/v2\/categories?post=8208"},{"taxonomy":"post_tag","embeddable":true,"href":"https:\/\/contrastes.com.co\/digital\/wp-json\/wp\/v2\/tags?post=8208"}],"curies":[{"name":"wp","href":"https:\/\/api.w.org\/{rel}","templated":true}]}}