{"id":8318,"date":"2022-02-14T22:22:52","date_gmt":"2022-02-15T03:22:52","guid":{"rendered":"https:\/\/contrastes.com.co\/digital\/?p=8318"},"modified":"2022-02-14T22:22:52","modified_gmt":"2022-02-15T03:22:52","slug":"algunos-aconsejan-eliminar-el-uso-del-tapabocas-en-espacios-abiertos-pero-duque-dice-que-sigue-siendo-obligatorio","status":"publish","type":"post","link":"https:\/\/contrastes.com.co\/digital\/algunos-aconsejan-eliminar-el-uso-del-tapabocas-en-espacios-abiertos-pero-duque-dice-que-sigue-siendo-obligatorio\/","title":{"rendered":"Algunos aconsejan eliminar el uso del tapabocas en espacios abiertos, pero Duque dice que sigue siendo obligatorio"},"content":{"rendered":"<h4><strong><em>\u201cPropongo al gobierno la eliminaci\u00f3n de su uso obligatorio al menos en espacios abiertos. El tapabocas es ya un costo innecesario para la gente y el medio ambiente\u201d: Alejandro Gaviria.<\/em><\/strong><\/h4>\n<p>Aunque muchos expertos y l\u00edderes de varios sectores de la vida pol\u00edtica colombiana han aconsejado al gobierno disminuir las medidas de bioseguridad relacionadas con la pandemia del Covid-19, entre ellas suspender el uso del tapabocas en espacios al aire libre, esto no ha sido considerado por el ministerio de Salud de Colombia.<\/p>\n<p>Desde Bruselas (B\u00e9lgica), el presidente Iv\u00e1n Duque, se pronunci\u00f3 en las \u00faltimas horas, manifestando que en Colombia, \u201cpor ahora, se mantiene el uso obligatorio de tapabocas en espacios p\u00fablicos\u201d.<\/p>\n<p>Uno de los que se manifest\u00f3 de acuerdo con eliminar el uso de la mascarilla en los espacios abiertos, fue el candidato a la presidencia y ex ministro de Salud, Alejandro Gaviria, quien a a trav\u00e9s de su cuenta de Twitter dijo: \u201cYa va siendo hora de decirle adi\u00f3s al tapabocas.\u00a0Propongo al gobierno la eliminaci\u00f3n de su uso obligatorio al menos en espacios abiertos. El tapabocas es ya un costo innecesario para la gente y el medio ambiente\u201d.<\/p>\n<p>Por su parte, el presidente Iv\u00e1n Duque descart\u00f3 la posibilidad de levantar la exigencia del tapabocas en Colombia, como pasa en otros pa\u00edses y como tambi\u00e9n lo propone Alejandro Gaviria.<\/p>\n<p>El mandatario asegur\u00f3 que, pese a los avances en vacunaci\u00f3n, estos a\u00fan no son suficientes como para eliminar este tipo de medidas de protecci\u00f3n.<\/p>\n<p>\u201cEsperamos que una vez cumplidas las principales metas que nos hemos propuesto, determinaciones que son globales por parte de la Organizaci\u00f3n Mundial para la Salud (OMS), podamos empezar, eventualmente a flexibilizar algunas medidas de protecci\u00f3n\u00bb, manifest\u00f3 el mandatario.<\/p>\n<p>El presidente Duque se\u00f1al\u00f3 que vacunarse masivamente y usar el tapabocas son medidas que han mostrado \u201cque hemos podido contener los dos \u00faltimos picos y los picos m\u00e1s severos. Sin nosotros tener que generar una afectaci\u00f3n econ\u00f3mica y social o un nuevo cierre\u201d, dijo.<\/p>\n<p>En ese sentido el mandatario insisti\u00f3 en que, \u00abhoy nos hemos dado cuenta que hemos podido con medidas de autoprotecci\u00f3n y con una vacunaci\u00f3n masiva, pasar por los dos tipos m\u00e1s severos a nivel mundial\u201d.<\/p>\n<p>Las declaraciones del presidente Duque van en contrav\u00eda de las entregadas por el alcalde de Medell\u00edn, Daniel Quintero, quien asegur\u00f3 recientemente que, \u201cen los pr\u00f3ximos d\u00edas\u201d el Gobierno podr\u00eda desmontar el uso del tapabocas en el pa\u00eds, como ha ocurrido en otras partes del mundo.<\/p>\n<p>Iv\u00e1n Duque igualmente habl\u00f3 sobre c\u00f3mo van las cifras de vacunaci\u00f3n en Colombia y detall\u00f3 que \u201cestamos en vacunaci\u00f3n masiva, superamos el 80 % de la poblaci\u00f3n con una dosis, creo que estaremos llegando con ciudadanos con dos dosis en un 65 % y m\u00e1s de 70 % al finalizar febrero y ya superamos los siete millones de vacunados con refuerzo y seguimos avanzando\u201d, remarc\u00f3.<\/p>\n","protected":false},"excerpt":{"rendered":"<p>\u201cPropongo al gobierno la eliminaci\u00f3n de su uso obligatorio al menos en espacios abiertos. El tapabocas es ya un costo innecesario para la gente y el medio ambiente\u201d: Alejandro Gaviria. Aunque muchos expertos y l\u00edderes de varios sectores de la vida pol\u00edtica colombiana han aconsejado al gobierno disminuir las medidas de bioseguridad relacionadas con la [&hellip;]<\/p>\n","protected":false},"author":1,"featured_media":8319,"comment_status":"open","ping_status":"open","sticky":false,"template":"","format":"standard","meta":{"footnotes":""},"categories":[2,4,268],"tags":[254,4981,269,403],"class_list":["post-8318","post","type-post","status-publish","format-standard","has-post-thumbnail","hentry","category-locales","category-pais","category-salud","tag-colombia","tag-duque","tag-salud","tag-tapabocas"],"_links":{"self":[{"href":"https:\/\/contrastes.com.co\/digital\/wp-json\/wp\/v2\/posts\/8318","targetHints":{"allow":["GET"]}}],"collection":[{"href":"https:\/\/contrastes.com.co\/digital\/wp-json\/wp\/v2\/posts"}],"about":[{"href":"https:\/\/contrastes.com.co\/digital\/wp-json\/wp\/v2\/types\/post"}],"author":[{"embeddable":true,"href":"https:\/\/contrastes.com.co\/digital\/wp-json\/wp\/v2\/users\/1"}],"replies":[{"embeddable":true,"href":"https:\/\/contrastes.com.co\/digital\/wp-json\/wp\/v2\/comments?post=8318"}],"version-history":[{"count":1,"href":"https:\/\/contrastes.com.co\/digital\/wp-json\/wp\/v2\/posts\/8318\/revisions"}],"predecessor-version":[{"id":8320,"href":"https:\/\/contrastes.com.co\/digital\/wp-json\/wp\/v2\/posts\/8318\/revisions\/8320"}],"wp:featuredmedia":[{"embeddable":true,"href":"https:\/\/contrastes.com.co\/digital\/wp-json\/wp\/v2\/media\/8319"}],"wp:attachment":[{"href":"https:\/\/contrastes.com.co\/digital\/wp-json\/wp\/v2\/media?parent=8318"}],"wp:term":[{"taxonomy":"category","embeddable":true,"href":"https:\/\/contrastes.com.co\/digital\/wp-json\/wp\/v2\/categories?post=8318"},{"taxonomy":"post_tag","embeddable":true,"href":"https:\/\/contrastes.com.co\/digital\/wp-json\/wp\/v2\/tags?post=8318"}],"curies":[{"name":"wp","href":"https:\/\/api.w.org\/{rel}","templated":true}]}}