{"id":8345,"date":"2022-02-25T18:00:34","date_gmt":"2022-02-25T23:00:34","guid":{"rendered":"https:\/\/contrastes.com.co\/digital\/?p=8345"},"modified":"2022-02-27T19:39:46","modified_gmt":"2022-02-28T00:39:46","slug":"en-video-arrojan-granada-en-una-tienda-en-el-suroccidente-de-soledad","status":"publish","type":"post","link":"https:\/\/contrastes.com.co\/digital\/en-video-arrojan-granada-en-una-tienda-en-el-suroccidente-de-soledad\/","title":{"rendered":"EN VIDEO: Arrojan granada en una tienda en el suroccidente de Soledad"},"content":{"rendered":"<p><strong>EN VIDEO: Arrojan granada en una tienda en el suroccidente de Soledad<\/strong><\/p>\n<p>En Estudio7, el magazine de la tarde, emitimos un programa especial luego de que se registrara, en la tarde de hoy viernes 25 de febrero, una acci\u00f3n terrorista en el suroccidente de Soledad luego que desconocidos arrojaran una granada contra una tienda. Poco despu\u00e9s se realiz\u00f3 un Consejo de Seguridad y se produjo el pronunciamiento de las autoridades locales.<\/p>\n<p><iframe loading=\"lazy\" style=\"border: none; overflow: hidden;\" src=\"https:\/\/www.facebook.com\/plugins\/video.php?height=314&amp;href=https%3A%2F%2Fwww.facebook.com%2FContrastesRadio2021%2Fvideos%2F1109493359815699%2F&amp;show_text=false&amp;width=560&amp;t=0\" width=\"560\" height=\"314\" frameborder=\"0\" scrolling=\"no\" allowfullscreen=\"allowfullscreen\"><\/iframe><\/p>\n<p>De igual manera abordamos otros sucesos que, en materia judicial, tuvieron lugar el d\u00eda de hoy en Barranquilla y su \u00c1rea Metropolitana.<\/p>\n","protected":false},"excerpt":{"rendered":"<p>En Estudio7, el magazine de la tarde, emitimos un programa especial luego de que se registrara, en la tarde de hoy viernes 25 de febrero, una acci\u00f3n terrorista en el suroccidente de Soledad luego que desconocidos arrojaran una granada contra una tienda. Poco despu\u00e9s se realiz\u00f3 un Consejo de Seguridad y se produjo el pronunciamiento de las autoridades locales.<\/p>\n","protected":false},"author":1,"featured_media":8346,"comment_status":"open","ping_status":"open","sticky":false,"template":"","format":"standard","meta":{"footnotes":""},"categories":[4994,10,2,11,4,6,4995],"tags":[5000,5001,4998,4997,4996,38,4999],"class_list":["post-8345","post","type-post","status-publish","format-standard","has-post-thumbnail","hentry","category-estudio7","category-judicial","category-locales","category-mundo","category-pais","category-region","category-television-web","tag-accidente-mortal","tag-atentado-terrorista","tag-el-magazine-de-la-tarde","tag-estudio7","tag-granada-en-una-tienda","tag-municipio-de-soledad","tag-television-web"],"_links":{"self":[{"href":"https:\/\/contrastes.com.co\/digital\/wp-json\/wp\/v2\/posts\/8345","targetHints":{"allow":["GET"]}}],"collection":[{"href":"https:\/\/contrastes.com.co\/digital\/wp-json\/wp\/v2\/posts"}],"about":[{"href":"https:\/\/contrastes.com.co\/digital\/wp-json\/wp\/v2\/types\/post"}],"author":[{"embeddable":true,"href":"https:\/\/contrastes.com.co\/digital\/wp-json\/wp\/v2\/users\/1"}],"replies":[{"embeddable":true,"href":"https:\/\/contrastes.com.co\/digital\/wp-json\/wp\/v2\/comments?post=8345"}],"version-history":[{"count":1,"href":"https:\/\/contrastes.com.co\/digital\/wp-json\/wp\/v2\/posts\/8345\/revisions"}],"predecessor-version":[{"id":8347,"href":"https:\/\/contrastes.com.co\/digital\/wp-json\/wp\/v2\/posts\/8345\/revisions\/8347"}],"wp:featuredmedia":[{"embeddable":true,"href":"https:\/\/contrastes.com.co\/digital\/wp-json\/wp\/v2\/media\/8346"}],"wp:attachment":[{"href":"https:\/\/contrastes.com.co\/digital\/wp-json\/wp\/v2\/media?parent=8345"}],"wp:term":[{"taxonomy":"category","embeddable":true,"href":"https:\/\/contrastes.com.co\/digital\/wp-json\/wp\/v2\/categories?post=8345"},{"taxonomy":"post_tag","embeddable":true,"href":"https:\/\/contrastes.com.co\/digital\/wp-json\/wp\/v2\/tags?post=8345"}],"curies":[{"name":"wp","href":"https:\/\/api.w.org\/{rel}","templated":true}]}}