{"id":8442,"date":"2022-02-02T10:03:44","date_gmt":"2022-02-02T15:03:44","guid":{"rendered":"https:\/\/contrastes.com.co\/digital\/?p=8442"},"modified":"2022-03-17T10:10:49","modified_gmt":"2022-03-17T15:10:49","slug":"avanzan-obras-de-reconstruccion-y-adecuacion-del-auditorio-del-inem-en-soledad","status":"publish","type":"post","link":"https:\/\/contrastes.com.co\/digital\/avanzan-obras-de-reconstruccion-y-adecuacion-del-auditorio-del-inem-en-soledad\/","title":{"rendered":"Avanzan obras de reconstrucci\u00f3n y adecuaci\u00f3n del auditorio del INEM en Soledad"},"content":{"rendered":"<p><img loading=\"lazy\" decoding=\"async\" class=\"alignleft  wp-image-929\" src=\"https:\/\/contrastes.com.co\/digital\/wp-content\/uploads\/2020\/05\/a-capitular.png\" alt=\"a capitular\" width=\"70\" height=\"63\" srcset=\"https:\/\/contrastes.com.co\/digital\/wp-content\/uploads\/2020\/05\/a-capitular.png 100w, https:\/\/contrastes.com.co\/digital\/wp-content\/uploads\/2020\/05\/a-capitular-67x60.png 67w\" sizes=\"auto, (max-width: 70px) 100vw, 70px\" \/>\u00a0buen ritmo avanzan las obras de reconstrucci\u00f3n y adecuaci\u00f3n del auditorio ubicado en la Instituci\u00f3n Educativa Miguel Antonio Caro, INEM, as\u00ed lo constat\u00f3 el alcalde de Soledad, Rodolfo Ucr\u00f3s Rosales durante una visita que dispens\u00f3 a la hist\u00f3rica instituci\u00f3n educativa localizada en la calle 30, autopista al aeropuerto.<\/p>\n<p>Cabe destacar que la recuperaci\u00f3n del mencionado auditorio se gestion\u00f3 a trav\u00e9s de la Secretar\u00eda de Educaci\u00f3n municipal y el mismo estar\u00e1 a disposici\u00f3n de los estudiantes del plantel y comunidad en general en un mes, aproximadamente.<\/p>\n","protected":false},"excerpt":{"rendered":"<p>A buen ritmo avanzan las obras de reconstrucci\u00f3n y adecuaci\u00f3n del auditorio ubicado en la Instituci\u00f3n Educativa Miguel Antonio Caro, INEM, as\u00ed lo constat\u00f3 el alcalde de Soledad, Rodolfo Ucr\u00f3s Rosales durante una visita que dispens\u00f3 a la hist\u00f3rica instituci\u00f3n educativa localizada en la calle 30, autopista al aeropuerto.<\/p>\n","protected":false},"author":1,"featured_media":8443,"comment_status":"open","ping_status":"open","sticky":false,"template":"","format":"standard","meta":{"footnotes":""},"categories":[163,896,2],"tags":[131,5053,38,1848,1827],"class_list":["post-8442","post","type-post","status-publish","format-standard","has-post-thumbnail","hentry","category-educacion","category-infraestructura","category-locales","tag-alcalde-de-soledad","tag-institucion-educativa-miguel-antonio-caro-inem","tag-municipio-de-soledad","tag-rodolfo-ucros-rosales","tag-secretaria-de-educacion-de-soledad"],"_links":{"self":[{"href":"https:\/\/contrastes.com.co\/digital\/wp-json\/wp\/v2\/posts\/8442","targetHints":{"allow":["GET"]}}],"collection":[{"href":"https:\/\/contrastes.com.co\/digital\/wp-json\/wp\/v2\/posts"}],"about":[{"href":"https:\/\/contrastes.com.co\/digital\/wp-json\/wp\/v2\/types\/post"}],"author":[{"embeddable":true,"href":"https:\/\/contrastes.com.co\/digital\/wp-json\/wp\/v2\/users\/1"}],"replies":[{"embeddable":true,"href":"https:\/\/contrastes.com.co\/digital\/wp-json\/wp\/v2\/comments?post=8442"}],"version-history":[{"count":1,"href":"https:\/\/contrastes.com.co\/digital\/wp-json\/wp\/v2\/posts\/8442\/revisions"}],"predecessor-version":[{"id":8444,"href":"https:\/\/contrastes.com.co\/digital\/wp-json\/wp\/v2\/posts\/8442\/revisions\/8444"}],"wp:featuredmedia":[{"embeddable":true,"href":"https:\/\/contrastes.com.co\/digital\/wp-json\/wp\/v2\/media\/8443"}],"wp:attachment":[{"href":"https:\/\/contrastes.com.co\/digital\/wp-json\/wp\/v2\/media?parent=8442"}],"wp:term":[{"taxonomy":"category","embeddable":true,"href":"https:\/\/contrastes.com.co\/digital\/wp-json\/wp\/v2\/categories?post=8442"},{"taxonomy":"post_tag","embeddable":true,"href":"https:\/\/contrastes.com.co\/digital\/wp-json\/wp\/v2\/tags?post=8442"}],"curies":[{"name":"wp","href":"https:\/\/api.w.org\/{rel}","templated":true}]}}