{"id":8471,"date":"2022-02-07T09:53:30","date_gmt":"2022-02-07T14:53:30","guid":{"rendered":"https:\/\/contrastes.com.co\/digital\/?p=8471"},"modified":"2022-03-17T13:06:44","modified_gmt":"2022-03-17T18:06:44","slug":"inician-jornadas-de-vacunacion-contra-el-covid-19-en-las-escuelas-publicas-de-soledad","status":"publish","type":"post","link":"https:\/\/contrastes.com.co\/digital\/inician-jornadas-de-vacunacion-contra-el-covid-19-en-las-escuelas-publicas-de-soledad\/","title":{"rendered":"Inician jornadas de vacunaci\u00f3n contra el covid-19 en las escuelas p\u00fablicas de Soledad"},"content":{"rendered":"<blockquote><p><strong>Mediante la estrategia &#8216;Escuelas Saludables&#8217; se aplicar\u00e1 la vacuna contra el covid-19 a alumnos de 3 a\u00f1os en adelante, y terceras dosis a profesores y padres de familia.<\/strong><\/p><\/blockquote>\n<p><img loading=\"lazy\" decoding=\"async\" class=\"alignleft wp-image-845\" src=\"https:\/\/contrastes.com.co\/digital\/wp-content\/uploads\/2020\/05\/e-capitular.png\" alt=\"e capitular\" width=\"53\" height=\"53\" srcset=\"https:\/\/contrastes.com.co\/digital\/wp-content\/uploads\/2020\/05\/e-capitular.png 100w, https:\/\/contrastes.com.co\/digital\/wp-content\/uploads\/2020\/05\/e-capitular-60x60.png 60w\" sizes=\"auto, (max-width: 53px) 100vw, 53px\" \/>ste lunes 7 de febrero dan inicio las jornadas de vacunaci\u00f3n contra el Covid-19 en las instituciones educativas oficiales del municipio de Soledad. La estrategia &#8216;<strong>Escuelas Saludables&#8217;<\/strong> permitir\u00e1 que estudiantes, padres de familias y docentes, que a\u00fan no han recibido el biol\u00f3gico o completado su esquema, lo hagan de manera voluntaria.<\/p>\n<p><iframe loading=\"lazy\" style=\"border: none; overflow: hidden;\" src=\"https:\/\/www.facebook.com\/plugins\/video.php?height=314&amp;href=https%3A%2F%2Fwww.facebook.com%2Fsoledadalcaldia%2Fvideos%2F362943085344178%2F&amp;show_text=false&amp;width=560&amp;t=0\" width=\"560\" height=\"314\" frameborder=\"0\" scrolling=\"no\" allowfullscreen=\"allowfullscreen\"><\/iframe><\/p>\n<p>Cada d\u00eda, a partir del 7 de febrero, la Secretar\u00eda de Salud de Soledad intervendr\u00e1 cinco colegios en esta serie marat\u00f3nica de jornadas de vacunaci\u00f3n en donde se aplicar\u00e1 la vacuna a alumnos de 3 a\u00f1os en adelante, y tercera dosis a los profesores y padres de familia.<\/p>\n","protected":false},"excerpt":{"rendered":"<p>Este lunes 7 de febrero dan inicio las jornadas de vacunaci\u00f3n contra el Covid-19 en las instituciones educativas oficiales del municipio de Soledad. La estrategia &#8216;Escuelas Saludables&#8217; permitir\u00e1 que estudiantes, padres de familias y docentes, que a\u00fan no han recibido el biol\u00f3gico o completado su esquema, lo hagan de manera voluntaria.<\/p>\n","protected":false},"author":1,"featured_media":8474,"comment_status":"open","ping_status":"open","sticky":false,"template":"","format":"standard","meta":{"footnotes":""},"categories":[70,163,2,2861],"tags":[35,5070,5072,5071],"class_list":["post-8471","post","type-post","status-publish","format-standard","has-post-thumbnail","hentry","category-coronavirus","category-educacion","category-locales","category-vacunacion","tag-alcaldia-de-soledad","tag-covid-19-vacunacion","tag-instituciones-educativas-oficiales-de-soledad","tag-vacunacion-en-escuelas"],"_links":{"self":[{"href":"https:\/\/contrastes.com.co\/digital\/wp-json\/wp\/v2\/posts\/8471","targetHints":{"allow":["GET"]}}],"collection":[{"href":"https:\/\/contrastes.com.co\/digital\/wp-json\/wp\/v2\/posts"}],"about":[{"href":"https:\/\/contrastes.com.co\/digital\/wp-json\/wp\/v2\/types\/post"}],"author":[{"embeddable":true,"href":"https:\/\/contrastes.com.co\/digital\/wp-json\/wp\/v2\/users\/1"}],"replies":[{"embeddable":true,"href":"https:\/\/contrastes.com.co\/digital\/wp-json\/wp\/v2\/comments?post=8471"}],"version-history":[{"count":3,"href":"https:\/\/contrastes.com.co\/digital\/wp-json\/wp\/v2\/posts\/8471\/revisions"}],"predecessor-version":[{"id":8476,"href":"https:\/\/contrastes.com.co\/digital\/wp-json\/wp\/v2\/posts\/8471\/revisions\/8476"}],"wp:featuredmedia":[{"embeddable":true,"href":"https:\/\/contrastes.com.co\/digital\/wp-json\/wp\/v2\/media\/8474"}],"wp:attachment":[{"href":"https:\/\/contrastes.com.co\/digital\/wp-json\/wp\/v2\/media?parent=8471"}],"wp:term":[{"taxonomy":"category","embeddable":true,"href":"https:\/\/contrastes.com.co\/digital\/wp-json\/wp\/v2\/categories?post=8471"},{"taxonomy":"post_tag","embeddable":true,"href":"https:\/\/contrastes.com.co\/digital\/wp-json\/wp\/v2\/tags?post=8471"}],"curies":[{"name":"wp","href":"https:\/\/api.w.org\/{rel}","templated":true}]}}