{"id":8498,"date":"2022-02-13T14:31:36","date_gmt":"2022-02-13T19:31:36","guid":{"rendered":"https:\/\/contrastes.com.co\/digital\/?p=8498"},"modified":"2022-03-17T14:45:21","modified_gmt":"2022-03-17T19:45:21","slug":"los-hechos-mas-importantes-de-la-semana-en-soledad-en-el-programa-pacto-informativo","status":"publish","type":"post","link":"https:\/\/contrastes.com.co\/digital\/los-hechos-mas-importantes-de-la-semana-en-soledad-en-el-programa-pacto-informativo\/","title":{"rendered":"Los hechos m\u00e1s importantes de la semana en Soledad en el programa &#8216;Pacto Informativo&#8217;"},"content":{"rendered":"<blockquote><p><strong>Ent\u00e9rate de los hechos m\u00e1s importantes de la semana en el municipio de Soledad con el programa institucional de televisi\u00f3n-web &#8216;Pacto Informativo&#8217;.<\/strong><\/p><\/blockquote>\n<p><iframe loading=\"lazy\" style=\"border: none; overflow: hidden;\" src=\"https:\/\/www.facebook.com\/plugins\/video.php?height=314&amp;href=https%3A%2F%2Fwww.facebook.com%2Fsoledadalcaldia%2Fvideos%2F3025418211055882%2F&amp;show_text=false&amp;width=560&amp;t=0\" width=\"560\" height=\"314\" frameborder=\"0\" scrolling=\"no\" allowfullscreen=\"allowfullscreen\"><\/iframe><\/p>\n<p><img loading=\"lazy\" decoding=\"async\" class=\"alignleft  wp-image-845\" src=\"https:\/\/contrastes.com.co\/digital\/wp-content\/uploads\/2020\/05\/e-capitular.png\" alt=\"e capitular\" width=\"46\" height=\"46\" srcset=\"https:\/\/contrastes.com.co\/digital\/wp-content\/uploads\/2020\/05\/e-capitular.png 100w, https:\/\/contrastes.com.co\/digital\/wp-content\/uploads\/2020\/05\/e-capitular-60x60.png 60w\" sizes=\"auto, (max-width: 46px) 100vw, 46px\" \/>n esta emisi\u00f3n las obras de pavimentaci\u00f3n en el barrio San Antonio; la normalizaci\u00f3n urban\u00edstica de los barrios Villa Rosa y Nuevo Horizonte I y II; la optimizaci\u00f3n de la infraestructura en las instituciones Manuela Beltr\u00e1n y Villa Mar\u00eda; la convocatoria Beps para el sector cultural.<\/p>\n","protected":false},"excerpt":{"rendered":"<p>En esta emisi\u00f3n las obras de pavimentaci\u00f3n en el barrio San Antonio; la normalizaci\u00f3n urban\u00edstica de los barrios Villa Rosa y Nuevo Horizonte I y II; la optimizaci\u00f3n de la infraestructura en las instituciones Manuela Beltr\u00e1n y Villa Mar\u00eda; la convocatoria Beps para el sector cultural.<\/p>\n","protected":false},"author":1,"featured_media":8499,"comment_status":"open","ping_status":"open","sticky":false,"template":"","format":"standard","meta":{"footnotes":""},"categories":[2,4995],"tags":[5068,5087,4999],"class_list":["post-8498","post","type-post","status-publish","format-standard","has-post-thumbnail","hentry","category-locales","category-television-web","tag-pacto-informativo","tag-programa-institucional-alcaldia-de-soledad","tag-television-web"],"_links":{"self":[{"href":"https:\/\/contrastes.com.co\/digital\/wp-json\/wp\/v2\/posts\/8498","targetHints":{"allow":["GET"]}}],"collection":[{"href":"https:\/\/contrastes.com.co\/digital\/wp-json\/wp\/v2\/posts"}],"about":[{"href":"https:\/\/contrastes.com.co\/digital\/wp-json\/wp\/v2\/types\/post"}],"author":[{"embeddable":true,"href":"https:\/\/contrastes.com.co\/digital\/wp-json\/wp\/v2\/users\/1"}],"replies":[{"embeddable":true,"href":"https:\/\/contrastes.com.co\/digital\/wp-json\/wp\/v2\/comments?post=8498"}],"version-history":[{"count":1,"href":"https:\/\/contrastes.com.co\/digital\/wp-json\/wp\/v2\/posts\/8498\/revisions"}],"predecessor-version":[{"id":8500,"href":"https:\/\/contrastes.com.co\/digital\/wp-json\/wp\/v2\/posts\/8498\/revisions\/8500"}],"wp:featuredmedia":[{"embeddable":true,"href":"https:\/\/contrastes.com.co\/digital\/wp-json\/wp\/v2\/media\/8499"}],"wp:attachment":[{"href":"https:\/\/contrastes.com.co\/digital\/wp-json\/wp\/v2\/media?parent=8498"}],"wp:term":[{"taxonomy":"category","embeddable":true,"href":"https:\/\/contrastes.com.co\/digital\/wp-json\/wp\/v2\/categories?post=8498"},{"taxonomy":"post_tag","embeddable":true,"href":"https:\/\/contrastes.com.co\/digital\/wp-json\/wp\/v2\/tags?post=8498"}],"curies":[{"name":"wp","href":"https:\/\/api.w.org\/{rel}","templated":true}]}}