{"id":8504,"date":"2022-02-15T15:17:04","date_gmt":"2022-02-15T20:17:04","guid":{"rendered":"https:\/\/contrastes.com.co\/digital\/?p=8504"},"modified":"2022-03-17T15:33:12","modified_gmt":"2022-03-17T20:33:12","slug":"alcaldia-de-soledad-adelanta-obras-de-infraestructura-en-instituciones-educativas-oficiales","status":"publish","type":"post","link":"https:\/\/contrastes.com.co\/digital\/alcaldia-de-soledad-adelanta-obras-de-infraestructura-en-instituciones-educativas-oficiales\/","title":{"rendered":"Alcald\u00eda de Soledad adelanta obras de infraestructura en instituciones educativas oficiales"},"content":{"rendered":"<blockquote><p><strong>*La Alcald\u00eda de Soledad adelanta mejoras en varias instituciones educativas del municipio con el prop\u00f3sito de brindar los espacios adecuados para que los estudiantes reciban una formaci\u00f3n de calidad.<\/strong><\/p>\n<p><strong>*M\u00e1s de 1.500 estudiantes se beneficiar\u00e1n con estas obras, cuya inversi\u00f3n es de aproximadamente 1.459 millones, en el marco del programa Recursos de Calidad.<\/strong><\/p><\/blockquote>\n<p>El alcalde de Soledad, Rodolfo Ucr\u00f3s Rosales, inspeccion\u00f3 las obras que se adelantan en varias instituciones educativas oficiales de la localidad, mismas que proporcionar\u00e1n espacios mucho m\u00e1s amplios y adecuados para que los m\u00e1s de 1.500 estudiantes que se beneficiar\u00e1n con estos trabajos, reciban una formaci\u00f3n de mucha m\u00e1s calidad.<\/p>\n<p>Durante su recorrido por la Instituci\u00f3n Educativa Manuela Beltr\u00e1n, ubicada en el barrio del mismo nombre del suroccidente de la ciudad, el mandatario manifest\u00f3 que \u00ablas obras de construcci\u00f3n de nuevas aulas significan un ahorro en el gasto municipal debido a que los alumnos de la sede alterna, que est\u00e1 en arriendo, pasar\u00e1n a la principal\u00bb.<\/p>\n<p>El proyecto de reestructuraci\u00f3n, en la I.E. Manuela Beltr\u00e1n, es liderado por la Secretar\u00eda de Educaci\u00f3n Municipal, contempla la construcci\u00f3n de 7 aulas educativas, de 52 metros cuadrados de espacio, y zona de bater\u00edas sanitarias. Actualmente se cuenta con 12 aulas.<\/p>\n<p>La secretaria de Educaci\u00f3n municipal, Aida Ojeda, indic\u00f3 que se beneficiar\u00e1n aproximadamente 560 estudiantes con la ampliaci\u00f3n. \u201cLos estudiantes recibir\u00e1n aulas acondicionas y dotadas, espacios agradables y seguros para la pr\u00e1ctica educativa\u00bb, anot\u00f3.<\/p>\n<p><strong>Noroccidental Las Gaviotas:<\/strong><\/p>\n<p>Un total de nueve aulas nuevas, y dos que ser\u00e1n remodeladas, son las obras que realiza la administraci\u00f3n municipal en la I.E Noroccidental de Soledad.<\/p>\n<p><strong>Instituci\u00f3n Educativa Villa Mar\u00eda:<\/strong><\/p>\n<p>Nueve salones, dos laboratorios y las bater\u00edas sanitarias son las obras de infraestructura que se est\u00e1n adelantando en la I.E. Villa Mar\u00eda, una edificaci\u00f3n que se llev\u00f3 a cabo hace 7 a\u00f1os, pero que nunca se puso al servicio de los ni\u00f1os y j\u00f3venes.<\/p>\n<p><strong>Con el programa Recursos de Calidad<\/strong> se logr\u00f3 la recuperaci\u00f3n de las aulas, que se complementar\u00e1n con la canalizaci\u00f3n de un arroyo que atraviesa los patios del colegio, dando soluci\u00f3n a los problemas de inundaci\u00f3n que se presentaban en el plantel.<\/p>\n<p>El alcalde resalt\u00f3 el esfuerzo de la administraci\u00f3n para llevar a cabo estas obras e indic\u00f3 que la inversi\u00f3n en Villa Mar\u00eda es integral. \u00abLa educaci\u00f3n es el eje principal del desarrollo de los ni\u00f1os y j\u00f3venes, por ello le debemos brindar espacios de calidad. En Villa Mar\u00eda se entregar\u00e1n las aulas y se construye un parque, obras para el beneficio de todos\u00bb, asegur\u00f3 el mandatario.<\/p>\n","protected":false},"excerpt":{"rendered":"<p>El alcalde de Soledad, Rodolfo Ucr\u00f3s Rosales, inspeccion\u00f3 las obras que se adelantan en varias instituciones educativas oficiales de la localidad, mismas que proporcionar\u00e1n espacios mucho m\u00e1s amplios y adecuados para que los m\u00e1s de 1.500 estudiantes que se beneficiar\u00e1n con estos trabajos, reciban una formaci\u00f3n de mucha m\u00e1s calidad.<\/p>\n","protected":false},"author":1,"featured_media":8505,"comment_status":"open","ping_status":"open","sticky":false,"template":"","format":"standard","meta":{"footnotes":""},"categories":[163,896,2],"tags":[3520,35,5091,5090,5089,38,393,1848,1827],"class_list":["post-8504","post","type-post","status-publish","format-standard","has-post-thumbnail","hentry","category-educacion","category-infraestructura","category-locales","tag-aida-ojeda-vega","tag-alcaldia-de-soledad","tag-i-e-manuela-beltran","tag-i-e-villa-maria","tag-instituciones-educativas-oficiales","tag-municipio-de-soledad","tag-obras-de-construccion","tag-rodolfo-ucros-rosales","tag-secretaria-de-educacion-de-soledad"],"_links":{"self":[{"href":"https:\/\/contrastes.com.co\/digital\/wp-json\/wp\/v2\/posts\/8504","targetHints":{"allow":["GET"]}}],"collection":[{"href":"https:\/\/contrastes.com.co\/digital\/wp-json\/wp\/v2\/posts"}],"about":[{"href":"https:\/\/contrastes.com.co\/digital\/wp-json\/wp\/v2\/types\/post"}],"author":[{"embeddable":true,"href":"https:\/\/contrastes.com.co\/digital\/wp-json\/wp\/v2\/users\/1"}],"replies":[{"embeddable":true,"href":"https:\/\/contrastes.com.co\/digital\/wp-json\/wp\/v2\/comments?post=8504"}],"version-history":[{"count":1,"href":"https:\/\/contrastes.com.co\/digital\/wp-json\/wp\/v2\/posts\/8504\/revisions"}],"predecessor-version":[{"id":8506,"href":"https:\/\/contrastes.com.co\/digital\/wp-json\/wp\/v2\/posts\/8504\/revisions\/8506"}],"wp:featuredmedia":[{"embeddable":true,"href":"https:\/\/contrastes.com.co\/digital\/wp-json\/wp\/v2\/media\/8505"}],"wp:attachment":[{"href":"https:\/\/contrastes.com.co\/digital\/wp-json\/wp\/v2\/media?parent=8504"}],"wp:term":[{"taxonomy":"category","embeddable":true,"href":"https:\/\/contrastes.com.co\/digital\/wp-json\/wp\/v2\/categories?post=8504"},{"taxonomy":"post_tag","embeddable":true,"href":"https:\/\/contrastes.com.co\/digital\/wp-json\/wp\/v2\/tags?post=8504"}],"curies":[{"name":"wp","href":"https:\/\/api.w.org\/{rel}","templated":true}]}}