{"id":8579,"date":"2022-03-23T09:30:22","date_gmt":"2022-03-23T14:30:22","guid":{"rendered":"https:\/\/contrastes.com.co\/digital\/?p=8579"},"modified":"2022-03-23T09:30:22","modified_gmt":"2022-03-23T14:30:22","slug":"con-un-conversatorio-y-una-exposicion-continua-la-agenda-cultural-de-soledad","status":"publish","type":"post","link":"https:\/\/contrastes.com.co\/digital\/con-un-conversatorio-y-una-exposicion-continua-la-agenda-cultural-de-soledad\/","title":{"rendered":"Con un conversatorio y una exposici\u00f3n contin\u00faa la Agenda Cultural de Soledad"},"content":{"rendered":"<p><strong>*Con un conversatorio y una exposici\u00f3n contin\u00faa la Agenda Cultural de Soledad<\/strong><\/p>\n<blockquote><p><strong>El conversatorio \u201cHacia la construcci\u00f3n de nuestro propio carnaval\u201d, se realizar\u00e1 hoy a las 2 de la tarde y ma\u00f1ana jueves 24 de marzo, a partir de las 9 de la ma\u00f1ana, se inaugura \u2018Expo Carnaval\u2019<\/strong><\/p><\/blockquote>\n<p><img loading=\"lazy\" decoding=\"async\" class=\"alignleft  wp-image-8518\" src=\"https:\/\/contrastes.com.co\/digital\/wp-content\/uploads\/2022\/03\/c-capitular.png\" alt=\"c capitular\" width=\"58\" height=\"58\" srcset=\"https:\/\/contrastes.com.co\/digital\/wp-content\/uploads\/2022\/03\/c-capitular.png 150w, https:\/\/contrastes.com.co\/digital\/wp-content\/uploads\/2022\/03\/c-capitular-60x60.png 60w\" sizes=\"auto, (max-width: 58px) 100vw, 58px\" \/>on el conversatorio \u201cHacia la construcci\u00f3n de nuestro propio carnaval\u201d que se realizar\u00e1 a las 2 de la tarde de este mi\u00e9rcoles 23 de marzo, en las instalaciones del Museo Bolivariano, ubicado en la plaza principal de Soledad, contin\u00faa la agenda programada por la secretar\u00eda de Cultura de Soledad<\/p>\n<p>Para ma\u00f1ana jueves 24 de marzo, a partir de las 9 de la ma\u00f1ana, est\u00e1 preparada una exposici\u00f3n en la plazoleta del Museo Bolivariano denominada \u2018Expo Carnaval\u2019. Todas estas actividades forman parte de la programaci\u00f3n cultural que ofrece la alcald\u00eda de Soledad que inici\u00f3 el s\u00e1bado 19 de marzo y que ir\u00e1 hasta el viernes 29 de abril, de acuerdo a la informaci\u00f3n suministrada por el secretario de Cultura local, Domingo Amar\u00eds.<\/p>\n","protected":false},"excerpt":{"rendered":"<p>Con el conversatorio \u201cHacia la construcci\u00f3n de nuestro propio carnaval\u201d que se realizar\u00e1 a las 2 de la tarde de este mi\u00e9rcoles 23 de marzo, en las instalaciones del Museo Bolivariano, ubicado en la plaza principal de Soledad, contin\u00faa la agenda programada por la secretar\u00eda de Cultura de Soledad<\/p>\n","protected":false},"author":1,"featured_media":8580,"comment_status":"open","ping_status":"open","sticky":false,"template":"","format":"standard","meta":{"footnotes":""},"categories":[1769,64,2148,2707,2],"tags":[4776,344,5134,38,398],"class_list":["post-8579","post","type-post","status-publish","format-standard","has-post-thumbnail","hentry","category-carnaval","category-cultura","category-eventos","category-exposiciones","category-locales","tag-carnaval-de-soledad-2022","tag-domingo-amaris","tag-expo-carnaval","tag-municipio-de-soledad","tag-secretaria-de-cultura-de-soledad"],"_links":{"self":[{"href":"https:\/\/contrastes.com.co\/digital\/wp-json\/wp\/v2\/posts\/8579","targetHints":{"allow":["GET"]}}],"collection":[{"href":"https:\/\/contrastes.com.co\/digital\/wp-json\/wp\/v2\/posts"}],"about":[{"href":"https:\/\/contrastes.com.co\/digital\/wp-json\/wp\/v2\/types\/post"}],"author":[{"embeddable":true,"href":"https:\/\/contrastes.com.co\/digital\/wp-json\/wp\/v2\/users\/1"}],"replies":[{"embeddable":true,"href":"https:\/\/contrastes.com.co\/digital\/wp-json\/wp\/v2\/comments?post=8579"}],"version-history":[{"count":1,"href":"https:\/\/contrastes.com.co\/digital\/wp-json\/wp\/v2\/posts\/8579\/revisions"}],"predecessor-version":[{"id":8581,"href":"https:\/\/contrastes.com.co\/digital\/wp-json\/wp\/v2\/posts\/8579\/revisions\/8581"}],"wp:featuredmedia":[{"embeddable":true,"href":"https:\/\/contrastes.com.co\/digital\/wp-json\/wp\/v2\/media\/8580"}],"wp:attachment":[{"href":"https:\/\/contrastes.com.co\/digital\/wp-json\/wp\/v2\/media?parent=8579"}],"wp:term":[{"taxonomy":"category","embeddable":true,"href":"https:\/\/contrastes.com.co\/digital\/wp-json\/wp\/v2\/categories?post=8579"},{"taxonomy":"post_tag","embeddable":true,"href":"https:\/\/contrastes.com.co\/digital\/wp-json\/wp\/v2\/tags?post=8579"}],"curies":[{"name":"wp","href":"https:\/\/api.w.org\/{rel}","templated":true}]}}