{"id":8585,"date":"2022-03-23T10:53:16","date_gmt":"2022-03-23T15:53:16","guid":{"rendered":"https:\/\/contrastes.com.co\/digital\/?p=8585"},"modified":"2022-03-23T10:53:16","modified_gmt":"2022-03-23T15:53:16","slug":"periodismo-de-resistencia-en-medio-de-la-invasion-de-rusia-a-ucrania","status":"publish","type":"post","link":"https:\/\/contrastes.com.co\/digital\/periodismo-de-resistencia-en-medio-de-la-invasion-de-rusia-a-ucrania\/","title":{"rendered":"Periodismo de resistencia en medio de la invasi\u00f3n de Rusia a Ucrania"},"content":{"rendered":"<p><strong>\u00bfQu\u00e9 papel desempe\u00f1a la prensa local en un pa\u00eds invadido?: Periodismo de resistencia en medio de la invasi\u00f3n de Rusia a Ucrania<\/strong><\/p>\n<blockquote><p><strong>La radio de rock de Kiev que ahora emite en forma clandestina desde un pueblo en los C\u00e1rpatos. El diario en ingl\u00e9s que pas\u00f3 en una semana de 30.000 seguidores en Twitter a 1,6 millones. Las cr\u00f3nicas de guerra de los escritores locales que publica Zaborona. Ejemplos de comunicaci\u00f3n con coraje.<\/strong><\/p><\/blockquote>\n<p>\u00bfC\u00f3mo es hacer periodismo en medio de las balas, como nacional de un pa\u00eds que est\u00e1 siendo invadido? \u00bfQu\u00e9 papel jugar en un conflicto b\u00e9lico cuando la \u00fanica arma que manejas es tu voz a trav\u00e9s de un micr\u00f3fono, una c\u00e1mara fotogr\u00e1fica o tu capacidad de narrar mediante la escritura? \u00bfC\u00f3mo periodista, qu\u00e9 tanto te cambiar\u00eda la vida el asalto armado a tu pa\u00eds, ese mismo en el que hasta hac\u00eda unos d\u00edas ten\u00edas un programa musical en la radio o manejabas una columna de opini\u00f3n en un diario local sin mayores sobresaltos?<\/p>\n<p><strong>Gustavo Sierra es un periodista nacido en Buenos Aires (Argentina)<\/strong>, obtuvo el prestigioso premio Konex en el a\u00f1o 2007, tiene un Master en Comunicaciones de la Universidad de Boston, es corresponsal de guerra y editor de la secci\u00f3n El Mundo del diario Clar\u00edn de Argentina y en el siguiente art\u00edculo, extra\u00eddo de uno de los m\u00e1s importantes portales de informaci\u00f3n de habla hispana como es <strong><a href=\"http:\/\/infoabae.com\">infobae.com<\/a><\/strong>, nos traslada -mediante su implacable redacci\u00f3n- al punto en el que se encuentra la prensa ucraniana en este preciso instante.<\/p>\n<figure id=\"attachment_8590\" aria-describedby=\"caption-attachment-8590\" style=\"width: 768px\" class=\"wp-caption aligncenter\"><img loading=\"lazy\" decoding=\"async\" class=\"wp-image-8590 size-full\" src=\"https:\/\/contrastes.com.co\/digital\/wp-content\/uploads\/2022\/03\/1.jpg\" alt=\"fotografos\" width=\"768\" height=\"512\" srcset=\"https:\/\/contrastes.com.co\/digital\/wp-content\/uploads\/2022\/03\/1.jpg 768w, https:\/\/contrastes.com.co\/digital\/wp-content\/uploads\/2022\/03\/1-300x200.jpg 300w\" sizes=\"auto, (max-width: 768px) 100vw, 768px\" \/><figcaption id=\"caption-attachment-8590\" class=\"wp-caption-text\">Un grupo de periodistas intenta buscar refugio durante un ataque con misiles en Irpin, cerca de Kyiv. Carlos Barr\u00eda\/Reuters<\/figcaption><\/figure>\n<h2><strong>Periodismo de resistencia en medio de la invasi\u00f3n de Rusia a Ucrania<\/strong><\/h2>\n<h4><em><strong><a href=\"https:\/\/www.infobae.com\/america\/mundo\/2022\/03\/23\/periodismo-de-resistencia-en-medio-de-la-invasion-de-rusia-a-ucrania\/\">Por Gustavo Sierra para infobae.com<\/a><\/strong><\/em><\/h4>\n<p><strong><img loading=\"lazy\" decoding=\"async\" class=\"alignleft  wp-image-8591\" src=\"https:\/\/contrastes.com.co\/digital\/wp-content\/uploads\/2022\/03\/r-capitular.png\" alt=\"r capitular\" width=\"76\" height=\"76\" srcset=\"https:\/\/contrastes.com.co\/digital\/wp-content\/uploads\/2022\/03\/r-capitular.png 100w, https:\/\/contrastes.com.co\/digital\/wp-content\/uploads\/2022\/03\/r-capitular-60x60.png 60w\" sizes=\"auto, (max-width: 76px) 100vw, 76px\" \/>oman Davydov y Bogdan Bolkhovetsky<\/strong> eran hasta hace un mes los periodistas y due\u00f1os de Kraina FM, una radio independiente de rock y noticias muy seguida por los j\u00f3venes ucranianos. Dos personajes de la movida cultural de Kiev. Unos \u201ccool\u201d irreverentes que tras la invasi\u00f3n rusa cuando les dijeron que deb\u00edan conectar su emisora a la red de la radio nacional decidieron irse a un pueblito de las monta\u00f1as de los C\u00e1rpatos Centrales en el noreste de Ucrania para seguir emitiendo en forma independiente. Se convirti\u00f3 en la radio m\u00e1s escuchada de Ucrania despu\u00e9s de la cadena nacional y sus emisiones son reproducidas en Austria, Polonia, Rep\u00fablica Checa, Eslovenia, Rumania y Suiza.<\/p>\n<p>La ma\u00f1ana en que comenzaron los bombardeos en Kiev, Olga Rudenko tuvo que tomar una de esas decisiones que cambian la vida. Como directora del The Kyiv Independent, el diario en ingl\u00e9s de Ucrania, sab\u00eda que la mayor parte de la redacci\u00f3n estaba saliendo de la capital o ya estaba en el extranjero. Decidi\u00f3 quedarse y seguir informando. Apenas Putin dio su discurso de declaraci\u00f3n de guerra y comenzaron las explosiones en Kiev, el 24 de febrero, se refugi\u00f3 en el s\u00f3tano de la casa de su abuela. Desde all\u00ed reorganiz\u00f3 la redacci\u00f3n y comenz\u00f3 a editar el que ahora es el sitio ucraniano con m\u00e1s entradas desde el exterior. Los posteos en las redes de sus periodistas nos informan muy profesionalmente a toda hora. Uno de sus reporteros, Illia Ponomarenko es extraordinario. Nos da exclusivas nada sesgadas a todos los que lo leemos a miles de kil\u00f3metros de distancia. Tiene un mill\u00f3n de seguidores.<\/p>\n<figure id=\"attachment_8589\" aria-describedby=\"caption-attachment-8589\" style=\"width: 992px\" class=\"wp-caption aligncenter\"><img loading=\"lazy\" decoding=\"async\" class=\"wp-image-8589 size-full\" src=\"https:\/\/contrastes.com.co\/digital\/wp-content\/uploads\/2022\/03\/redaccion-kiev.png\" alt=\"redaccion kiev\" width=\"992\" height=\"606\" srcset=\"https:\/\/contrastes.com.co\/digital\/wp-content\/uploads\/2022\/03\/redaccion-kiev.png 992w, https:\/\/contrastes.com.co\/digital\/wp-content\/uploads\/2022\/03\/redaccion-kiev-300x183.png 300w, https:\/\/contrastes.com.co\/digital\/wp-content\/uploads\/2022\/03\/redaccion-kiev-768x469.png 768w\" sizes=\"auto, (max-width: 992px) 100vw, 992px\" \/><figcaption id=\"caption-attachment-8589\" class=\"wp-caption-text\">La redacci\u00f3n del Kyiv Independent unos d\u00edas antes de que comenzara la invasi\u00f3n rusa. (Kyiv Independent)<\/figcaption><\/figure>\n<p>El <strong>Ukrainska Pravda<\/strong>, un diario m\u00e1s consolidado que hasta antes de la guerra se publicaba on-line en ucraniano, ruso e ingl\u00e9s, desde el 24 de febrero s\u00f3lo lo hace en los dos primeros idiomas. Todav\u00eda hay varios de sus periodistas trabajando desde Kiev, pero la mayor\u00eda reporta desde las ciudades que todav\u00eda no fueron atacadas del Oeste. La Home (tapa) est\u00e1 encabezada por la lista actualizada permanentemente de las p\u00e9rdidas de las fuerzas invasoras. Es la informaci\u00f3n oficial del ministerio de Defensa ucraniano: 15.300 soldados enemigos muertos, 99 aviones y 123 helic\u00f3pteros derribados, 509 tanques y 1556 carros de asalto desactivados.<\/p>\n<p>El sitio <strong>Zaborona<\/strong>, una revista de cr\u00f3nicas y multimedia, tiene algunos de los mejores relatos de esta guerra de los que se pueden leer en la prensa local. Nadia Shvadchak escribi\u00f3 una exquisita descripci\u00f3n de c\u00f3mo se modific\u00f3 la vida en el pueblo de Trostianets despu\u00e9s de tres semanas de guerra. Zaborona significa \u201ctab\u00fa\u201d en ucraniano. \u201cEn Zaborona creemos que no deber\u00eda haber ning\u00fan tab\u00fa en las historias que importan\u201d, dicen en su p\u00e1gina editorial. Esta plataforma de narraci\u00f3n fue lanzada en 2018 por los destacados y multipremiados periodistas Katerina Sergatskova y Roman Stepanovych.<\/p>\n<p>Hacer periodismo local independiente en cualquier guerra es una tarea casi imposible. Por un lado, est\u00e1n las dificultades obvias del conflicto y por otro, las del nacionalismo que no permiten tener ning\u00fan tipo de desavenencias con el discurso oficial cuando \u201cla Patria est\u00e1 en peligro\u201d. Hay censura militar y social. Si se informa de un ataque con decenas de muertos es \u201chacerle propaganda al enemigo\u201d. Y est\u00e1 el dilema de estos casos: \u00bfEs mejor alistarme y luchar con las armas contra los invasores o es m\u00e1s \u00fatil que siga haciendo periodismo? Esto del lado ucraniano. Del ruso no est\u00e1n nada mejor. El 4 de marzo, Rusia intensific\u00f3 las restricciones que desde hace tiempo impone a los medios de comunicaci\u00f3n independientes en su pa\u00eds, al aprobar una ley que castiga con hasta 15 a\u00f1os de c\u00e1rcel a los periodistas que difundan \u201cnoticias falsas\u201d sobre el ej\u00e9rcito y la \u201cintervenci\u00f3n\u201d en Ucrania (no la pueden denominar \u201cinvasi\u00f3n\u201d o \u201cguerra\u201d). El caso m\u00e1s emblem\u00e1tico es el de la periodista Marina Ovsyannikova que irrumpi\u00f3 en un noticiero de la cadena rusa en la que trabajaba con un cartel que dec\u00eda \u201cno a la guerra\u201d y \u201caqu\u00ed s\u00f3lo est\u00e1n difundiendo mentiras\u201d. Fue interrogada durante 14 horas y finalmente liberada despu\u00e9s de pagar una multa por 227 d\u00f3lares.<\/p>\n<figure id=\"attachment_8588\" aria-describedby=\"caption-attachment-8588\" style=\"width: 768px\" class=\"wp-caption aligncenter\"><img loading=\"lazy\" decoding=\"async\" class=\"wp-image-8588 size-full\" src=\"https:\/\/contrastes.com.co\/digital\/wp-content\/uploads\/2022\/03\/canal-sotano.png\" alt=\"transmision canal\" width=\"768\" height=\"432\" srcset=\"https:\/\/contrastes.com.co\/digital\/wp-content\/uploads\/2022\/03\/canal-sotano.png 768w, https:\/\/contrastes.com.co\/digital\/wp-content\/uploads\/2022\/03\/canal-sotano-300x169.png 300w\" sizes=\"auto, (max-width: 768px) 100vw, 768px\" \/><figcaption id=\"caption-attachment-8588\" class=\"wp-caption-text\">La televisi\u00f3n ucraniana transmitiendo en cadena nacional desde el estacionamiento del edificio donde normalmente transmiten. (Presidencia de Ucrania)<\/figcaption><\/figure>\n<p>En Ucrania, los agentes de inteligencia rusos que acompa\u00f1an a las tropas se dedicaron a se\u00f1alar como objetivos a diversos periodistas internacionales. Hace dos semanas, un equipo de Sky TV de Gran Breta\u00f1a fue atacado adrede por un \u201cescuadr\u00f3n especial\u201d cuando intentaban mostrar lo que suced\u00eda con los refugiados que escapaban de Kiev. Dos de los reporteros fueron heridos. Otros dos corresponsales de la agencia AP que informaron hasta \u00faltimo minuto desde la ciudad de Mariupol, fueron evacuados de un hospital en el que estaban escondidos por un pelot\u00f3n de soldados ucranianos. Fue apenas unos minutos despu\u00e9s de que agentes de las fuerzas especiales rusas entraran al hospital preguntando \u201cd\u00f3nde tienen escondidos a los periodistas\u201d y mostrando fotos de ellos. \u201cNos rescataron porque si ca\u00edamos en manos de los rusos nos iban a hacer decir que todo lo que informamos es pura mentira\u201d, explic\u00f3 uno de los reporteros de la AP.<\/p>\n<p>Rom\u00e1n Davydov, 34, de Kraina FM, pas\u00f3 los dos primeros d\u00edas de la guerra junto a su esposa y su hija de tres a\u00f1os en la oficina de la radio en el centro de Kiev. Las bombas los obligaron a bajar a los t\u00faneles del metro. Davydov ten\u00eda un peque\u00f1o equipo de emergencia con un micr\u00f3fono y un transmisor que usaba para hacer boletines desde su casa con los resultados del f\u00fatbol cuando los partidos terminaban muy tarde. Con eso pudo seguir transmitiendo. \u201cSe escuchaba el sonido de los chicos y los perros que estaban ah\u00ed en la estaci\u00f3n con nosotros. Ten\u00eda la cabeza envuelta en una camisa de cuadros para amortiguar el sonido\u201d, cont\u00f3 por mail a un periodista del New Yorker. Fue cuando decidi\u00f3 ir hacia el Oeste. En la estaci\u00f3n se encontr\u00f3 con su socio, Bogdan Bolkhovetsky, 41, y tomaron la decisi\u00f3n de seguir transmitiendo desde el interior de Ucrania, en un lugar donde las probabilidades de ser bombardeados fueran menores. Dejaron a sus mujeres y ni\u00f1os en la frontera de Polonia y subieron hasta un pueblo de monta\u00f1a (no rebelan el nombre ni la ubicaci\u00f3n por razones de seguridad) desde donde emiten \u201cla emisora ucraniana de la resistencia nacional\u201d.<\/p>\n<p>Llamaron a un amigo que dirige Kronehit, una radio similar en Austria, quien 24 horas m\u00e1s tarde les hizo llegar ecualizadores, amplificadores, micr\u00f3fonos y computadoras con el software cargado y todo listo para funcionar. Tambi\u00e9n una antena con la potencia para emitir en todo el territorio nacional y buena parte de los pa\u00edses vecinos. \u201cEran los equipos con los que siempre hab\u00edamos so\u00f1ado y nunca hab\u00edamos podido tener. Esto nos impone una enorme obligaci\u00f3n con la profesi\u00f3n, con los que nos apoyan y con los ucranianos\u201d, explic\u00f3 Bolkhovetsky en una entrevista con esa radio austr\u00edaca.<\/p>\n<figure id=\"attachment_8592\" aria-describedby=\"caption-attachment-8592\" style=\"width: 768px\" class=\"wp-caption aligncenter\"><img loading=\"lazy\" decoding=\"async\" class=\"wp-image-8592 size-full\" src=\"https:\/\/contrastes.com.co\/digital\/wp-content\/uploads\/2022\/03\/emisora.jpg\" alt=\"emisora ucrania\" width=\"768\" height=\"576\" srcset=\"https:\/\/contrastes.com.co\/digital\/wp-content\/uploads\/2022\/03\/emisora.jpg 768w, https:\/\/contrastes.com.co\/digital\/wp-content\/uploads\/2022\/03\/emisora-300x225.jpg 300w, https:\/\/contrastes.com.co\/digital\/wp-content\/uploads\/2022\/03\/emisora-136x102.jpg 136w\" sizes=\"auto, (max-width: 768px) 100vw, 768px\" \/><figcaption id=\"caption-attachment-8592\" class=\"wp-caption-text\">Kraina FM, una radio independiente de rock y noticias muy seguida por los j\u00f3venes ucranianos que ahora transmite desde los C\u00e1rpatos.<\/figcaption><\/figure>\n<p>Los primeros d\u00edas emitieron sin parar todas las noticias que recib\u00edan de sus amigos repartidos por el pa\u00eds. Pero dos d\u00edas m\u00e1s tarde se dieron cuenta que los oyentes necesitaban un poco de distracci\u00f3n y volvieron a pasar rock de los setenta y ochenta, que era su caracter\u00edstica. El resto eran pedidos de ayuda y solidaridad con unos largos boletines de noticias. Para los ucranianos que sobreviven bajo las bombas, las voces de sus periodistas conocidos y un \u201cHave you ever seen the rain?\u201d de Creedence, son un b\u00e1lsamo para sus pieles escamadas.<\/p>\n<p>El <strong>Kyiv Independent<\/strong> tambi\u00e9n recibi\u00f3 ayuda de colegas desde el exterior y de una cadena solidaria. El gerente financiero arm\u00f3 una p\u00e1gina en <strong>GoFundMe<\/strong> para comprar equipos de protecci\u00f3n y tel\u00e9fonos satelitales para los periodistas. Tres d\u00edas m\u00e1s tarde hab\u00eda recaudado un mill\u00f3n y medio de d\u00f3lares. \u201cDecidimos usar una parte y el resto entregarlo a otros sitios independientes que est\u00e1n luchando por mantenerse en vivo\u201d, coment\u00f3 la directora Olga Rudenko. Todo es nuevo y \u00e9pico para esta redacci\u00f3n. El Independent de Kiev fue fundado hace menos de cinco meses por 30 periodistas que hab\u00edan trabajado para el <strong>Kyiv Post<\/strong>, de 26 a\u00f1os de antig\u00fcedad y en lengua inglesa, antes de ser abruptamente despedidos en masa tras las disputas con su nuevo propietario, un oligarca ucraniano amigo del poder y de sus pares rusos. Con la guerra, el nuevo medio se consolid\u00f3. \u201cEn Twitter, el lunes pasado ten\u00edamos creo que 30.000 seguidores y hoy tenemos 1.600.000\u2033, dice Rudenko. \u201cAs\u00ed que estamos captando la atenci\u00f3n del mundo y estableci\u00e9ndonos como la fuente de noticias de Ucrania sobre el terreno\u201d.<\/p>\n<p>Y todos cuentan experiencias similares cuando les lleg\u00f3 el turno de definir si se enrolaban en las Milicias Populares de Defensa o segu\u00edan en la trinchera de las noticias.<\/p>\n<p>\u201cCuando fuimos a presentarnos ante el coronel a cargo del reclutamiento, nos hizo una sola pregunta\u201d, contaron Davydov y Bolkhovetsky de Kraina FM.<\/p>\n<ul>\n<li>\u00bfUstedes que saben hacer?<\/p>\n<\/li>\n<li>\n<p>Radio.<\/p>\n<\/li>\n<li>\n<p>\u00bfY qu\u00e9 est\u00e1n haciendo aqu\u00ed? \u00a1Sean \u00fatiles y hagan radio!, les grit\u00f3 el coronel.<\/p>\n<\/li>\n<\/ul>\n<p>&nbsp;<\/p>\n<h3><strong>Gustavo Sierra<\/strong><\/h3>\n<p><strong><img loading=\"lazy\" decoding=\"async\" class=\"alignleft  wp-image-8587\" src=\"https:\/\/contrastes.com.co\/digital\/wp-content\/uploads\/2022\/03\/gustavo-sierra.png\" alt=\"gustavo sierra\" width=\"158\" height=\"159\" srcset=\"https:\/\/contrastes.com.co\/digital\/wp-content\/uploads\/2022\/03\/gustavo-sierra.png 649w, https:\/\/contrastes.com.co\/digital\/wp-content\/uploads\/2022\/03\/gustavo-sierra-300x300.png 300w, https:\/\/contrastes.com.co\/digital\/wp-content\/uploads\/2022\/03\/gustavo-sierra-150x150.png 150w, https:\/\/contrastes.com.co\/digital\/wp-content\/uploads\/2022\/03\/gustavo-sierra-60x60.png 60w, https:\/\/contrastes.com.co\/digital\/wp-content\/uploads\/2022\/03\/gustavo-sierra-600x600.png 600w\" sizes=\"auto, (max-width: 158px) 100vw, 158px\" \/>Premio Konex 2007: Redacci\u00f3n Period\u00edstica<\/strong><br \/>\nNaci\u00f3 en Buenos Aires (Argentina) el 16\/01\/1956. Premio Konex 2007. Tiene un Master en Comunicaciones de la Universidad de Boston. Corresponsal de guerra y editor de la secci\u00f3n El Mundo del diario Clar\u00edn (PK). Fue corresponsal de medios argentinos e internacionales en Londres, Nueva York, Washington, Los \u00c1ngeles, Buenos Aires y Santiago de Chile. Form\u00f3 parte del equipo que inici\u00f3 en Atlanta el primer servicio de CNN en espa\u00f1ol. Editor del servicio latinoamericano de Associated Press en Nueva York. Cubri\u00f3 las guerras de Irak y Afganist\u00e1n y realiz\u00f3 producciones en Pakist\u00e1n, Israel, Cuba, Jordania e Ir\u00e1n. Es autor del libro Kabul-Bagdad-Teher\u00e1n y de los relatos de la invasi\u00f3n a Irak, Bajo las bombas, as\u00ed como del documental La guerra despu\u00e9s de la guerra. Recibi\u00f3 el premio de la Asociaci\u00f3n de Corresponsales Extranjeros de Espa\u00f1a, el premio del Congreso Iberoamericano de Periodismo Digital, el de la Fundaci\u00f3n Wellington de Espa\u00f1a y el Moors Cabot.<\/p>\n","protected":false},"excerpt":{"rendered":"<p>\u00bfC\u00f3mo es hacer periodismo en medio de las balas, como nacional de un pa\u00eds que est\u00e1 siendo invadido? \u00bfQu\u00e9 papel jugar en un conflicto b\u00e9lico cuando la \u00fanica arma que manejas es tu voz a trav\u00e9s de un micr\u00f3fono, una c\u00e1mara fotogr\u00e1fica o tu capacidad de narrar mediante la escritura? \u00bfC\u00f3mo periodista, qu\u00e9 tanto te cambiar\u00eda la vida el asalto armado a tu pa\u00eds, ese mismo en el que hasta hac\u00eda unos d\u00edas ten\u00edas un programa musical en la radio o manejabas una columna de opini\u00f3n en un diario local sin mayores sobresaltos?\u00a0<\/p>\n","protected":false},"author":1,"featured_media":8586,"comment_status":"open","ping_status":"open","sticky":false,"template":"","format":"standard","meta":{"footnotes":""},"categories":[11],"tags":[5002,143,5137,5138],"class_list":["post-8585","post","type-post","status-publish","format-standard","has-post-thumbnail","hentry","category-mundo","tag-invasion-rusa-a-ucrania","tag-periodismo","tag-prensa-en-la-guerra","tag-reportero-de-guerra"],"_links":{"self":[{"href":"https:\/\/contrastes.com.co\/digital\/wp-json\/wp\/v2\/posts\/8585","targetHints":{"allow":["GET"]}}],"collection":[{"href":"https:\/\/contrastes.com.co\/digital\/wp-json\/wp\/v2\/posts"}],"about":[{"href":"https:\/\/contrastes.com.co\/digital\/wp-json\/wp\/v2\/types\/post"}],"author":[{"embeddable":true,"href":"https:\/\/contrastes.com.co\/digital\/wp-json\/wp\/v2\/users\/1"}],"replies":[{"embeddable":true,"href":"https:\/\/contrastes.com.co\/digital\/wp-json\/wp\/v2\/comments?post=8585"}],"version-history":[{"count":1,"href":"https:\/\/contrastes.com.co\/digital\/wp-json\/wp\/v2\/posts\/8585\/revisions"}],"predecessor-version":[{"id":8593,"href":"https:\/\/contrastes.com.co\/digital\/wp-json\/wp\/v2\/posts\/8585\/revisions\/8593"}],"wp:featuredmedia":[{"embeddable":true,"href":"https:\/\/contrastes.com.co\/digital\/wp-json\/wp\/v2\/media\/8586"}],"wp:attachment":[{"href":"https:\/\/contrastes.com.co\/digital\/wp-json\/wp\/v2\/media?parent=8585"}],"wp:term":[{"taxonomy":"category","embeddable":true,"href":"https:\/\/contrastes.com.co\/digital\/wp-json\/wp\/v2\/categories?post=8585"},{"taxonomy":"post_tag","embeddable":true,"href":"https:\/\/contrastes.com.co\/digital\/wp-json\/wp\/v2\/tags?post=8585"}],"curies":[{"name":"wp","href":"https:\/\/api.w.org\/{rel}","templated":true}]}}