{"id":8626,"date":"2022-03-25T10:01:40","date_gmt":"2022-03-25T15:01:40","guid":{"rendered":"https:\/\/contrastes.com.co\/digital\/?p=8626"},"modified":"2022-03-25T13:02:26","modified_gmt":"2022-03-25T18:02:26","slug":"alcaldia-de-soledad-presenta-el-programa-para-celebrar-el-mes-de-la-ninez","status":"publish","type":"post","link":"https:\/\/contrastes.com.co\/digital\/alcaldia-de-soledad-presenta-el-programa-para-celebrar-el-mes-de-la-ninez\/","title":{"rendered":"Alcald\u00eda de Soledad presenta el programa para celebrar el Mes de la Ni\u00f1ez"},"content":{"rendered":"<p><strong>Alcald\u00eda de Soledad presenta el programa para celebrar el Mes de la Ni\u00f1ez<\/strong><\/p>\n<blockquote><p><strong> \u201cEl mes de abril es muy importante, ya que celebramos la ni\u00f1ez y la recreaci\u00f3n; nuestro municipio no puede ser ajeno a una celebraci\u00f3n que tiene un prop\u00f3sito fundamental para todos los que queremos construir un mejor pa\u00eds, como es exaltar a nuestros ni\u00f1os y crear para ellos espacios de recreaci\u00f3n y ambientes amigables, donde puedan compartir con sus padres, afectivamente, actividades que les permitan un desarrollo integral\u00bb: Yesenia Ocampo, secretaria de Talento Humano, alcald\u00eda de Soledad.<\/strong><\/p><\/blockquote>\n<p><img loading=\"lazy\" decoding=\"async\" class=\"alignleft wp-image-8529\" src=\"https:\/\/contrastes.com.co\/digital\/wp-content\/uploads\/2022\/03\/e-capitular.png\" alt=\"e capitular\" width=\"57\" height=\"57\" srcset=\"https:\/\/contrastes.com.co\/digital\/wp-content\/uploads\/2022\/03\/e-capitular.png 150w, https:\/\/contrastes.com.co\/digital\/wp-content\/uploads\/2022\/03\/e-capitular-60x60.png 60w\" sizes=\"auto, (max-width: 57px) 100vw, 57px\" \/>n el marco de la <strong>celebraci\u00f3n del Mes de la Ni\u00f1ez<\/strong>, se llev\u00f3 a cabo este jueves en Soledad la instalaci\u00f3n oficial del <strong>programa Crianza amorosa + juego &#8216;Jugando y criando con amor, vamos cambiando&#8217;<\/strong>, liderado por la Consejer\u00eda Presidencial para la Ni\u00f1ez y Adolescencia.<\/p>\n<p>Esta iniciativa que se llevar\u00e1 a cabo en Soledad durante marzo, abril, mayo y parte de junio, tiene como objetivo impactar a cada uno de los sectores del municipio para que la poblaci\u00f3n infantil tenga acceso a una oferta institucional que permita que padres de familia, cuidadores y adultos mayores sean part\u00edcipes de esta celebraci\u00f3n.<\/p>\n<p>Al respecto, la <strong>secretaria de Talento Humano, Yesenia Ocampo<\/strong>, quien instal\u00f3 el evento en representaci\u00f3n del alcalde Rodolfo Ucr\u00f3s Rosales, coment\u00f3 que \u201cel mes de abril es muy importante, ya que celebramos la ni\u00f1ez y la recreaci\u00f3n; nuestro municipio no puede ser ajeno a una celebraci\u00f3n que tiene un prop\u00f3sito fundamental para todos los que queremos construir un mejor pa\u00eds, como es exaltar a nuestros ni\u00f1os y crear para ellos espacios de recreaci\u00f3n y ambientes amigables, donde puedan compartir con sus padres, afectivamente, actividades que les permitan un desarrollo integral. Por tal motivo, la administraci\u00f3n municipal, en cabeza de la Secretar\u00eda de Deportes, ha dise\u00f1ado un programa especial para rendirle un homenaje a nuestros menores\u201d.<\/p>\n<figure id=\"attachment_8628\" aria-describedby=\"caption-attachment-8628\" style=\"width: 1200px\" class=\"wp-caption aligncenter\"><img loading=\"lazy\" decoding=\"async\" class=\"wp-image-8628 size-full\" src=\"https:\/\/contrastes.com.co\/digital\/wp-content\/uploads\/2022\/03\/raf-rodriguez.jpg\" alt=\"rafael rodriguez ni\u00f1ez\" width=\"1200\" height=\"783\" srcset=\"https:\/\/contrastes.com.co\/digital\/wp-content\/uploads\/2022\/03\/raf-rodriguez.jpg 1200w, https:\/\/contrastes.com.co\/digital\/wp-content\/uploads\/2022\/03\/raf-rodriguez-300x196.jpg 300w, https:\/\/contrastes.com.co\/digital\/wp-content\/uploads\/2022\/03\/raf-rodriguez-1024x668.jpg 1024w, https:\/\/contrastes.com.co\/digital\/wp-content\/uploads\/2022\/03\/raf-rodriguez-768x501.jpg 768w\" sizes=\"auto, (max-width: 1200px) 100vw, 1200px\" \/><figcaption id=\"caption-attachment-8628\" class=\"wp-caption-text\">\u201cSon veinte barrios escogidos para esta oferta en los que se desarrollar\u00e1n seis actividades establecidas por la Consejer\u00eda Presidencial para la Ni\u00f1ez y Adolescencia\u00bb: Rafael Rodr\u00edguez Orozco, secretario de Deportes de Soledad.<\/figcaption><\/figure>\n<p>Igualmente, el <strong>secretario de Recreaci\u00f3n y Deportes, Rafael Rodr\u00edguez Orozco<\/strong>, indic\u00f3 que el juego es el lenguaje universal que permite que ni\u00f1os y adultos interact\u00faen, generen lazos de afecto, hermandad y apego. \u201cSon veinte barrios escogidos para esta oferta en los que se desarrollar\u00e1n seis actividades establecidas por la Consejer\u00eda Presidencial para la Ni\u00f1ez y Adolescencia; en ellas se realizar\u00e1n juegos tradicionales, ya que con el tema de la pandemia del Covid-19 hemos recibido una afectaci\u00f3n significativa en la poblaci\u00f3n entre 5 y 18 a\u00f1os con el tema de la adicci\u00f3n a los juegos electr\u00f3nicos, y los ni\u00f1os han desatendido aquellos juegos tradicionales que se practicaban en las cuadras\u201d, anot\u00f3 el funcionario.<\/p>\n<p>Rodr\u00edguez Orozco explic\u00f3, adem\u00e1s, la manera c\u00f3mo se pondr\u00e1 en marcha este programa basado en la Ley 724 de 2001 de diciembre 27, por la que se institucionaliza el D\u00eda de la Ni\u00f1ez y la Recreaci\u00f3n en Colombia.<\/p>\n<p><iframe loading=\"lazy\" title=\"CORTINILLA FESTIVALES DE CRIANZA AMOROSA\" width=\"640\" height=\"360\" src=\"https:\/\/www.youtube.com\/embed\/OA2KaNnzLzY?feature=oembed\" frameborder=\"0\" allow=\"accelerometer; autoplay; clipboard-write; encrypted-media; gyroscope; picture-in-picture; web-share\" referrerpolicy=\"strict-origin-when-cross-origin\" allowfullscreen><\/iframe><\/p>\n<p>Las actividades recreativas y deportivas que se desarrollar\u00e1n durante la celebraci\u00f3n del Mes de la Ni\u00f1ez y la Recreaci\u00f3n est\u00e1n divididas por estaciones de la siguiente manera:<\/p>\n<p><strong>1. Estaci\u00f3n de la Alegr\u00eda (cuerdas):<\/strong><br \/>\n\u2022 Patos al agua \u2013 patos a tierra.<br \/>\n\u2022 La culebra.<br \/>\n\u2022 Cuerda floja.<br \/>\n\u2022 Limbo.<br \/>\n\u2022 Jala la cuerda.<br \/>\n\u2022 Desata el nudo.<\/p>\n<p><strong>2. Estaci\u00f3n Sorpresa (aros):<\/strong><br \/>\n\u2022 Conjunto de colores.<br \/>\n\u2022 El aro bailable.<br \/>\n\u2022 Peregrina con aros.<br \/>\n\u2022 T\u00fanel.<br \/>\n\u2022 Encesta el aro.<br \/>\n\u2022 Triqui.<\/p>\n<p><strong>3. Estaci\u00f3n Emoci\u00f3n (bal\u00f3n) :<\/strong><br \/>\n\u2022 Pasa la bola con los pies y manos.<br \/>\n\u2022 Pachanga pelotas con telas.<br \/>\n\u2022 Transporte de pelotas en equipo.<br \/>\n\u2022 Encesta el bal\u00f3n.<\/p>\n<p><strong>4. Estaci\u00f3n Felicidad (deportes):<\/strong><br \/>\n\u2022 F\u00fatbol.<br \/>\n\u2022 Voleibol.<br \/>\n\u2022 Baloncesto.<br \/>\n\u2022 Taekwondo.<\/p>\n<p><strong>5. Estaci\u00f3n del Recuerdo:<\/strong><br \/>\n\u2022 Parqu\u00e9s.<br \/>\n\u2022 Yoy\u00f3.<br \/>\n\u2022 Bolita de u\u00f1itas.<br \/>\n\u2022 Carrera de saco.<br \/>\n\u2022 Rondas infantiles tradicionales.<br \/>\n\u2022 Festival de la cometa.<\/p>\n<p><strong>6. Estaci\u00f3n del Bienestar:<\/strong><br \/>\n\u2022 Inflables.<br \/>\n\u2022 Brinca brinca.<br \/>\n\u2022 Ejercicios de aer\u00f3bicos, zumba y rumbaterapia.<br \/>\n\u2022 Escuela para padres basada en la estrategia Crianza Amorosa + Juego &#8216;Jugando y criando con amor, vamos cambiando&#8217;.<\/p>\n<p>Los lugares y barrios seleccionados para desarrollar estos juegos son: Primero de Mayo, El Porvenir, Cachimbero, Plaza Principal, Juan Dom\u00ednguez Romero, sector rural de Cabica, La Floresta (cancha Arturo Segovia), Ciudad Salitre, Nueva Esperanza, III etapa; Centro de Liderazgo Juvenil, Ciudad Bonita, Villa Karla, La Viola, Los Almendros, Terranova, La Arboleda, Hip\u00f3dromo, Las Trinitaria, parque cancha La Monumental y Los Balcanes. Tambi\u00e9n recibir\u00e1n la oferta de estas actividades recreativas y deportivas los CDI, para impactar de manera positiva a la poblaci\u00f3n infantil que se encuentra en cada uno de estos.<\/p>\n<p>Al acto de apertura, cumplido en el polideportivo del barrio Hip\u00f3dromo, asistieron tambi\u00e9n presidentes de las juntas de acci\u00f3n comunal, representantes del Concejo Municipal, Consejo de Juventudes y clubes deportivos; ni\u00f1os de las diferentes escuelas de f\u00fatbol, padres de familia y comunidad en general.<\/p>\n","protected":false},"excerpt":{"rendered":"<p>En el marco de la celebraci\u00f3n del Mes de la Ni\u00f1ez, se llev\u00f3 a cabo este jueves en Soledad la instalaci\u00f3n oficial del programa Crianza amorosa + juego &#8216;Jugando y criando con amor, vamos cambiando&#8217;, liderado por la Consejer\u00eda Presidencial para la Ni\u00f1ez y Adolescencia.<\/p>\n","protected":false},"author":1,"featured_media":8627,"comment_status":"open","ping_status":"open","sticky":false,"template":"","format":"standard","meta":{"footnotes":""},"categories":[8,2,3109],"tags":[5147,5145,5148,38,5146,3716,333,3031,334],"class_list":["post-8626","post","type-post","status-publish","format-standard","has-post-thumbnail","hentry","category-deportes","category-locales","category-ninos-y-adolescentes","tag-jugando-y-criando-con-amor-vamos-cambiando","tag-celebracion-del-mes-de-la-ninez","tag-consejeria-presidencial-para-la-ninez-y-adolescencia","tag-municipio-de-soledad","tag-programa-crianza-amorosa-juego","tag-rafael-rodriguez-orozco","tag-secretaria-de-talento-humano","tag-secretario-de-recreacion-y-deportes","tag-yesenia-ocampo"],"_links":{"self":[{"href":"https:\/\/contrastes.com.co\/digital\/wp-json\/wp\/v2\/posts\/8626","targetHints":{"allow":["GET"]}}],"collection":[{"href":"https:\/\/contrastes.com.co\/digital\/wp-json\/wp\/v2\/posts"}],"about":[{"href":"https:\/\/contrastes.com.co\/digital\/wp-json\/wp\/v2\/types\/post"}],"author":[{"embeddable":true,"href":"https:\/\/contrastes.com.co\/digital\/wp-json\/wp\/v2\/users\/1"}],"replies":[{"embeddable":true,"href":"https:\/\/contrastes.com.co\/digital\/wp-json\/wp\/v2\/comments?post=8626"}],"version-history":[{"count":1,"href":"https:\/\/contrastes.com.co\/digital\/wp-json\/wp\/v2\/posts\/8626\/revisions"}],"predecessor-version":[{"id":8629,"href":"https:\/\/contrastes.com.co\/digital\/wp-json\/wp\/v2\/posts\/8626\/revisions\/8629"}],"wp:featuredmedia":[{"embeddable":true,"href":"https:\/\/contrastes.com.co\/digital\/wp-json\/wp\/v2\/media\/8627"}],"wp:attachment":[{"href":"https:\/\/contrastes.com.co\/digital\/wp-json\/wp\/v2\/media?parent=8626"}],"wp:term":[{"taxonomy":"category","embeddable":true,"href":"https:\/\/contrastes.com.co\/digital\/wp-json\/wp\/v2\/categories?post=8626"},{"taxonomy":"post_tag","embeddable":true,"href":"https:\/\/contrastes.com.co\/digital\/wp-json\/wp\/v2\/tags?post=8626"}],"curies":[{"name":"wp","href":"https:\/\/api.w.org\/{rel}","templated":true}]}}