{"id":8686,"date":"2022-03-31T12:37:37","date_gmt":"2022-03-31T17:37:37","guid":{"rendered":"https:\/\/contrastes.com.co\/digital\/?p=8686"},"modified":"2022-03-31T12:37:37","modified_gmt":"2022-03-31T17:37:37","slug":"soledad-inicia-refuerzo-de-vacuna-covid-19-a-ninos-y-jovenes-entre-los-12-y-17-anos","status":"publish","type":"post","link":"https:\/\/contrastes.com.co\/digital\/soledad-inicia-refuerzo-de-vacuna-covid-19-a-ninos-y-jovenes-entre-los-12-y-17-anos\/","title":{"rendered":"Soledad inicia refuerzo de vacuna Covid-19 a ni\u00f1os y j\u00f3venes entre los 12 y 17 a\u00f1os"},"content":{"rendered":"<p><strong>Soledad inicia refuerzo de vacuna Covid-19 a ni\u00f1os y j\u00f3venes entre los 12 y 17 a\u00f1os<\/strong><\/p>\n<p>La Alcald\u00eda de Soledad inici\u00f3 este jueves, 31 de marzo, la aplicaci\u00f3n de la tercera dosis del biol\u00f3gico contra el Covid-19 para la poblaci\u00f3n entre 12 y 17 a\u00f1os, acogiendo directriz del Ministerio de Salud y Protecci\u00f3n Social.<\/p>\n<p>La Secretar\u00eda de Salud inform\u00f3 que el refuerzo de la vacuna se aplicar\u00e1 en el horario de 8:00 de la ma\u00f1ana a 4:00 de la tarde, en los puntos habilitados de los centros comerciales Gran Plaza del Sol, \u00c9xito Metropolitano, Carnaval y Nuestro Atl\u00e1ntico; en las Entidades Prestadoras de Salud: Sura, Sanitas, Salud Total (calle 30) y Cl\u00ednica de la Polic\u00eda. De igual manera, en los centros de salud 13 de Junio y La Central, que pertenecen al Hospital Materno Infantil.<\/p>\n<blockquote><p><strong>Los menores deben asistir con sus padres o acudientes, y se recomienda llevar el carn\u00e9 de vacunaci\u00f3n.<\/strong><\/p>\n<p><strong>La cobertura de vacunas aplicadas en Soledad contra el covid-19 es de un 76% en primera dosis y un 61 % en las segundas dosis.<\/strong><\/p><\/blockquote>\n<p>\u201cContinuamos implementando estrategias que promuevan jornadas de vacunaci\u00f3n Covid-19 en los parques, colegios, empresa privada y en los puntos habilitados diariamente con el prop\u00f3sito facilitar a la poblaci\u00f3n el acceso a la vacuna para lograr la inmunizaci\u00f3n completa\u201d, recalc\u00f3 el alcalde de Soledad, Rodolfo Ucr\u00f3s Rosales.<\/p>\n","protected":false},"excerpt":{"rendered":"<p>La Alcald\u00eda de Soledad inici\u00f3 este jueves, 31 de marzo, la aplicaci\u00f3n de la tercera dosis del biol\u00f3gico contra el Covid-19 para la poblaci\u00f3n entre 12 y 17 a\u00f1os, acogiendo directriz del Ministerio de Salud y Protecci\u00f3n Social.<\/p>\n","protected":false},"author":1,"featured_media":8687,"comment_status":"open","ping_status":"open","sticky":false,"template":"","format":"standard","meta":{"footnotes":""},"categories":[70,2,2861],"tags":[5176,38,4266,3036],"class_list":["post-8686","post","type-post","status-publish","format-standard","has-post-thumbnail","hentry","category-coronavirus","category-locales","category-vacunacion","tag-inicia-refuerzo","tag-municipio-de-soledad","tag-ninos-y-jovenes","tag-vacuna-covid-19"],"_links":{"self":[{"href":"https:\/\/contrastes.com.co\/digital\/wp-json\/wp\/v2\/posts\/8686","targetHints":{"allow":["GET"]}}],"collection":[{"href":"https:\/\/contrastes.com.co\/digital\/wp-json\/wp\/v2\/posts"}],"about":[{"href":"https:\/\/contrastes.com.co\/digital\/wp-json\/wp\/v2\/types\/post"}],"author":[{"embeddable":true,"href":"https:\/\/contrastes.com.co\/digital\/wp-json\/wp\/v2\/users\/1"}],"replies":[{"embeddable":true,"href":"https:\/\/contrastes.com.co\/digital\/wp-json\/wp\/v2\/comments?post=8686"}],"version-history":[{"count":1,"href":"https:\/\/contrastes.com.co\/digital\/wp-json\/wp\/v2\/posts\/8686\/revisions"}],"predecessor-version":[{"id":8688,"href":"https:\/\/contrastes.com.co\/digital\/wp-json\/wp\/v2\/posts\/8686\/revisions\/8688"}],"wp:featuredmedia":[{"embeddable":true,"href":"https:\/\/contrastes.com.co\/digital\/wp-json\/wp\/v2\/media\/8687"}],"wp:attachment":[{"href":"https:\/\/contrastes.com.co\/digital\/wp-json\/wp\/v2\/media?parent=8686"}],"wp:term":[{"taxonomy":"category","embeddable":true,"href":"https:\/\/contrastes.com.co\/digital\/wp-json\/wp\/v2\/categories?post=8686"},{"taxonomy":"post_tag","embeddable":true,"href":"https:\/\/contrastes.com.co\/digital\/wp-json\/wp\/v2\/tags?post=8686"}],"curies":[{"name":"wp","href":"https:\/\/api.w.org\/{rel}","templated":true}]}}