{"id":8712,"date":"2022-04-02T22:31:25","date_gmt":"2022-04-03T03:31:25","guid":{"rendered":"https:\/\/contrastes.com.co\/digital\/?p=8712"},"modified":"2022-04-02T22:32:28","modified_gmt":"2022-04-03T03:32:28","slug":"institucion-educativa-miguel-antonio-caro-inem-de-soledad-inauguro-paraninfo-con-apuesta-inclusiva","status":"publish","type":"post","link":"https:\/\/contrastes.com.co\/digital\/institucion-educativa-miguel-antonio-caro-inem-de-soledad-inauguro-paraninfo-con-apuesta-inclusiva\/","title":{"rendered":"Instituci\u00f3n Educativa Miguel Antonio Caro INEM de Soledad inaugur\u00f3 paraninfo con apuesta inclusiva"},"content":{"rendered":"<p><strong>*Instituci\u00f3n Educativa Miguel Antonio Caro INEM de Soledad inaugur\u00f3 paraninfo con apuesta inclusiva.<\/strong><\/p>\n<blockquote><p><strong>\u201cEspacios como \u00e9ste simbolizan el encuentro entre las culturas, son precisamente para reconocernos como diferentes, pero tambi\u00e9n como ciudadanos que queremos el bien del terru\u00f1o que nos ha recibido, eso es Soledad, un municipio inclusivo por naturaleza\u00bb: Aida Ojeda<\/strong><\/p><\/blockquote>\n<p><img loading=\"lazy\" decoding=\"async\" class=\"alignleft wp-image-8524\" src=\"https:\/\/contrastes.com.co\/digital\/wp-content\/uploads\/2022\/03\/l-capitular.png\" alt=\"l capitular\" width=\"59\" height=\"59\" srcset=\"https:\/\/contrastes.com.co\/digital\/wp-content\/uploads\/2022\/03\/l-capitular.png 150w, https:\/\/contrastes.com.co\/digital\/wp-content\/uploads\/2022\/03\/l-capitular-60x60.png 60w\" sizes=\"auto, (max-width: 59px) 100vw, 59px\" \/>a comunidad educativa de la <strong>Instituci\u00f3n Miguel Antonio Caro, Inem<\/strong>, inaugur\u00f3 este viernes un auditorio que promueve la inclusividad, con capacidad para 100 personas. Este espacio fue reconstruido y adecuado por Plan Internacional, una organizaci\u00f3n que lucha por los derechos de los ni\u00f1os y las ni\u00f1as en todo el mundo.<\/p>\n<p>El acto fue presidido por el vicepresidente de operaciones de la ONG, Gustavo Quintero, quien manifest\u00f3 que estos espacios no son solamente para aprender, sino que son lugares de encuentro. \u201cCada detalle de este auditorio tiene ese pensamiento, es un lugar que tiene una apuesta de inclusi\u00f3n muy grande, por ejemplo, la rampa de entrada para facilitar la movilidad de las personas que as\u00ed lo requieran; los colores del auditorio para personas con problemas de visi\u00f3n y los murales no son dise\u00f1ados por los artistas, sino construidos de la mano con los ni\u00f1os\u201d, dijo el funcionario.<\/p>\n<p><iframe loading=\"lazy\" style=\"border: none; overflow: hidden;\" src=\"https:\/\/www.facebook.com\/plugins\/video.php?height=314&amp;href=https%3A%2F%2Fwww.facebook.com%2Fsoledadalcaldia%2Fvideos%2F508819467534617%2F&amp;show_text=false&amp;width=560&amp;t=0\" width=\"560\" height=\"314\" frameborder=\"0\" scrolling=\"no\" allowfullscreen=\"allowfullscreen\"><\/iframe><\/p>\n<p>De igual manera, la <strong>secretaria de Talento Humano, Yesenia Ocampo, como alcaldesa encargada<\/strong>, anot\u00f3 que para el mandatario Rodolfo Ucr\u00f3s la educaci\u00f3n es un pilar en su Plan de Desarrollo. \u201cLa secretaria A\u00edda Ojeda desde su cartera ha asumido un liderazgo importante, cuyos resultados estamos viendo hoy. Las municipalidades no pueden con todo, de ah\u00ed la importancia de hacer alianzas con entidades p\u00fablico privadas, en las que las administraciones cumplen un rol importante al gestionar este tipo de ayudas\u201d, indic\u00f3.<\/p>\n<p>Por su parte, la <strong>secretaria de Educaci\u00f3n, Ojeda Vega<\/strong>, se refiri\u00f3 a que \u201cespacios como \u00e9ste que simbolizan el encuentro entre las culturas, son precisamente para reconocernos como diferentes, pero tambi\u00e9n como ciudadanos que queremos el bien del terru\u00f1o que nos ha recibido, eso es Soledad, un municipio inclusivo por naturaleza. Estamos en un proceso de calidad educativa y este es un recinto que nos sirve para encuentros con las comunidades acad\u00e9micas. El alcalde Ucr\u00f3s siempre se ha preocupado por el tema de la infraestructura en las instituciones educativas, por eso, estamos construyendo en una parte del Inem una sede de la Universidad del Atl\u00e1ntico, un proyecto que no solo beneficia a los j\u00f3venes de Soledad, sino a la banda oriental del departamento del Atl\u00e1ntico\u201d.<\/p>\n<p><strong>Edwin Lozano Gonz\u00e1lez, rector del Inem<\/strong>, habl\u00f3 acerca de la importancia del evento, ya que la instituci\u00f3n que lidera ten\u00eda m\u00e1s de 30 a\u00f1os sin recibir obras significativas. \u201cEsto nos da una esperanza para que la educaci\u00f3n siga progresando\u201d, afirm\u00f3 el directivo.<\/p>\n<p>El cierre del acto estuvo a cargo del grupo de teatro y danza del plantel, los cuales deleitaron a los presentes con una obra y un baile de cumbia y salsa.<\/p>\n","protected":false},"excerpt":{"rendered":"<p>La comunidad educativa de la Instituci\u00f3n Miguel Antonio Caro, Inem, inaugur\u00f3 este viernes un auditorio que promueve la inclusividad, con capacidad para 100 personas. Este espacio fue reconstruido y adecuado por Plan Internacional, una organizaci\u00f3n que lucha por los derechos de los ni\u00f1os y las ni\u00f1as en todo el mundo.<\/p>\n","protected":false},"author":1,"featured_media":8713,"comment_status":"open","ping_status":"open","sticky":false,"template":"","format":"standard","meta":{"footnotes":""},"categories":[163,896,2],"tags":[5192,5193,3610,5191,5195,5194,210,333,334],"class_list":["post-8712","post","type-post","status-publish","format-standard","has-post-thumbnail","hentry","category-educacion","category-infraestructura","category-locales","tag-alcaldesa-encargada","tag-edwin-lozano-gonzalez","tag-inem","tag-institucion-miguel-antonio-caro","tag-ojeda-vega","tag-rector-del-inem","tag-secretaria-de-educacion","tag-secretaria-de-talento-humano","tag-yesenia-ocampo"],"_links":{"self":[{"href":"https:\/\/contrastes.com.co\/digital\/wp-json\/wp\/v2\/posts\/8712","targetHints":{"allow":["GET"]}}],"collection":[{"href":"https:\/\/contrastes.com.co\/digital\/wp-json\/wp\/v2\/posts"}],"about":[{"href":"https:\/\/contrastes.com.co\/digital\/wp-json\/wp\/v2\/types\/post"}],"author":[{"embeddable":true,"href":"https:\/\/contrastes.com.co\/digital\/wp-json\/wp\/v2\/users\/1"}],"replies":[{"embeddable":true,"href":"https:\/\/contrastes.com.co\/digital\/wp-json\/wp\/v2\/comments?post=8712"}],"version-history":[{"count":2,"href":"https:\/\/contrastes.com.co\/digital\/wp-json\/wp\/v2\/posts\/8712\/revisions"}],"predecessor-version":[{"id":8715,"href":"https:\/\/contrastes.com.co\/digital\/wp-json\/wp\/v2\/posts\/8712\/revisions\/8715"}],"wp:featuredmedia":[{"embeddable":true,"href":"https:\/\/contrastes.com.co\/digital\/wp-json\/wp\/v2\/media\/8713"}],"wp:attachment":[{"href":"https:\/\/contrastes.com.co\/digital\/wp-json\/wp\/v2\/media?parent=8712"}],"wp:term":[{"taxonomy":"category","embeddable":true,"href":"https:\/\/contrastes.com.co\/digital\/wp-json\/wp\/v2\/categories?post=8712"},{"taxonomy":"post_tag","embeddable":true,"href":"https:\/\/contrastes.com.co\/digital\/wp-json\/wp\/v2\/tags?post=8712"}],"curies":[{"name":"wp","href":"https:\/\/api.w.org\/{rel}","templated":true}]}}