{"id":8750,"date":"2022-04-05T11:15:18","date_gmt":"2022-04-05T16:15:18","guid":{"rendered":"https:\/\/contrastes.com.co\/digital\/?p=8750"},"modified":"2022-04-05T11:15:18","modified_gmt":"2022-04-05T16:15:18","slug":"hirieron-a-punal-a-vigilante-en-caribe-verde-y-le-robaron-su-arma-de-dotacion","status":"publish","type":"post","link":"https:\/\/contrastes.com.co\/digital\/hirieron-a-punal-a-vigilante-en-caribe-verde-y-le-robaron-su-arma-de-dotacion\/","title":{"rendered":"Hirieron a pu\u00f1al a vigilante en Caribe Verde y le robaron su arma de dotaci\u00f3n"},"content":{"rendered":"<p><strong>*Hirieron a pu\u00f1al a vigilante en Caribe Verde y le robaron su arma de dotaci\u00f3n<\/strong><\/p>\n<p><img loading=\"lazy\" decoding=\"async\" class=\"alignleft  wp-image-8657\" src=\"https:\/\/contrastes.com.co\/digital\/wp-content\/uploads\/2022\/03\/u-capitular.png\" alt=\"u capitular\" width=\"66\" height=\"66\" srcset=\"https:\/\/contrastes.com.co\/digital\/wp-content\/uploads\/2022\/03\/u-capitular.png 100w, https:\/\/contrastes.com.co\/digital\/wp-content\/uploads\/2022\/03\/u-capitular-60x60.png 60w\" sizes=\"auto, (max-width: 66px) 100vw, 66px\" \/>n vigilante de una empresa privada que se hallaba laborando en un lote con cerramiento en la calle 136 con carrera 9, en la Urbanizaci\u00f3n Caribe Verde, en el suroccidente de Barranquilla, result\u00f3 herido a pu\u00f1al en la noche del lunes. El herido, identificado como Marco Antonio Vides Hern\u00e1ndez, de 36 a\u00f1os, se hallaba cuidando el lugar cuando dos hombres llegaron\u00a0 y lo atacaron a pu\u00f1al. Los antisociales se le llevaron su arma de dotaci\u00f3n y dejaron malherido al vigilante.<\/p>\n<p>Marco Antonio recibi\u00f3 cuatro pu\u00f1aladas en la cabeza, torax anterior y hombro izquierdo. El hombre fue auxiliado y llevado en primera instancia al Camino El Pueblo y luego remitido al Hospital General de Barranquilla.<\/p>\n","protected":false},"excerpt":{"rendered":"<p>Un vigilante de una empresa privada que se hallaba laborando en un lote con cerramiento en la calle 136 con carrera 9, en la Urbanizaci\u00f3n Caribe Verde, en el suroccidente de Barranquilla, result\u00f3 herido a pu\u00f1al en la noche del lunes. El herido, identificado como Marco Antonio Vides Hern\u00e1ndez, de 36 a\u00f1os, se hallaba cuidando el lugar cuando dos hombres llegaron\u00a0 y lo atacaron a pu\u00f1al. Los antisociales se le llevaron su arma de dotaci\u00f3n y dejaron malherido al vigilante.<\/p>\n","protected":false},"author":1,"featured_media":8751,"comment_status":"open","ping_status":"open","sticky":false,"template":"","format":"standard","meta":{"footnotes":""},"categories":[10,6],"tags":[5217,1584,1685,5216],"class_list":["post-8750","post","type-post","status-publish","format-standard","has-post-thumbnail","hentry","category-judicial","category-region","tag-arma-de-dotacion","tag-caribe-verde","tag-robo","tag-vigillante"],"_links":{"self":[{"href":"https:\/\/contrastes.com.co\/digital\/wp-json\/wp\/v2\/posts\/8750","targetHints":{"allow":["GET"]}}],"collection":[{"href":"https:\/\/contrastes.com.co\/digital\/wp-json\/wp\/v2\/posts"}],"about":[{"href":"https:\/\/contrastes.com.co\/digital\/wp-json\/wp\/v2\/types\/post"}],"author":[{"embeddable":true,"href":"https:\/\/contrastes.com.co\/digital\/wp-json\/wp\/v2\/users\/1"}],"replies":[{"embeddable":true,"href":"https:\/\/contrastes.com.co\/digital\/wp-json\/wp\/v2\/comments?post=8750"}],"version-history":[{"count":1,"href":"https:\/\/contrastes.com.co\/digital\/wp-json\/wp\/v2\/posts\/8750\/revisions"}],"predecessor-version":[{"id":8752,"href":"https:\/\/contrastes.com.co\/digital\/wp-json\/wp\/v2\/posts\/8750\/revisions\/8752"}],"wp:featuredmedia":[{"embeddable":true,"href":"https:\/\/contrastes.com.co\/digital\/wp-json\/wp\/v2\/media\/8751"}],"wp:attachment":[{"href":"https:\/\/contrastes.com.co\/digital\/wp-json\/wp\/v2\/media?parent=8750"}],"wp:term":[{"taxonomy":"category","embeddable":true,"href":"https:\/\/contrastes.com.co\/digital\/wp-json\/wp\/v2\/categories?post=8750"},{"taxonomy":"post_tag","embeddable":true,"href":"https:\/\/contrastes.com.co\/digital\/wp-json\/wp\/v2\/tags?post=8750"}],"curies":[{"name":"wp","href":"https:\/\/api.w.org\/{rel}","templated":true}]}}