{"id":8753,"date":"2022-04-05T11:24:05","date_gmt":"2022-04-05T16:24:05","guid":{"rendered":"https:\/\/contrastes.com.co\/digital\/?p=8753"},"modified":"2022-04-05T11:24:05","modified_gmt":"2022-04-05T16:24:05","slug":"legado-de-meira-delmar-llega-al-festival-iberoamericano-de-teatro-con-el-apoyo-de-la-gobernacion-del-atlantico","status":"publish","type":"post","link":"https:\/\/contrastes.com.co\/digital\/legado-de-meira-delmar-llega-al-festival-iberoamericano-de-teatro-con-el-apoyo-de-la-gobernacion-del-atlantico\/","title":{"rendered":"Legado de Meira Delmar llega al Festival Iberoamericano de Teatro, con el apoyo de la Gobernaci\u00f3n del Atl\u00e1ntico"},"content":{"rendered":"<p><strong>*Legado de Meira Delmar llega al Festival Iberoamericano de Teatro, con el apoyo de la Gobernaci\u00f3n del Atl\u00e1ntico<\/strong><\/p>\n<blockquote><p><strong>\u00abMeira Delmar es una de las voces que engrandece nuestra literatura, una voz poderosa que nos narra y nos invita a seguir apost\u00e1ndole a las letras de nuestro departamento. Durante este a\u00f1o, en el marco de su centenario, tendremos diferentes acciones art\u00edsticas en homenaje a su memoria\u00bb: Diana Acosta, secretaria de Cultura y Patrimonio.<\/strong><\/p><\/blockquote>\n<p><img loading=\"lazy\" decoding=\"async\" class=\"alignleft  wp-image-8524\" src=\"https:\/\/contrastes.com.co\/digital\/wp-content\/uploads\/2022\/03\/l-capitular.png\" alt=\"l capitular\" width=\"60\" height=\"60\" srcset=\"https:\/\/contrastes.com.co\/digital\/wp-content\/uploads\/2022\/03\/l-capitular.png 150w, https:\/\/contrastes.com.co\/digital\/wp-content\/uploads\/2022\/03\/l-capitular-60x60.png 60w\" sizes=\"auto, (max-width: 60px) 100vw, 60px\" \/>a Gobernaci\u00f3n del Atl\u00e1ntico, a trav\u00e9s de la Secretar\u00eda de Cultura y Patrimonio, se une a la conmemoraci\u00f3n del centenario del natalicio de la poetisa con la obra <strong>\u2018Yo, Meira Delmar: A nadie doy mi soledad\u2019<\/strong>, una producci\u00f3n de la Fundaci\u00f3n La Cueva que debuta en el FITB. Desde este martes 5 de abril, se realizar\u00e1n en el Teatro Arlequ\u00edn de Bogot\u00e1 las funciones de la obra escrita, dirigida y protagonizada por Maribel Abello junto a la joven actriz barranquillera Isabella G\u00f3mez. La programaci\u00f3n se extender\u00e1 hasta el s\u00e1bado 9 de abril.<\/p>\n<p>\u00abEstamos muy orgullosos de contar con una producci\u00f3n que destaca a esta mujer representativa en las letras del Atl\u00e1ntico. Es la primera vez que la obra y la historia de Meira Delmar llega al teatro y a un escenario de alto nivel, que re\u00fane lo mejor de las artes esc\u00e9nicas en Iberoam\u00e9rica\u201d, resalt\u00f3 la gobernadora del Atl\u00e1ntico, Elsa Noguera.<\/p>\n<p>La producci\u00f3n de teatro, que se preestren\u00f3 en el Carnaval Internacional de las Artes en Barranquilla, es una creaci\u00f3n colectiva que se ha gestado en La Cueva con la asesor\u00eda en la direcci\u00f3n de Yuldor Guti\u00e9rrez y Mauricio Mart\u00ednez. El proyecto tambi\u00e9n articula a la <strong>Fundaci\u00f3n La Cueva con el apoyo de la Fundaci\u00f3n Meira Delmar, la Gobernaci\u00f3n del Atl\u00e1ntico, la Universidad del Norte y la Universidad de los Ande<\/strong>s.<\/p>\n<p>\u00abMeira Delmar es una de las voces que engrandece nuestra literatura, una voz poderosa que nos narra y nos invita a seguir apost\u00e1ndole a las letras de nuestro departamento. Durante este a\u00f1o, en el marco de su centenario, tendremos diferentes acciones art\u00edsticas en homenaje a su memoria\u00bb, se\u00f1al\u00f3 la <strong>secretaria de Cultura y Patrimonio, Diana Acosta<\/strong>.<\/p>\n<p>Para <strong>Carolina Ethel, productora de la obra y directora de La Cueva<\/strong>, el centenario de Meira Delmar es la oportunidad perfecta para invitar, por fin, a Meira a habitar este espacio creado por Heriberto Fiorillo, que exalta la obra del Grupo de Barranquilla. \u00abEn los a\u00f1os 50 La Cueva no era un lugar para las mujeres. Con este proyecto de creaci\u00f3n colectiva estamos haciendo un poco de justicia po\u00e9tica para las creadoras\u00bb, agreg\u00f3 Ethel.<\/p>\n","protected":false},"excerpt":{"rendered":"<p>La Gobernaci\u00f3n del Atl\u00e1ntico, a trav\u00e9s de la Secretar\u00eda de Cultura y Patrimonio, se une a la conmemoraci\u00f3n del centenario del natalicio de la poetisa con la obra \u2018Yo, Meira Delmar: A nadie doy mi soledad\u2019, una producci\u00f3n de la Fundaci\u00f3n La Cueva que debuta en el FITB.<\/p>\n","protected":false},"author":1,"featured_media":8754,"comment_status":"open","ping_status":"open","sticky":false,"template":"","format":"standard","meta":{"footnotes":""},"categories":[64,2148,6,2563],"tags":[5220,2001,2547,5221,30,5218,5219,183,5222,3850],"class_list":["post-8753","post","type-post","status-publish","format-standard","has-post-thumbnail","hentry","category-cultura","category-eventos","category-region","category-teatro","tag-apoyo","tag-diana-acosta","tag-fundacion-la-cueva","tag-fundacion-meira-delmar","tag-gobernacion-del-atlantico","tag-legado","tag-meira-delmar-festival-iberoamericano-de-teatro","tag-secretaria-de-cultura-y-patrimonio","tag-universidad-de-los-andes","tag-universidad-del-norte"],"_links":{"self":[{"href":"https:\/\/contrastes.com.co\/digital\/wp-json\/wp\/v2\/posts\/8753","targetHints":{"allow":["GET"]}}],"collection":[{"href":"https:\/\/contrastes.com.co\/digital\/wp-json\/wp\/v2\/posts"}],"about":[{"href":"https:\/\/contrastes.com.co\/digital\/wp-json\/wp\/v2\/types\/post"}],"author":[{"embeddable":true,"href":"https:\/\/contrastes.com.co\/digital\/wp-json\/wp\/v2\/users\/1"}],"replies":[{"embeddable":true,"href":"https:\/\/contrastes.com.co\/digital\/wp-json\/wp\/v2\/comments?post=8753"}],"version-history":[{"count":1,"href":"https:\/\/contrastes.com.co\/digital\/wp-json\/wp\/v2\/posts\/8753\/revisions"}],"predecessor-version":[{"id":8755,"href":"https:\/\/contrastes.com.co\/digital\/wp-json\/wp\/v2\/posts\/8753\/revisions\/8755"}],"wp:featuredmedia":[{"embeddable":true,"href":"https:\/\/contrastes.com.co\/digital\/wp-json\/wp\/v2\/media\/8754"}],"wp:attachment":[{"href":"https:\/\/contrastes.com.co\/digital\/wp-json\/wp\/v2\/media?parent=8753"}],"wp:term":[{"taxonomy":"category","embeddable":true,"href":"https:\/\/contrastes.com.co\/digital\/wp-json\/wp\/v2\/categories?post=8753"},{"taxonomy":"post_tag","embeddable":true,"href":"https:\/\/contrastes.com.co\/digital\/wp-json\/wp\/v2\/tags?post=8753"}],"curies":[{"name":"wp","href":"https:\/\/api.w.org\/{rel}","templated":true}]}}