{"id":8892,"date":"2022-04-18T17:20:34","date_gmt":"2022-04-18T22:20:34","guid":{"rendered":"https:\/\/contrastes.com.co\/digital\/?p=8892"},"modified":"2022-04-18T17:20:34","modified_gmt":"2022-04-18T22:20:34","slug":"ideam-pronostica-lluvias-con-intensidad-en-barranquilla-y-soledad","status":"publish","type":"post","link":"https:\/\/contrastes.com.co\/digital\/ideam-pronostica-lluvias-con-intensidad-en-barranquilla-y-soledad\/","title":{"rendered":"Ideam pronostica lluvias con intensidad en Barranquilla y Soledad"},"content":{"rendered":"<p><strong>*Ideam pronostica lluvias con intensidad en Barranquilla y Soledad<\/strong><\/p>\n<blockquote><p><strong>\u201cEn Barranquilla se presentar\u00e1n lloviznas en la noche e intensidad de lluvia del mi\u00e9rcoles al viernes\u201d<\/strong><\/p><\/blockquote>\n<p><img loading=\"lazy\" decoding=\"async\" class=\"alignleft  wp-image-8529\" src=\"https:\/\/contrastes.com.co\/digital\/wp-content\/uploads\/2022\/03\/e-capitular.png\" alt=\"e capitular\" width=\"63\" height=\"63\" srcset=\"https:\/\/contrastes.com.co\/digital\/wp-content\/uploads\/2022\/03\/e-capitular.png 150w, https:\/\/contrastes.com.co\/digital\/wp-content\/uploads\/2022\/03\/e-capitular-60x60.png 60w\" sizes=\"auto, (max-width: 63px) 100vw, 63px\" \/>l Instituto de Hidrolog\u00eda, Meteorolog\u00eda y Estudios Ambientales, por sus siglas IDEAM, confirm\u00f3 la inminente llegada de la temporada invernal a Barranquilla y su \u00e1rea metropolitana por lo que la ciudadan\u00eda debe estar atenta a las precipitaciones que se esperan durante toda esta semana y tomar la medidas de prevenci\u00f3n que se requieran.<\/p>\n<p>Ya durante las lluvias de la noche de este domingo y a madrugada del lunes quedaron sin luz varios sectores de Barranquilla, entre ellos Para\u00edso, La Concepci\u00f3n, San Salvador, Villa Santos, Montecristo y Villa Campestre.<\/p>\n<p>El Ideam, a trav\u00e9s del meteor\u00f3logo Diego Su\u00e1rez, confirm\u00f3 este lunes la llegada de la temporada de lluvias en Atl\u00e1ntico y Barranquilla. \u201cEn Barranquilla se presentar\u00e1n lloviznas en la noche e intensidad de lluvia del mi\u00e9rcoles al viernes\u201d.<\/p>\n<p>Conforme a varios portales web especializados en el tema, para Barranquilla y el municipio de Soledad se pronostican lluvias a partir del martes 19 de abril, mientras que en el resto de departamentos de la Regi\u00f3n tambi\u00e9n se registrar\u00e1n lluvias.<\/p>\n","protected":false},"excerpt":{"rendered":"<p>El Instituto de Hidrolog\u00eda, Meteorolog\u00eda y Estudios Ambientales, por sus siglas IDEAM, confirm\u00f3 la inminente llegada de la temporada invernal a Barranquilla y su \u00e1rea metropolitana por lo que la ciudadan\u00eda debe estar atenta a las precipitaciones que se esperan durante toda esta semana y tomar la medidas de prevenci\u00f3n que se requieran.<\/p>\n","protected":false},"author":1,"featured_media":8893,"comment_status":"open","ping_status":"open","sticky":false,"template":"","format":"standard","meta":{"footnotes":""},"categories":[1590,2,6],"tags":[224,257,321,38,320],"class_list":["post-8892","post","type-post","status-publish","format-standard","has-post-thumbnail","hentry","category-emergencias-y-desastres","category-locales","category-region","tag-distrito-de-barranquilla","tag-ideam","tag-lluvias","tag-municipio-de-soledad","tag-temporada-invernal"],"_links":{"self":[{"href":"https:\/\/contrastes.com.co\/digital\/wp-json\/wp\/v2\/posts\/8892","targetHints":{"allow":["GET"]}}],"collection":[{"href":"https:\/\/contrastes.com.co\/digital\/wp-json\/wp\/v2\/posts"}],"about":[{"href":"https:\/\/contrastes.com.co\/digital\/wp-json\/wp\/v2\/types\/post"}],"author":[{"embeddable":true,"href":"https:\/\/contrastes.com.co\/digital\/wp-json\/wp\/v2\/users\/1"}],"replies":[{"embeddable":true,"href":"https:\/\/contrastes.com.co\/digital\/wp-json\/wp\/v2\/comments?post=8892"}],"version-history":[{"count":1,"href":"https:\/\/contrastes.com.co\/digital\/wp-json\/wp\/v2\/posts\/8892\/revisions"}],"predecessor-version":[{"id":8894,"href":"https:\/\/contrastes.com.co\/digital\/wp-json\/wp\/v2\/posts\/8892\/revisions\/8894"}],"wp:featuredmedia":[{"embeddable":true,"href":"https:\/\/contrastes.com.co\/digital\/wp-json\/wp\/v2\/media\/8893"}],"wp:attachment":[{"href":"https:\/\/contrastes.com.co\/digital\/wp-json\/wp\/v2\/media?parent=8892"}],"wp:term":[{"taxonomy":"category","embeddable":true,"href":"https:\/\/contrastes.com.co\/digital\/wp-json\/wp\/v2\/categories?post=8892"},{"taxonomy":"post_tag","embeddable":true,"href":"https:\/\/contrastes.com.co\/digital\/wp-json\/wp\/v2\/tags?post=8892"}],"curies":[{"name":"wp","href":"https:\/\/api.w.org\/{rel}","templated":true}]}}