{"id":8937,"date":"2022-03-01T17:03:44","date_gmt":"2022-03-01T22:03:44","guid":{"rendered":"https:\/\/contrastes.com.co\/digital\/?p=8937"},"modified":"2022-04-19T17:14:01","modified_gmt":"2022-04-19T22:14:01","slug":"programa-de-subsidios-vivienda-para-la-gente-llega-a-soledad","status":"publish","type":"post","link":"https:\/\/contrastes.com.co\/digital\/programa-de-subsidios-vivienda-para-la-gente-llega-a-soledad\/","title":{"rendered":"Programa de subsidios &#8216;Vivienda Para La Gente&#8217; llega a Soledad"},"content":{"rendered":"<p><strong>Programa de subsidios &#8216;Vivienda Para La Gente&#8217; llega a Soledad<\/strong><\/p>\n<blockquote><p><strong>En total ser\u00e1n 1.600 subsidios de vivienda de inter\u00e9s prioritaria que estar\u00e1n disponibles para las familias que deseen adquirir vivienda propia en este a\u00f1o 2022.<\/strong><\/p><\/blockquote>\n<p>El alcalde de Soledad, Rodolfo Ucr\u00f3s Rosales, acompa\u00f1\u00f3 el lanzamiento del programa de la Gobernaci\u00f3n del Atl\u00e1ntico #ViviendaParaLaGente que ofrece un total de 1.600 subsidios de viviendas para habitantes tanto del municipio de Soledad como para el distrito de Barranquilla.<\/p>\n<figure id=\"attachment_8939\" aria-describedby=\"caption-attachment-8939\" style=\"width: 1200px\" class=\"wp-caption aligncenter\"><img loading=\"lazy\" decoding=\"async\" class=\"wp-image-8939 size-full\" src=\"https:\/\/contrastes.com.co\/digital\/wp-content\/uploads\/2022\/04\/rodolfoelsa.jpg\" alt=\"rodolfo-elsa\" width=\"1200\" height=\"783\" srcset=\"https:\/\/contrastes.com.co\/digital\/wp-content\/uploads\/2022\/04\/rodolfoelsa.jpg 1200w, https:\/\/contrastes.com.co\/digital\/wp-content\/uploads\/2022\/04\/rodolfoelsa-300x196.jpg 300w, https:\/\/contrastes.com.co\/digital\/wp-content\/uploads\/2022\/04\/rodolfoelsa-1024x668.jpg 1024w, https:\/\/contrastes.com.co\/digital\/wp-content\/uploads\/2022\/04\/rodolfoelsa-768x501.jpg 768w\" sizes=\"auto, (max-width: 1200px) 100vw, 1200px\" \/><figcaption id=\"caption-attachment-8939\" class=\"wp-caption-text\">En total ser\u00e1n 1.600 subsidios de vivienda de inter\u00e9s prioritaria que estar\u00e1n disponibles para las familias que deseen adquirir vivienda propia en este a\u00f1o 2022.<\/figcaption><\/figure>\n","protected":false},"excerpt":{"rendered":"<p>El alcalde de Soledad, Rodolfo Ucr\u00f3s Rosales, acompa\u00f1\u00f3 el lanzamiento del programa de la Gobernaci\u00f3n del Atl\u00e1ntico #ViviendaParaLaGente que ofrece un total de 1.600 subsidios de viviendas para habitantes tanto del municipio de Soledad como para el distrito de Barranquilla.sub<\/p>\n","protected":false},"author":1,"featured_media":8938,"comment_status":"open","ping_status":"open","sticky":false,"template":"","format":"standard","meta":{"footnotes":""},"categories":[2,6,474],"tags":[31,30,1848,3843],"class_list":["post-8937","post","type-post","status-publish","format-standard","has-post-thumbnail","hentry","category-locales","category-region","category-vivienda","tag-elsa-noguera","tag-gobernacion-del-atlantico","tag-rodolfo-ucros-rosales","tag-subsidios-de-vivienda"],"_links":{"self":[{"href":"https:\/\/contrastes.com.co\/digital\/wp-json\/wp\/v2\/posts\/8937","targetHints":{"allow":["GET"]}}],"collection":[{"href":"https:\/\/contrastes.com.co\/digital\/wp-json\/wp\/v2\/posts"}],"about":[{"href":"https:\/\/contrastes.com.co\/digital\/wp-json\/wp\/v2\/types\/post"}],"author":[{"embeddable":true,"href":"https:\/\/contrastes.com.co\/digital\/wp-json\/wp\/v2\/users\/1"}],"replies":[{"embeddable":true,"href":"https:\/\/contrastes.com.co\/digital\/wp-json\/wp\/v2\/comments?post=8937"}],"version-history":[{"count":1,"href":"https:\/\/contrastes.com.co\/digital\/wp-json\/wp\/v2\/posts\/8937\/revisions"}],"predecessor-version":[{"id":8940,"href":"https:\/\/contrastes.com.co\/digital\/wp-json\/wp\/v2\/posts\/8937\/revisions\/8940"}],"wp:featuredmedia":[{"embeddable":true,"href":"https:\/\/contrastes.com.co\/digital\/wp-json\/wp\/v2\/media\/8938"}],"wp:attachment":[{"href":"https:\/\/contrastes.com.co\/digital\/wp-json\/wp\/v2\/media?parent=8937"}],"wp:term":[{"taxonomy":"category","embeddable":true,"href":"https:\/\/contrastes.com.co\/digital\/wp-json\/wp\/v2\/categories?post=8937"},{"taxonomy":"post_tag","embeddable":true,"href":"https:\/\/contrastes.com.co\/digital\/wp-json\/wp\/v2\/tags?post=8937"}],"curies":[{"name":"wp","href":"https:\/\/api.w.org\/{rel}","templated":true}]}}