{"id":9002,"date":"2022-04-22T13:50:18","date_gmt":"2022-04-22T18:50:18","guid":{"rendered":"https:\/\/contrastes.com.co\/digital\/?p=9002"},"modified":"2022-04-22T13:50:18","modified_gmt":"2022-04-22T18:50:18","slug":"distrito-promueve-semana-de-la-seguridad-social-en-salud-para-la-poblacion-migrante","status":"publish","type":"post","link":"https:\/\/contrastes.com.co\/digital\/distrito-promueve-semana-de-la-seguridad-social-en-salud-para-la-poblacion-migrante\/","title":{"rendered":"Distrito promueve Semana de la Seguridad Social en Salud para la poblaci\u00f3n migrante"},"content":{"rendered":"<p><strong>*Distrito promueve Semana de la Seguridad Social en Salud para la poblaci\u00f3n migrante<\/strong><\/p>\n<blockquote><p><strong>\u201cNecesitamos que las poblaciones de todas las nacionalidades, en especial los amigos venezolanos que viven en Barranquilla, acudan a los sitios donde estar\u00e1 la jornada especial de la Semana de la Seguridad Social en Salud. Que reciban la atenci\u00f3n y orientaci\u00f3n requerida para su afiliaci\u00f3n al sistema de salud de Colombia\u00bb: Humberto Mendoza, secretario distrital de Salud, <\/strong><\/p><\/blockquote>\n<p><img loading=\"lazy\" decoding=\"async\" class=\"alignleft  wp-image-8758\" src=\"https:\/\/contrastes.com.co\/digital\/wp-content\/uploads\/2022\/04\/d-capitular.png\" alt=\"\" width=\"71\" height=\"71\" srcset=\"https:\/\/contrastes.com.co\/digital\/wp-content\/uploads\/2022\/04\/d-capitular.png 100w, https:\/\/contrastes.com.co\/digital\/wp-content\/uploads\/2022\/04\/d-capitular-60x60.png 60w\" sizes=\"auto, (max-width: 71px) 100vw, 71px\" \/>el 25 al 30 de abril, la <strong>Alcald\u00eda de Barranquilla, por intermedio de la Secretar\u00eda Distrital de Salud,<\/strong> realizar\u00e1 la Semana de la Cultura de la Seguridad Social en Salud, dirigida a la poblaci\u00f3n migrante que reside en diferentes sectores de la ciudad y a poblaci\u00f3n colombiana sin aseguramiento.<\/p>\n<p>La jornada se desarrollar\u00e1 en parques y canchas deportivas con la colaboraci\u00f3n de entidades como el Ministerio de Salud, Migraci\u00f3n Colombia, USAID, EPS y organizaciones no gubernamentales como GIFMM, Organizaciones de base Comunitarias -OBC, que promueven y amparan los derechos de los migrantes.<\/p>\n<p><strong>La Semana de la Cultura de la Seguridad Social,<\/strong> denominada \u201cEstamos Aqu\u00ed\u201d ser\u00e1 una nueva oportunidad para regularizar a la poblaci\u00f3n migrante venezolana y para que colombianos que no tengan vinculaci\u00f3n al sistema de salud puedan acceder a todos los beneficios en salud, educaci\u00f3n, recreaci\u00f3n, cultura, empleabilidad y emprendimiento con los que cuenta Barranquilla.<\/p>\n<p>Se realizar\u00e1n jornadas especiales para la oferta de servicios y orientaciones en el corregimiento La Playa, sector Villa Caracas y barrio Santa Mar\u00eda. Adicionalmente, se atender\u00e1 a la poblaci\u00f3n migrante para tr\u00e1mites de afiliaci\u00f3n en las sedes de las alcald\u00edas locales de Suroccidente, Suroriente y Metropolitana.<\/p>\n<p>\u201cNecesitamos que las poblaciones de todas las nacionalidades, en especial los amigos venezolanos que viven en Barranquilla, acudan a los sitios donde estar\u00e1 la jornada especial de la Semana de la Seguridad Social en Salud. Que reciban la atenci\u00f3n y orientaci\u00f3n requerida para su afiliaci\u00f3n al sistema de salud de Colombia y as\u00ed puedan ser cubiertos con todos los beneficios tanto de atenci\u00f3n, tratamientos y procedimientos. En Barranquilla para todos hay salud\u201d, manifest\u00f3 el <strong>secretario distrital de Salud, Humberto Mendoza<\/strong>.<\/p>\n<h3><strong>Cronograma de la jornada<\/strong><\/h3>\n<hr \/>\n<p><strong>Lunes 25 de abril:<\/strong> Inauguraci\u00f3n y Panel \u2018En Barranquilla, Todos estamos conectados con el Sistema de Salud\u2019, auditorio Universidad de la Costa, calle 58 # 55 \u2013 66, de 9:00 a 11:00 a.m.<\/p>\n<hr \/>\n<p><strong>Martes 26 de abril:<\/strong> Jornada Especial Semana de la Seguridad Social en Salud, corregimiento La Playa, calle 10 # 17 esquina, de 8:00 a.m. a 1:00 p.m.<\/p>\n<hr \/>\n<p><strong>Mi\u00e9rcoles 27 de abril:<\/strong> Jornada Especial Semana de la Seguridad Social en Salud, Megacolegio Santa Mar\u00eda, carrera 5 Sur No. 78B \u2013 80, de 8:00 a.m. a 1:00 p.m.<\/p>\n<hr \/>\n<p><strong>Jueves 28 de abril:<\/strong> Jornada Especial Semana de la Seguridad Social en Salud, sector Villa Caracas, de 8:00 a.m. a 1:00 p.m.<\/p>\n<hr \/>\n<p><strong>Viernes 29 de abril:<\/strong> Caravana promocional, sectores de Suroccidente, Suroriente y Metropolitana, de 8:00 a.m. a 2:00 p.m.<\/p>\n<hr \/>\n<p><strong>S\u00e1bado 30 de abril:<\/strong> Jornada Especial Semana de la Seguridad Social en Salud, Centro de Integraci\u00f3n Local para Migrantes, de 8:00 a.m. a 1:00 p.m.<\/p>\n<hr \/>\n<p><em><strong>Entre los servicios ofertados figuran<\/strong><\/em> la entrega del PPT; Biometr\u00edas; Fomento de los derechos y deberes en salud; Actividades l\u00fadicas, deportivas, recreativas y culturales; Orientaci\u00f3n jur\u00eddica y acceso a programas migrantes; 6. Caracterizaci\u00f3n para emprendimiento y competencias (Sena); Festival gastron\u00f3mico; Focalizaci\u00f3n Sisb\u00e9n; Afiliaci\u00f3n y actualizaciones en salud; Asesor\u00edas en empleabilidad y emprendimiento; Jornada de promoci\u00f3n de la salud y prevenci\u00f3n de enfermedades; Vacunaci\u00f3n PAI y covid-19; Salud oral; Desparasitaci\u00f3n; Salud sexual y reproductiva; Salud mental; Enfermedades transmitidas por vectores; Atenci\u00f3n pediatr\u00eda, optometr\u00eda, dermatolog\u00eda e implantes subd\u00e9rmicos as\u00ed como la entrega de medicamentos gen\u00e9ricos.<\/p>\n","protected":false},"excerpt":{"rendered":"<p>Del 25 al 30 de abril, la Alcald\u00eda de Barranquilla, por intermedio de la Secretar\u00eda Distrital de Salud, realizar\u00e1 la Semana de la Cultura de la Seguridad Social en Salud, dirigida a la poblaci\u00f3n migrante que reside en diferentes sectores de la ciudad y a poblaci\u00f3n colombiana sin aseguramiento.<\/p>\n","protected":false},"author":1,"featured_media":9003,"comment_status":"open","ping_status":"open","sticky":false,"template":"","format":"standard","meta":{"footnotes":""},"categories":[2920,3373,6,268],"tags":[535,224,2433,1310,5441,5442,5440],"class_list":["post-9002","post","type-post","status-publish","format-standard","has-post-thumbnail","hentry","category-gestion-humana","category-migracion","category-region","category-salud","tag-alcaldia-de-barranquilla","tag-distrito-de-barranquilla","tag-humberto-mendoza","tag-poblacion-migrante","tag-secretaria-distrital-de-salud","tag-secretario-distrital-de-salud","tag-semana-de-la-seguridad-social-en-salud"],"_links":{"self":[{"href":"https:\/\/contrastes.com.co\/digital\/wp-json\/wp\/v2\/posts\/9002","targetHints":{"allow":["GET"]}}],"collection":[{"href":"https:\/\/contrastes.com.co\/digital\/wp-json\/wp\/v2\/posts"}],"about":[{"href":"https:\/\/contrastes.com.co\/digital\/wp-json\/wp\/v2\/types\/post"}],"author":[{"embeddable":true,"href":"https:\/\/contrastes.com.co\/digital\/wp-json\/wp\/v2\/users\/1"}],"replies":[{"embeddable":true,"href":"https:\/\/contrastes.com.co\/digital\/wp-json\/wp\/v2\/comments?post=9002"}],"version-history":[{"count":1,"href":"https:\/\/contrastes.com.co\/digital\/wp-json\/wp\/v2\/posts\/9002\/revisions"}],"predecessor-version":[{"id":9004,"href":"https:\/\/contrastes.com.co\/digital\/wp-json\/wp\/v2\/posts\/9002\/revisions\/9004"}],"wp:featuredmedia":[{"embeddable":true,"href":"https:\/\/contrastes.com.co\/digital\/wp-json\/wp\/v2\/media\/9003"}],"wp:attachment":[{"href":"https:\/\/contrastes.com.co\/digital\/wp-json\/wp\/v2\/media?parent=9002"}],"wp:term":[{"taxonomy":"category","embeddable":true,"href":"https:\/\/contrastes.com.co\/digital\/wp-json\/wp\/v2\/categories?post=9002"},{"taxonomy":"post_tag","embeddable":true,"href":"https:\/\/contrastes.com.co\/digital\/wp-json\/wp\/v2\/tags?post=9002"}],"curies":[{"name":"wp","href":"https:\/\/api.w.org\/{rel}","templated":true}]}}