{"id":9011,"date":"2022-04-22T14:25:20","date_gmt":"2022-04-22T19:25:20","guid":{"rendered":"https:\/\/contrastes.com.co\/digital\/?p=9011"},"modified":"2022-04-22T14:37:07","modified_gmt":"2022-04-22T19:37:07","slug":"gobernacion-del-atlantico-entrega-recomendaciones-para-la-temporada-de-lluvias","status":"publish","type":"post","link":"https:\/\/contrastes.com.co\/digital\/gobernacion-del-atlantico-entrega-recomendaciones-para-la-temporada-de-lluvias\/","title":{"rendered":"Gobernaci\u00f3n del Atl\u00e1ntico entrega recomendaciones para la temporada de lluvias"},"content":{"rendered":"<p><strong>*Gobernaci\u00f3n del Atl\u00e1ntico entrega recomendaciones para la temporada de lluvias.<\/strong><\/p>\n<blockquote><p><strong>En caso de alguna eventualidad, pueden comunicarse marcando al 132 de la Cruz Roja, 144 Defensa Civil, Bomberos 119, Emergencia Nacional y Polic\u00eda 123, Polic\u00eda de Tr\u00e1nsito y Trasporte #767.<\/strong><\/p><\/blockquote>\n<p><img loading=\"lazy\" decoding=\"async\" class=\"alignleft wp-image-8524\" src=\"https:\/\/contrastes.com.co\/digital\/wp-content\/uploads\/2022\/03\/l-capitular.png\" alt=\"l capitular\" width=\"62\" height=\"62\" srcset=\"https:\/\/contrastes.com.co\/digital\/wp-content\/uploads\/2022\/03\/l-capitular.png 150w, https:\/\/contrastes.com.co\/digital\/wp-content\/uploads\/2022\/03\/l-capitular-60x60.png 60w\" sizes=\"auto, (max-width: 62px) 100vw, 62px\" \/>a <strong>Gobernaci\u00f3n del Atl\u00e1ntico, a trav\u00e9s de la Subsecretar\u00eda de Prevenci\u00f3n y Atenci\u00f3n de Desastres<\/strong>, hizo una serie de recomendaciones a la comunidad frente a la temporada de lluvias pronosticada por el Ideam. \u201cEstamos en la primera temporada de lluvias, que se inici\u00f3 a mediados de marzo y se extender\u00e1 hasta el mes de junio. Queremos resaltar la labor que vienen desempe\u00f1ando los alcaldes junto con los <strong>consejos municipales de Gesti\u00f3n del Riesgo<\/strong> en la atenci\u00f3n de las situaciones que se vienen presentando en cada uno de nuestros municipios\u201d, dijo la <strong>subsecretaria de Prevenci\u00f3n y Atenci\u00f3n de Desastres, Candelaria Hern\u00e1ndez<\/strong>.<\/p>\n<p>La funcionaria manifest\u00f3 que el <strong>Ideam y la Dimar<\/strong> constantemente emiten circulares que son transmitidas a los coordinadores municipales, con la finalidad de que ellos est\u00e9n informados y mantengan atentos a los Consejos Municipales de Gesti\u00f3n del Riesgo y activen sus planes de emergencias para atender cualquier situaci\u00f3n que se pueda presentar.<\/p>\n<p>Entre las recomendaciones entregadas por Hern\u00e1ndez a la comunidad se encuentran: no exponerse en zonas de riesgo de deslizamiento e inundaci\u00f3n, as\u00ed como evitar arrojar basura y otro tipo de elementos a los arroyos, r\u00edos y quebradas, debido a que pueden producir represamientos.<\/p>\n<p><img loading=\"lazy\" decoding=\"async\" class=\"size-full wp-image-9017 aligncenter\" src=\"https:\/\/contrastes.com.co\/digital\/wp-content\/uploads\/2022\/04\/recomendaciones.jpg\" alt=\"recomendacioneslluvia gob\" width=\"1200\" height=\"1200\" srcset=\"https:\/\/contrastes.com.co\/digital\/wp-content\/uploads\/2022\/04\/recomendaciones.jpg 1200w, https:\/\/contrastes.com.co\/digital\/wp-content\/uploads\/2022\/04\/recomendaciones-300x300.jpg 300w, https:\/\/contrastes.com.co\/digital\/wp-content\/uploads\/2022\/04\/recomendaciones-1024x1024.jpg 1024w, https:\/\/contrastes.com.co\/digital\/wp-content\/uploads\/2022\/04\/recomendaciones-150x150.jpg 150w, https:\/\/contrastes.com.co\/digital\/wp-content\/uploads\/2022\/04\/recomendaciones-768x768.jpg 768w, https:\/\/contrastes.com.co\/digital\/wp-content\/uploads\/2022\/04\/recomendaciones-60x60.jpg 60w, https:\/\/contrastes.com.co\/digital\/wp-content\/uploads\/2022\/04\/recomendaciones-600x600.jpg 600w\" sizes=\"auto, (max-width: 1200px) 100vw, 1200px\" \/><\/p>\n<p>La Subsecretaria tambi\u00e9n recomienda no desviar ni taponar ca\u00f1os o desag\u00fces, hacer mantenimiento de las cubiertas, goteras y fallas estructurales, con el fin de evitar que se filtre el agua en las viviendas.<\/p>\n<p>\u201cEs necesario que aseguren bien sus techos, tejas y l\u00e1minas de zinc, para evitar que estos sean arrastrados por la fuerza de vientos intensos\u201d, agreg\u00f3 Hern\u00e1ndez.<\/p>\n<p>De igual manera, se debe evitar conducir cuando est\u00e9 lloviendo, pues las precipitaciones disminuyen la visibilidad y se incrementa el riesgo de accidentalidad y siniestralidad.<\/p>\n<p>La funcionaria invit\u00f3 a estar atentos a las tormentas el\u00e9ctricas y evitar ubicarse a campo abierto cuando estas se presentan. As\u00ed mismo, tener precauci\u00f3n durante paseos o salidas a r\u00edos y quebradas y que, si empieza a llover y se observa cambio en el cauce o sonidos fuertes, alejarse, debido a que pueden presentarse crecientes s\u00fabitas.<\/p>\n<p>La administraci\u00f3n departamental sugiere a los habitantes del Atl\u00e1ntico conocer e identificar los n\u00fameros de emergencias y tenerlos a la mano, para poder actuar con rapidez en caso de alg\u00fan suceso inesperado.<\/p>\n<p>En caso de alguna eventualidad, pueden comunicarse marcando al 132 de la Cruz Roja, 144 Defensa Civil, Bomberos 119, Emergencia Nacional y Polic\u00eda 123, Polic\u00eda de Tr\u00e1nsito y Trasporte #767.<\/p>\n","protected":false},"excerpt":{"rendered":"<p>La Gobernaci\u00f3n del Atl\u00e1ntico, a trav\u00e9s de la Subsecretar\u00eda de Prevenci\u00f3n y Atenci\u00f3n de Desastres, hizo una serie de recomendaciones a la comunidad frente a la temporada de lluvias pronosticada por el Ideam. \u201cEstamos en la primera temporada de lluvias, que se inici\u00f3 a mediados de marzo y se extender\u00e1 hasta el mes de junio. Queremos resaltar la labor que vienen desempe\u00f1ando los alcaldes junto con los consejos municipales de Gesti\u00f3n del Riesgo en la atenci\u00f3n de las situaciones que se vienen presentando en cada uno de nuestros municipios\u201d, dijo la subsecretaria de Prevenci\u00f3n y Atenci\u00f3n de Desastres, Candelaria Hern\u00e1ndez.<\/p>\n","protected":false},"author":1,"featured_media":9012,"comment_status":"open","ping_status":"open","sticky":false,"template":"","format":"standard","meta":{"footnotes":""},"categories":[1590,301,6],"tags":[410,5447,3637,1594,30,257,419,411,320],"class_list":["post-9011","post","type-post","status-publish","format-standard","has-post-thumbnail","hentry","category-emergencias-y-desastres","category-medio-ambiente","category-region","tag-candelaria-hernandez","tag-consejos-municipales-de-gestion-del-riesgo","tag-dimar","tag-emergencias-por-lluvias","tag-gobernacion-del-atlantico","tag-ideam","tag-recomendaciones","tag-subsecretaria-de-prevencion-y-atencion-de-desastres","tag-temporada-invernal"],"_links":{"self":[{"href":"https:\/\/contrastes.com.co\/digital\/wp-json\/wp\/v2\/posts\/9011","targetHints":{"allow":["GET"]}}],"collection":[{"href":"https:\/\/contrastes.com.co\/digital\/wp-json\/wp\/v2\/posts"}],"about":[{"href":"https:\/\/contrastes.com.co\/digital\/wp-json\/wp\/v2\/types\/post"}],"author":[{"embeddable":true,"href":"https:\/\/contrastes.com.co\/digital\/wp-json\/wp\/v2\/users\/1"}],"replies":[{"embeddable":true,"href":"https:\/\/contrastes.com.co\/digital\/wp-json\/wp\/v2\/comments?post=9011"}],"version-history":[{"count":2,"href":"https:\/\/contrastes.com.co\/digital\/wp-json\/wp\/v2\/posts\/9011\/revisions"}],"predecessor-version":[{"id":9018,"href":"https:\/\/contrastes.com.co\/digital\/wp-json\/wp\/v2\/posts\/9011\/revisions\/9018"}],"wp:featuredmedia":[{"embeddable":true,"href":"https:\/\/contrastes.com.co\/digital\/wp-json\/wp\/v2\/media\/9012"}],"wp:attachment":[{"href":"https:\/\/contrastes.com.co\/digital\/wp-json\/wp\/v2\/media?parent=9011"}],"wp:term":[{"taxonomy":"category","embeddable":true,"href":"https:\/\/contrastes.com.co\/digital\/wp-json\/wp\/v2\/categories?post=9011"},{"taxonomy":"post_tag","embeddable":true,"href":"https:\/\/contrastes.com.co\/digital\/wp-json\/wp\/v2\/tags?post=9011"}],"curies":[{"name":"wp","href":"https:\/\/api.w.org\/{rel}","templated":true}]}}