{"id":9045,"date":"2022-04-26T17:13:02","date_gmt":"2022-04-26T22:13:02","guid":{"rendered":"https:\/\/contrastes.com.co\/digital\/?p=9045"},"modified":"2022-04-26T17:13:02","modified_gmt":"2022-04-26T22:13:02","slug":"los-pasajeros-que-llevaba-de-parrilleros-le-dispararon-en-el-barrio-ferrocarril","status":"publish","type":"post","link":"https:\/\/contrastes.com.co\/digital\/los-pasajeros-que-llevaba-de-parrilleros-le-dispararon-en-el-barrio-ferrocarril\/","title":{"rendered":"Los pasajeros que llevaba de parrilleros le dispararon en el barrio Ferrocarril"},"content":{"rendered":"<p><strong>*Hieren a bala a mototaxista en el barrio Ferrocarril: fue atacado por 2 parrilleros que llevaba<\/strong><\/p>\n<blockquote><p><strong>Testigos aseguraron a la Polic\u00eda que los parrilleros empezaron a discutir con el mototaxista y de un momento a otro uno de estos sac\u00f3 un arma y le dispar\u00f3 <\/strong><\/p><\/blockquote>\n<p><img loading=\"lazy\" decoding=\"async\" class=\"alignleft  wp-image-8657\" src=\"https:\/\/contrastes.com.co\/digital\/wp-content\/uploads\/2022\/03\/u-capitular.png\" alt=\"u capitular\" width=\"60\" height=\"60\" srcset=\"https:\/\/contrastes.com.co\/digital\/wp-content\/uploads\/2022\/03\/u-capitular.png 100w, https:\/\/contrastes.com.co\/digital\/wp-content\/uploads\/2022\/03\/u-capitular-60x60.png 60w\" sizes=\"auto, (max-width: 60px) 100vw, 60px\" \/>n mototaxista result\u00f3 herido a bala en la noche del lunes en la calle 25B con carrera 23, barrio Ferrocarril de Soledad. El herido fue identificado como Lisandro Manuel Hern\u00e1ndez Tara, de 21 a\u00f1os, quien conduc\u00eda una moto marca Suzuki negra y lleg\u00f3 a la mencionada direcci\u00f3n con dos hombres que llevaba de parrilleros.<\/p>\n<p>Testigos aseguraron a la Polic\u00eda que los parrilleros empezaron a discutir con el mototaxista y de un momento a otro uno de estos sac\u00f3 un arma y le dispar\u00f3 a Hern\u00e1ndez Tara, quien fue impactado en la clav\u00edcula izquierda. Los agresores emprendieron la huida y el mototaxista fue auxiliado por vecinos, quienes lo llevaron al Hospital 13 de Junio de Soledad y luego remitido al Hospital Universidad del Norte.<\/p>\n","protected":false},"excerpt":{"rendered":"<p>Un mototaxista result\u00f3 herido a bala en la noche del lunes en la calle 25B con carrera 23, barrio Ferrocarril de Soledad. El herido fue identificado como Lisandro Manuel Hern\u00e1ndez Tara, de 21 a\u00f1os, quien conduc\u00eda una moto marca Suzuki negra y lleg\u00f3 a la mencionada direcci\u00f3n con dos hombres que llevaba de parrilleros.<\/p>\n","protected":false},"author":1,"featured_media":9046,"comment_status":"open","ping_status":"open","sticky":false,"template":"","format":"standard","meta":{"footnotes":""},"categories":[10,2],"tags":[5443,3641,5476,38],"class_list":["post-9045","post","type-post","status-publish","format-standard","has-post-thumbnail","hentry","category-judicial","category-locales","tag-ataque-a-bala","tag-barrio-el-ferrocarril","tag-mototaxista","tag-municipio-de-soledad"],"_links":{"self":[{"href":"https:\/\/contrastes.com.co\/digital\/wp-json\/wp\/v2\/posts\/9045","targetHints":{"allow":["GET"]}}],"collection":[{"href":"https:\/\/contrastes.com.co\/digital\/wp-json\/wp\/v2\/posts"}],"about":[{"href":"https:\/\/contrastes.com.co\/digital\/wp-json\/wp\/v2\/types\/post"}],"author":[{"embeddable":true,"href":"https:\/\/contrastes.com.co\/digital\/wp-json\/wp\/v2\/users\/1"}],"replies":[{"embeddable":true,"href":"https:\/\/contrastes.com.co\/digital\/wp-json\/wp\/v2\/comments?post=9045"}],"version-history":[{"count":1,"href":"https:\/\/contrastes.com.co\/digital\/wp-json\/wp\/v2\/posts\/9045\/revisions"}],"predecessor-version":[{"id":9047,"href":"https:\/\/contrastes.com.co\/digital\/wp-json\/wp\/v2\/posts\/9045\/revisions\/9047"}],"wp:featuredmedia":[{"embeddable":true,"href":"https:\/\/contrastes.com.co\/digital\/wp-json\/wp\/v2\/media\/9046"}],"wp:attachment":[{"href":"https:\/\/contrastes.com.co\/digital\/wp-json\/wp\/v2\/media?parent=9045"}],"wp:term":[{"taxonomy":"category","embeddable":true,"href":"https:\/\/contrastes.com.co\/digital\/wp-json\/wp\/v2\/categories?post=9045"},{"taxonomy":"post_tag","embeddable":true,"href":"https:\/\/contrastes.com.co\/digital\/wp-json\/wp\/v2\/tags?post=9045"}],"curies":[{"name":"wp","href":"https:\/\/api.w.org\/{rel}","templated":true}]}}