{"id":9057,"date":"2022-04-26T17:30:49","date_gmt":"2022-04-26T22:30:49","guid":{"rendered":"https:\/\/contrastes.com.co\/digital\/?p=9057"},"modified":"2022-04-26T17:30:49","modified_gmt":"2022-04-26T22:30:49","slug":"intervencion-en-las-moras-garantiza-890-metros-en-adecuacion-de-vias","status":"publish","type":"post","link":"https:\/\/contrastes.com.co\/digital\/intervencion-en-las-moras-garantiza-890-metros-en-adecuacion-de-vias\/","title":{"rendered":"Intervenci\u00f3n en Las Moras garantiza 890 metros en adecuaci\u00f3n de v\u00edas"},"content":{"rendered":"<p><strong>*Intervenci\u00f3n en Las Moras garantiza 890 metros en adecuaci\u00f3n de v\u00edas<\/strong><\/p>\n<blockquote><p><strong>\u00abTenemos un buen ritmo en el desarrollo de las obras de pavimentaci\u00f3n que se adelantan en distintos sectores. En Las Moras mejorar\u00e1 la movilidad y la calidad de vida de los habitantes\u00bb: Rodolfo Ucr\u00f3s Rosales.<\/strong><\/p><\/blockquote>\n<p><img loading=\"lazy\" decoding=\"async\" class=\"alignleft  wp-image-8657\" src=\"https:\/\/contrastes.com.co\/digital\/wp-content\/uploads\/2022\/03\/u-capitular.png\" alt=\"u capitular\" width=\"55\" height=\"55\" srcset=\"https:\/\/contrastes.com.co\/digital\/wp-content\/uploads\/2022\/03\/u-capitular.png 100w, https:\/\/contrastes.com.co\/digital\/wp-content\/uploads\/2022\/03\/u-capitular-60x60.png 60w\" sizes=\"auto, (max-width: 55px) 100vw, 55px\" \/>n total de 890 metros lineales de v\u00edas ser\u00e1n entregados al<strong> barrio Las Moras, en el noroccidente de Soledad<\/strong>, por parte de la alcald\u00eda municipal dentro de un plan de obras que mejorar\u00e1n la calidad de vida de la comunidad.<\/p>\n<p>El barrio Las Moras se beneficia de dos programas de pavimentaci\u00f3n, siendo el primero de ellos el denominado <strong>\u00abPacto por mi barrio\u00bb,<\/strong> que comprende los trabajos de las calles 58D y 59A, desde la carrera 17 hasta la carrera 18, contemplando 200 metros de rehabilitaci\u00f3n de la malla vial.<\/p>\n<p>El<strong> alcalde de Soledad, Rodolfo Ucr\u00f3s Rosales<\/strong>, visit\u00f3 el sector para supervisar los avances de las obras. \u00abTenemos un buen ritmo en el desarrollo de las obras de pavimentaci\u00f3n que se adelantan en distintos sectores. En Las Moras mejorar\u00e1 la movilidad y la calidad de vida de los habitantes\u00bb, expres\u00f3 el mandatario.<\/p>\n<p>Por otra parte, Ucr\u00f3s Rosales anunci\u00f3 los trabajos de rehabilitaci\u00f3n de la carrera 17, entre la prolongaci\u00f3n Avenida Murillo y el barrio La Viola, que suman 630 metros lineales de pavimento. Los trabajos est\u00e1n incluidos dentro del programa denominado \u00abConstrucci\u00f3n y Mejoramiento de la Red Vial\u201d.<\/p>\n<p>El secretario de Obras P\u00fablicas, Jaider Molina, reiter\u00f3 el compromiso de la administraci\u00f3n con el mejoramiento de la malla vial. \u00abTenemos varios frentes de trabajo y seguiremos visitando diferentes sectores para socializar las obras\u00bb, se\u00f1al\u00f3 el funcionario<\/p>\n<p><strong>&#8216;Pacto por mi Barrio&#8217;<\/strong> tiene destinada una inversi\u00f3n de 1.138 millones de pesos para la totalidad del proyecto. Mientras que el programa <strong>&#8216;Construcci\u00f3n y Mejoramiento de la Red Vial&#8217;<\/strong> contempla aproximadamente 44 mil millones de pesos.<\/p>\n","protected":false},"excerpt":{"rendered":"<p>Un total de 890 metros lineales de v\u00edas ser\u00e1n entregados al barrio Las Moras, en el noroccidente de Soledad, por parte de la alcald\u00eda municipal dentro de un plan de obras que mejorar\u00e1n la calidad de vida de la comunidad.<\/p>\n","protected":false},"author":1,"featured_media":9058,"comment_status":"open","ping_status":"open","sticky":false,"template":"","format":"standard","meta":{"footnotes":""},"categories":[896,2,3542,1364],"tags":[5492,131,4790,38,1010,4940,1263,1848,587],"class_list":["post-9057","post","type-post","status-publish","format-standard","has-post-thumbnail","hentry","category-infraestructura","category-locales","category-obras-publicas","category-vias-y-movilidad","tag-construccion-y-mejoramiento-de-la-red-vial","tag-alcalde-de-soledad","tag-barrio-las-moras","tag-municipio-de-soledad","tag-noroccidente-de-soledad","tag-pacto-por-mi-barrio","tag-pavimentacion-de-vias","tag-rodolfo-ucros-rosales","tag-vias"],"_links":{"self":[{"href":"https:\/\/contrastes.com.co\/digital\/wp-json\/wp\/v2\/posts\/9057","targetHints":{"allow":["GET"]}}],"collection":[{"href":"https:\/\/contrastes.com.co\/digital\/wp-json\/wp\/v2\/posts"}],"about":[{"href":"https:\/\/contrastes.com.co\/digital\/wp-json\/wp\/v2\/types\/post"}],"author":[{"embeddable":true,"href":"https:\/\/contrastes.com.co\/digital\/wp-json\/wp\/v2\/users\/1"}],"replies":[{"embeddable":true,"href":"https:\/\/contrastes.com.co\/digital\/wp-json\/wp\/v2\/comments?post=9057"}],"version-history":[{"count":1,"href":"https:\/\/contrastes.com.co\/digital\/wp-json\/wp\/v2\/posts\/9057\/revisions"}],"predecessor-version":[{"id":9059,"href":"https:\/\/contrastes.com.co\/digital\/wp-json\/wp\/v2\/posts\/9057\/revisions\/9059"}],"wp:featuredmedia":[{"embeddable":true,"href":"https:\/\/contrastes.com.co\/digital\/wp-json\/wp\/v2\/media\/9058"}],"wp:attachment":[{"href":"https:\/\/contrastes.com.co\/digital\/wp-json\/wp\/v2\/media?parent=9057"}],"wp:term":[{"taxonomy":"category","embeddable":true,"href":"https:\/\/contrastes.com.co\/digital\/wp-json\/wp\/v2\/categories?post=9057"},{"taxonomy":"post_tag","embeddable":true,"href":"https:\/\/contrastes.com.co\/digital\/wp-json\/wp\/v2\/tags?post=9057"}],"curies":[{"name":"wp","href":"https:\/\/api.w.org\/{rel}","templated":true}]}}