{"id":9060,"date":"2022-04-26T17:34:57","date_gmt":"2022-04-26T22:34:57","guid":{"rendered":"https:\/\/contrastes.com.co\/digital\/?p=9060"},"modified":"2022-04-26T17:34:57","modified_gmt":"2022-04-26T22:34:57","slug":"alcaldia-de-soledad-invita-a-participar-en-la-rendicion-de-cuentas-vigencia-2021","status":"publish","type":"post","link":"https:\/\/contrastes.com.co\/digital\/alcaldia-de-soledad-invita-a-participar-en-la-rendicion-de-cuentas-vigencia-2021\/","title":{"rendered":"Alcald\u00eda de Soledad invita a participar en la Rendici\u00f3n de Cuentas vigencia 2021"},"content":{"rendered":"<p><strong>*Alcald\u00eda de Soledad invita a participar en la Rendici\u00f3n de Cuentas vigencia 2021<\/strong><\/p>\n<blockquote><p><strong>\u201cLa rendici\u00f3n de cuentas es la obligaci\u00f3n de las entidades y servidores p\u00fablicos de informar y explicar los avances de su gesti\u00f3n administrativa, mediante espacios de di\u00e1logo p\u00fablico\u201d: Rodolfo Ucr\u00f3s Rosales.<\/strong><\/p><\/blockquote>\n<p><img loading=\"lazy\" decoding=\"async\" class=\"alignleft  wp-image-8524\" src=\"https:\/\/contrastes.com.co\/digital\/wp-content\/uploads\/2022\/03\/l-capitular.png\" alt=\"l capitular\" width=\"69\" height=\"69\" srcset=\"https:\/\/contrastes.com.co\/digital\/wp-content\/uploads\/2022\/03\/l-capitular.png 150w, https:\/\/contrastes.com.co\/digital\/wp-content\/uploads\/2022\/03\/l-capitular-60x60.png 60w\" sizes=\"auto, (max-width: 69px) 100vw, 69px\" \/>a <strong>Alcald\u00eda de Soledad comenz\u00f3 el proceso de Rendici\u00f3n de Cuentas de la vigencia 2021<\/strong>. Para ello, invita a la socializaci\u00f3n y consulta de grupos de inter\u00e9s como primer paso del mismo. El evento se realizar\u00e1 en la <strong>Instituci\u00f3n Educativa Polit\u00e9cnico de Soledad<\/strong>, el pr\u00f3ximo 27 de abril, a partir de las 8:00 de la ma\u00f1ana. En este espacio, los ciudadanos podr\u00e1n dilucidar todas las inquietudes relacionadas con la administraci\u00f3n municipal.<\/p>\n<p>El mandatario de los solede\u00f1os,<strong> Rodolfo Ucr\u00f3s Rosales<\/strong>, resalt\u00f3 la importancia de esta jornada. \u201cLa rendici\u00f3n de cuentas es la obligaci\u00f3n de las entidades y servidores p\u00fablicos de informar y explicar los avances de su gesti\u00f3n administrativa, mediante espacios de di\u00e1logo p\u00fablico\u201d, se\u00f1al\u00f3 Ucr\u00f3s Rosales.<\/p>\n<p>As\u00ed mismo, el gobernante municipal explic\u00f3 la din\u00e1mica de participaci\u00f3n. \u201cLos ciudadanos pueden consultar nuestro Plan de Desarrollo &#8216;Gran Pacto Social por Soledad&#8217;, todas las dudas podr\u00e1n llevarlas a la socializaci\u00f3n en el Polit\u00e9cnico y las respuestas se les har\u00e1n llegar en el tiempo y medio acordados\u201d, puntualiz\u00f3 el burgomaestre.<\/p>\n","protected":false},"excerpt":{"rendered":"<p>La Alcald\u00eda de Soledad comenz\u00f3 el proceso de Rendici\u00f3n de Cuentas de la vigencia 2021. Para ello, invita a la socializaci\u00f3n y consulta de grupos de inter\u00e9s como primer paso del mismo.<\/p>\n","protected":false},"author":1,"featured_media":9061,"comment_status":"open","ping_status":"open","sticky":false,"template":"","format":"standard","meta":{"footnotes":""},"categories":[4325,2,3955],"tags":[35,5494,5493,1848],"class_list":["post-9060","post","type-post","status-publish","format-standard","has-post-thumbnail","hentry","category-informe-de-gestion","category-locales","category-politicas-publicas","tag-alcaldia-de-soledad","tag-institucion-educativa-politecnico-de-soledad","tag-rendicion-de-cuentas-vigencia-2021","tag-rodolfo-ucros-rosales"],"_links":{"self":[{"href":"https:\/\/contrastes.com.co\/digital\/wp-json\/wp\/v2\/posts\/9060","targetHints":{"allow":["GET"]}}],"collection":[{"href":"https:\/\/contrastes.com.co\/digital\/wp-json\/wp\/v2\/posts"}],"about":[{"href":"https:\/\/contrastes.com.co\/digital\/wp-json\/wp\/v2\/types\/post"}],"author":[{"embeddable":true,"href":"https:\/\/contrastes.com.co\/digital\/wp-json\/wp\/v2\/users\/1"}],"replies":[{"embeddable":true,"href":"https:\/\/contrastes.com.co\/digital\/wp-json\/wp\/v2\/comments?post=9060"}],"version-history":[{"count":1,"href":"https:\/\/contrastes.com.co\/digital\/wp-json\/wp\/v2\/posts\/9060\/revisions"}],"predecessor-version":[{"id":9062,"href":"https:\/\/contrastes.com.co\/digital\/wp-json\/wp\/v2\/posts\/9060\/revisions\/9062"}],"wp:featuredmedia":[{"embeddable":true,"href":"https:\/\/contrastes.com.co\/digital\/wp-json\/wp\/v2\/media\/9061"}],"wp:attachment":[{"href":"https:\/\/contrastes.com.co\/digital\/wp-json\/wp\/v2\/media?parent=9060"}],"wp:term":[{"taxonomy":"category","embeddable":true,"href":"https:\/\/contrastes.com.co\/digital\/wp-json\/wp\/v2\/categories?post=9060"},{"taxonomy":"post_tag","embeddable":true,"href":"https:\/\/contrastes.com.co\/digital\/wp-json\/wp\/v2\/tags?post=9060"}],"curies":[{"name":"wp","href":"https:\/\/api.w.org\/{rel}","templated":true}]}}