{"id":9237,"date":"2022-05-06T12:26:35","date_gmt":"2022-05-06T17:26:35","guid":{"rendered":"https:\/\/contrastes.com.co\/digital\/?p=9237"},"modified":"2022-05-06T12:26:35","modified_gmt":"2022-05-06T17:26:35","slug":"definen-acciones-de-seguridad-y-convivencia-por-celebracion-del-dia-de-la-madre","status":"publish","type":"post","link":"https:\/\/contrastes.com.co\/digital\/definen-acciones-de-seguridad-y-convivencia-por-celebracion-del-dia-de-la-madre\/","title":{"rendered":"Definen acciones de seguridad y convivencia por celebraci\u00f3n del D\u00eda de la Madre"},"content":{"rendered":"<p><strong>*Autoridades del Atl\u00e1ntico definieron acciones de seguridad y convivencia por celebraci\u00f3n del D\u00eda de la Madre.<\/strong><\/p>\n<blockquote><p><strong>Un total de 1.600 unidades de Polic\u00eda y de Fuerzas Militares estar\u00e1n acompa\u00f1ando los planes operativos para que se desarrollen dentro de la mayor tranquilidad todas las actividades.<\/strong><\/p><\/blockquote>\n<p><img loading=\"lazy\" decoding=\"async\" class=\"alignleft  wp-image-8529\" src=\"https:\/\/contrastes.com.co\/digital\/wp-content\/uploads\/2022\/03\/e-capitular.png\" alt=\"e capitular\" width=\"47\" height=\"47\" srcset=\"https:\/\/contrastes.com.co\/digital\/wp-content\/uploads\/2022\/03\/e-capitular.png 150w, https:\/\/contrastes.com.co\/digital\/wp-content\/uploads\/2022\/03\/e-capitular-60x60.png 60w\" sizes=\"auto, (max-width: 47px) 100vw, 47px\" \/>l<strong> departamento del Atl\u00e1ntico<\/strong> est\u00e1 listo para que la sana convivencia prevalezca en la <strong>celebraci\u00f3n del D\u00eda de la Madre,<\/strong> durante este fin de semana. En tal sentido la <strong>Gobernaci\u00f3n del Atl\u00e1ntico, a trav\u00e9s de la Secretar\u00eda de Interior y Gobierno<\/strong>, realiz\u00f3 un <strong>Consejo de Seguridad extraordinario,<\/strong> en donde se acordaron medidas para velar por un festejo seguro y tranquilo.<\/p>\n<p>Un total de 1.600 unidades de Polic\u00eda y de Fuerzas Militares estar\u00e1n acompa\u00f1ando los planes operativos para que se desarrollen dentro de la mayor tranquilidad todas las actividades.<\/p>\n<p>Ser\u00e1 un fecha especial, porque es un D\u00eda de la Madre que se festejar\u00e1 sin restricciones de movilidad, como ocurri\u00f3 en los dos a\u00f1os anteriores.<\/p>\n<p>\u201cQueremos hacer un llamado a la ciudadan\u00eda a que celebren este d\u00eda tan especial para todos con el mejor de los comportamientos y una sana convivencia. En la mayor\u00eda de estas celebraciones al interior de nuestros hogares, lo mejor es respetar la manera de pensar de las diferentes personas y aceptar las diferencias\u00bb, afirm\u00f3 el <strong>secretario de Interior y Gobierno, Yesid Turbay<\/strong>.<\/p>\n<p>En las v\u00edas, tendremos todo el acompa\u00f1amiento de la Polic\u00eda de carreteras para que se desarrollen todas esas actividades dentro de la mayor normalidad.<\/p>\n<p>\u00abTambi\u00e9n queremos pedirle a nuestra comunidad un consumo responsable de licor, teniendo en cuenta que la mayor celebraci\u00f3n se hace al interior de nuestros hogares. Asimismo, prevenir cualquier tipo de ri\u00f1as, violencia intrafamiliar, celebrar este d\u00eda tan especial para nuestras madres con la mayor tranquilidad y responsabilidad\u00bb, indic\u00f3 el funcionario.<\/p>\n<p>El <strong>comandante de la Polic\u00eda Metropolitana de Barranquilla, general Luis Hern\u00e1ndez<\/strong>, dijo que est\u00e1n focalizando todos los esfuerzos para que este d\u00eda no sea el m\u00e1s violento a nivel pa\u00eds.<\/p>\n<p>\u201cVamos a estar en 24 grandes sectores que tiene el \u00e1rea metropolitana en su cobertura, especialmente para el servicio, con 700 polic\u00edas volcados en territorio con una capacidad especial tecnol\u00f3gica, habilitadas nuestras c\u00e1maras en diferentes sectores, con drones, patrullajes, puntos de blindaje especialmente en lo que tiene que ver con el sector comercio, el sector hotelero y de restaurantes\u00bb, afirm\u00f3 el alto oficial.<\/p>\n<p>Por su parte, el jefe de la <strong>Oficina de Seguridad y Convivencia de Barranquilla, Nelson Patr\u00f3n<\/strong>, expres\u00f3 que la celebraci\u00f3n del D\u00eda de la Madre debe ser una fecha para fortalecer la uni\u00f3n familiar.<\/p>\n<p>\u00abEs por eso que, de manera articulada con instituciones de la Fuerza P\u00fablica y Gobernaci\u00f3n, establecimos diferentes medidas para mantener el orden p\u00fablico y la sana convivencia\u00bb, se\u00f1al\u00f3 el funcionario.<\/p>\n<p>Agreg\u00f3 que los Promotores de Seguridad y Convivencia estar\u00e1n recorriendo los barrios para prevenir hechos de intolerancia.<\/p>\n<p><strong>La Secretar\u00eda de Salud Departamental, por su parte, entreg\u00f3 indicaciones para la celebraci\u00f3n del D\u00eda de la Madre, sin dejar de lado las recomendaciones para prevenir contagios por Covid-19:<\/strong><\/p>\n<hr \/>\n<p><strong>&#8211; Si va a ir a un restaurante con sus familiares, recuerde mantener el distanciamiento social y consuma alimentos que est\u00e9n reci\u00e9n preparados para evitar alguna intoxicaci\u00f3n.<\/strong><\/p>\n<hr \/>\n<p><strong>&#8211; No consumir alcohol en exceso y comprarlo en lugares confiables.<\/strong><\/p>\n<hr \/>\n<p><strong>&#8211; Verificar la fecha de vencimiento de los productos que vaya a consumir.<\/strong><\/p>\n<hr \/>\n<p><strong>&#8211; Mantener el uso del tapabocas en espacios cerrados y abiertos, en los municipios que no superen el 70 por ciento de esquemas completos y el 40 por ciento de refuerzo en la vacuna contra el Covid- 19.<\/strong><\/p>\n<hr \/>\n<p>&nbsp;<\/p>\n","protected":false},"excerpt":{"rendered":"<p>El departamento del Atl\u00e1ntico est\u00e1 listo para que la sana convivencia prevalezca en la celebraci\u00f3n del D\u00eda de la Madre, durante este fin de semana. En tal sentido la Gobernaci\u00f3n del Atl\u00e1ntico, a trav\u00e9s de la Secretar\u00eda de Interior y Gobierno, realiz\u00f3 un Consejo de Seguridad extraordinario, en donde se acordaron medidas para velar por un festejo seguro y tranquilo.<\/p>\n","protected":false},"author":1,"featured_media":9238,"comment_status":"open","ping_status":"open","sticky":false,"template":"","format":"standard","meta":{"footnotes":""},"categories":[1],"tags":[5646,5645,5647,5524,5651,68,5649,30,2828,5648,1369,5650,1761],"class_list":["post-9237","post","type-post","status-publish","format-standard","has-post-thumbnail","hentry","category-uncategorized","tag-acciones-de-seguridad-y-convivencia","tag-autoridades-del-atlantico","tag-celebracion-del-dia-de-la-madre","tag-comandante-de-la-policia-metropolitana-de-barranquilla","tag-consejo-de-seguridad-extraordinario","tag-departamento-del-atlantico","tag-general-luis-hernandez","tag-gobernacion-del-atlantico","tag-nelson-patron","tag-oficina-de-seguridad-y-convivencia-de-barranquilla","tag-policia-del-atlantico","tag-secretario-de-interior-y-gobierno","tag-yesid-turbay"],"_links":{"self":[{"href":"https:\/\/contrastes.com.co\/digital\/wp-json\/wp\/v2\/posts\/9237","targetHints":{"allow":["GET"]}}],"collection":[{"href":"https:\/\/contrastes.com.co\/digital\/wp-json\/wp\/v2\/posts"}],"about":[{"href":"https:\/\/contrastes.com.co\/digital\/wp-json\/wp\/v2\/types\/post"}],"author":[{"embeddable":true,"href":"https:\/\/contrastes.com.co\/digital\/wp-json\/wp\/v2\/users\/1"}],"replies":[{"embeddable":true,"href":"https:\/\/contrastes.com.co\/digital\/wp-json\/wp\/v2\/comments?post=9237"}],"version-history":[{"count":2,"href":"https:\/\/contrastes.com.co\/digital\/wp-json\/wp\/v2\/posts\/9237\/revisions"}],"predecessor-version":[{"id":9240,"href":"https:\/\/contrastes.com.co\/digital\/wp-json\/wp\/v2\/posts\/9237\/revisions\/9240"}],"wp:featuredmedia":[{"embeddable":true,"href":"https:\/\/contrastes.com.co\/digital\/wp-json\/wp\/v2\/media\/9238"}],"wp:attachment":[{"href":"https:\/\/contrastes.com.co\/digital\/wp-json\/wp\/v2\/media?parent=9237"}],"wp:term":[{"taxonomy":"category","embeddable":true,"href":"https:\/\/contrastes.com.co\/digital\/wp-json\/wp\/v2\/categories?post=9237"},{"taxonomy":"post_tag","embeddable":true,"href":"https:\/\/contrastes.com.co\/digital\/wp-json\/wp\/v2\/tags?post=9237"}],"curies":[{"name":"wp","href":"https:\/\/api.w.org\/{rel}","templated":true}]}}