{"id":9241,"date":"2022-05-06T12:31:16","date_gmt":"2022-05-06T17:31:16","guid":{"rendered":"https:\/\/contrastes.com.co\/digital\/?p=9241"},"modified":"2022-05-06T12:31:16","modified_gmt":"2022-05-06T17:31:16","slug":"gobernacion-entrego-centro-de-desarrollo-y-liderazgo-juvenil-en-soledad","status":"publish","type":"post","link":"https:\/\/contrastes.com.co\/digital\/gobernacion-entrego-centro-de-desarrollo-y-liderazgo-juvenil-en-soledad\/","title":{"rendered":"Gobernaci\u00f3n entreg\u00f3 Centro de Desarrollo y Liderazgo Juvenil en Soledad"},"content":{"rendered":"<p><strong>*Gobernaci\u00f3n del Atl\u00e1ntico entreg\u00f3 Centro de Desarrollo y Liderazgo Juvenil en Soledad<\/strong><\/p>\n<blockquote><p><strong>La administraci\u00f3n departamental y el Departamento para la Prosperidad Social entregaron este jueves el Centro de Desarrollo y Liderazgo Juvenil en el municipio de Soledad.<\/strong><\/p><\/blockquote>\n<p><img loading=\"lazy\" decoding=\"async\" class=\"alignleft  wp-image-8524\" src=\"https:\/\/contrastes.com.co\/digital\/wp-content\/uploads\/2022\/03\/l-capitular.png\" alt=\"l capitular\" width=\"57\" height=\"57\" srcset=\"https:\/\/contrastes.com.co\/digital\/wp-content\/uploads\/2022\/03\/l-capitular.png 150w, https:\/\/contrastes.com.co\/digital\/wp-content\/uploads\/2022\/03\/l-capitular-60x60.png 60w\" sizes=\"auto, (max-width: 57px) 100vw, 57px\" \/>a nueva infraestructura, que cont\u00f3 con una inversi\u00f3n de m\u00e1s de 3 mil millones de pesos, con recursos provenientes del <strong>Departamento para la Prosperidad Social y la Gobernaci\u00f3n del Atl\u00e1ntico<\/strong>, es un espacio que permite la interlocuci\u00f3n entre los sectores gubernamentales, los no gubernamentales y los procesos y pr\u00e1cticas organizativas de los j\u00f3venes, cuenta para ello y dem\u00e1s actividades que all\u00ed se desarrollar\u00e1n con un auditorio, cuatro aulas que sirven para formaci\u00f3n, salones audiovisuales, de danza y musical. Adem\u00e1s, una cancha m\u00faltiple y zona administrativa. Esta \u00faltima tiene un espacio exclusivo para los<strong> consejos municipales de juventudes<\/strong>.<\/p>\n<p>\u00abPudimos hablar con diferentes j\u00f3venes del Atl\u00e1ntico, por ejemplo, los de las barras de Junior. Nos comentaron sus deseos y sus sue\u00f1os. Aqu\u00ed se est\u00e1 promoviendo el emprendimiento, el desarrollo comunitario, la formaci\u00f3n y el trabajo productivo\u00bb, indic\u00f3 el <strong>director encargado del Departamento de Prosperidad Social, Pierre Garc\u00eda Jacquier<\/strong>.<\/p>\n<p>Por su parte, el <strong>gerente de Capital Social del Atl\u00e1ntico, \u00d3scar Pantoja<\/strong>, asegur\u00f3 que esta es una infraestructura pensada para el disfrute de los j\u00f3venes de Soledad y de los municipios aleda\u00f1os.<\/p>\n<p>\u00abSe tienen que articular los diferentes programas al servicio de las juventudes, con el objetivo de ayudarles a dinamizar su proyecto de vida. Contribuirles a que sean j\u00f3venes exitosos, felices y, por supuesto, tener unos ciudadanos que aporten a sus familias y a sus comunidades\u00bb, manifest\u00f3.<\/p>\n<p>Destac\u00f3 que en el Centro hacen presencia los programas de la Gobernaci\u00f3n <strong>&#8216;Baila La Gente&#8217; y &#8216;Viva la Barra&#8217;<\/strong>.<\/p>\n<p>El <strong>alcalde de Soledad, Rodolfo Ucr\u00f3s<\/strong>, afirm\u00f3 que en espacios como este los j\u00f3venes pueden desarrollar distintas actividades productivas para la sociedad.<\/p>\n<p>\u00abQueremos que los j\u00f3venes dejen de delinquir y abandonen el consumo de drogas. Valoramos el esfuerzo de la Gobernaci\u00f3n y del DPS en construir este centro destinado a esta poblaci\u00f3n tan importante para nuestra sociedad\u00bb, asegur\u00f3 el mandatario.<\/p>\n","protected":false},"excerpt":{"rendered":"<p>La administraci\u00f3n departamental y el Departamento para la Prosperidad Social entregaron este jueves el Centro de Desarrollo y Liderazgo Juvenil en el municipio de Soledad<\/p>\n","protected":false},"author":1,"featured_media":9242,"comment_status":"open","ping_status":"open","sticky":false,"template":"","format":"standard","meta":{"footnotes":""},"categories":[1004,2,6],"tags":[5654,5655,131,5652,5656,5653,5658,5657,30,548,5659,40],"class_list":["post-9241","post","type-post","status-publish","format-standard","has-post-thumbnail","hentry","category-juventud","category-locales","category-region","tag-baila-la-gente","tag-viva-la-barra","tag-alcalde-de-soledad","tag-centro-de-desarrollo-y-liderazgo-juvenil-en-soledad","tag-consejos-municipales-de-juventudes","tag-departamento-para-la-prosperidad-social","tag-director-encargado-del-departamento-de-prosperidad-social","tag-gerente-de-capital-social-del-atlantico","tag-gobernacion-del-atlantico","tag-oscar-pantoja","tag-pierre-garcia-jacquier","tag-rodolfo-ucros"],"_links":{"self":[{"href":"https:\/\/contrastes.com.co\/digital\/wp-json\/wp\/v2\/posts\/9241","targetHints":{"allow":["GET"]}}],"collection":[{"href":"https:\/\/contrastes.com.co\/digital\/wp-json\/wp\/v2\/posts"}],"about":[{"href":"https:\/\/contrastes.com.co\/digital\/wp-json\/wp\/v2\/types\/post"}],"author":[{"embeddable":true,"href":"https:\/\/contrastes.com.co\/digital\/wp-json\/wp\/v2\/users\/1"}],"replies":[{"embeddable":true,"href":"https:\/\/contrastes.com.co\/digital\/wp-json\/wp\/v2\/comments?post=9241"}],"version-history":[{"count":1,"href":"https:\/\/contrastes.com.co\/digital\/wp-json\/wp\/v2\/posts\/9241\/revisions"}],"predecessor-version":[{"id":9243,"href":"https:\/\/contrastes.com.co\/digital\/wp-json\/wp\/v2\/posts\/9241\/revisions\/9243"}],"wp:featuredmedia":[{"embeddable":true,"href":"https:\/\/contrastes.com.co\/digital\/wp-json\/wp\/v2\/media\/9242"}],"wp:attachment":[{"href":"https:\/\/contrastes.com.co\/digital\/wp-json\/wp\/v2\/media?parent=9241"}],"wp:term":[{"taxonomy":"category","embeddable":true,"href":"https:\/\/contrastes.com.co\/digital\/wp-json\/wp\/v2\/categories?post=9241"},{"taxonomy":"post_tag","embeddable":true,"href":"https:\/\/contrastes.com.co\/digital\/wp-json\/wp\/v2\/tags?post=9241"}],"curies":[{"name":"wp","href":"https:\/\/api.w.org\/{rel}","templated":true}]}}