{"id":9247,"date":"2022-05-06T12:40:40","date_gmt":"2022-05-06T17:40:40","guid":{"rendered":"https:\/\/contrastes.com.co\/digital\/?p=9247"},"modified":"2022-05-06T12:40:40","modified_gmt":"2022-05-06T17:40:40","slug":"capturados-presuntos-cabecillas-del-clan-del-golfo-en-atlantico-1-y-2-al-mando","status":"publish","type":"post","link":"https:\/\/contrastes.com.co\/digital\/capturados-presuntos-cabecillas-del-clan-del-golfo-en-atlantico-1-y-2-al-mando\/","title":{"rendered":"Capturados presuntos cabecillas del &#8216;Clan del Golfo&#8217; en Atl\u00e1ntico: 1 y 2 al mando"},"content":{"rendered":"<p><strong>*Capturaron a presuntos cabecillas del &#8216;Clan del Golfo&#8217; en Atl\u00e1ntico: 1 y 2 al mando<\/strong><\/p>\n<blockquote><p><strong>La Polic\u00eda Nacional en Atl\u00e1ntico captur\u00f3 a quienes ser\u00edan los presuntos cabecillas del &#8216;Clan del Golfo&#8217;, en el departamento. Ser\u00edan los n\u00fameros 1 y 2 de la estructura &#8216;Manuel Jos\u00e9 Gait\u00e1n&#8217;, informaron las autoridades.<\/strong><\/p><\/blockquote>\n<p><img loading=\"lazy\" decoding=\"async\" class=\"alignleft  wp-image-8524\" src=\"https:\/\/contrastes.com.co\/digital\/wp-content\/uploads\/2022\/03\/l-capitular.png\" alt=\"l capitular\" width=\"50\" height=\"50\" srcset=\"https:\/\/contrastes.com.co\/digital\/wp-content\/uploads\/2022\/03\/l-capitular.png 150w, https:\/\/contrastes.com.co\/digital\/wp-content\/uploads\/2022\/03\/l-capitular-60x60.png 60w\" sizes=\"auto, (max-width: 50px) 100vw, 50px\" \/>as capturas se hicieron efectivas en la trocha &#8216;El n\u00edspero&#8217;, en jurisdicci\u00f3n del municipio de Luruaco y los capturados fueron identificados como Hern\u00e1n Alfredo Pacheco Argel, alias &#8216;Margarita&#8217; o &#8216;Sebasti\u00e1n&#8217;, natural de Monter\u00eda quien ser\u00eda el cabecilla principal de esa estructura; Javier Enrique Valeta Almario, alias &#8216;Omar&#8217; o &#8216;Flash&#8217;, natural de Urab\u00e1, qui\u00e9n ser\u00eda el segundo cabecilla y alias &#8216;Margarita&#8217; o &#8216;Sebasti\u00e1n&#8217;, quien ser\u00eda el encargado de ejecutar acciones delictivas contra la Fuerza P\u00fablica mediante la modalidad del &#8216;Plan pistola&#8217;, este \u00faltimo ten\u00eda a su mando unos 75 integrantes.<\/p>\n<p>Adem\u00e1s, seg\u00fan la Polic\u00eda, la banda se encontraba liderando el proceso de expansi\u00f3n, asentamiento y consolidaci\u00f3n criminal en los departamentos de Sucre, Bol\u00edvar y Atl\u00e1ntico.<\/p>\n<p>Seg\u00fan lo investigado por las autoridades, Pacheco Argel, ten\u00eda 10 a\u00f1os de trayectoria, y form\u00f3 parte de las AUC. Mientras tanto, &#8216;Omar&#8217; era el hombre de confianza de &#8216;Margarita&#8217;. Ser\u00eda el coordinador de homicidios desde esa estructura, el cobro de extorsiones y el tr\u00e1fico de estupefacientes.<\/p>\n","protected":false},"excerpt":{"rendered":"<p>Las capturas se hicieron efectivas en la trocha &#8216;El n\u00edspero&#8217;, en jurisdicci\u00f3n del municipio de Luruaco y los capturados fueron identificados como Hern\u00e1n Alfredo Pacheco Argel, alias &#8216;Margarita&#8217; o &#8216;Sebasti\u00e1n&#8217;, natural de Monter\u00eda quien ser\u00eda el cabecilla principal de esa estructura; Javier Enrique Valeta Almario, alias &#8216;Omar&#8217; o &#8216;Flash&#8217;, natural de Urab\u00e1, qui\u00e9n ser\u00eda el segundo cabecilla y alias &#8216;Margarita&#8217; o &#8216;Sebasti\u00e1n&#8217;, quien ser\u00eda el encargado de ejecutar acciones delictivas contra la Fuerza P\u00fablica mediante la modalidad del &#8216;Plan pistola&#8217;, este \u00faltimo ten\u00eda a su mando unos 75 integrantes.<\/p>\n","protected":false},"author":1,"featured_media":9248,"comment_status":"open","ping_status":"open","sticky":false,"template":"","format":"standard","meta":{"footnotes":""},"categories":[10,6],"tags":[5665,1641,5666,2599,5664],"class_list":["post-9247","post","type-post","status-publish","format-standard","has-post-thumbnail","hentry","category-judicial","category-region","tag-clan-del-golfo-en-atlantico","tag-capturados","tag-estructura-manuel-jose-gaitan","tag-policia-metropolitana-de-barranquilla","tag-presuntos-cabecillas"],"_links":{"self":[{"href":"https:\/\/contrastes.com.co\/digital\/wp-json\/wp\/v2\/posts\/9247","targetHints":{"allow":["GET"]}}],"collection":[{"href":"https:\/\/contrastes.com.co\/digital\/wp-json\/wp\/v2\/posts"}],"about":[{"href":"https:\/\/contrastes.com.co\/digital\/wp-json\/wp\/v2\/types\/post"}],"author":[{"embeddable":true,"href":"https:\/\/contrastes.com.co\/digital\/wp-json\/wp\/v2\/users\/1"}],"replies":[{"embeddable":true,"href":"https:\/\/contrastes.com.co\/digital\/wp-json\/wp\/v2\/comments?post=9247"}],"version-history":[{"count":1,"href":"https:\/\/contrastes.com.co\/digital\/wp-json\/wp\/v2\/posts\/9247\/revisions"}],"predecessor-version":[{"id":9249,"href":"https:\/\/contrastes.com.co\/digital\/wp-json\/wp\/v2\/posts\/9247\/revisions\/9249"}],"wp:featuredmedia":[{"embeddable":true,"href":"https:\/\/contrastes.com.co\/digital\/wp-json\/wp\/v2\/media\/9248"}],"wp:attachment":[{"href":"https:\/\/contrastes.com.co\/digital\/wp-json\/wp\/v2\/media?parent=9247"}],"wp:term":[{"taxonomy":"category","embeddable":true,"href":"https:\/\/contrastes.com.co\/digital\/wp-json\/wp\/v2\/categories?post=9247"},{"taxonomy":"post_tag","embeddable":true,"href":"https:\/\/contrastes.com.co\/digital\/wp-json\/wp\/v2\/tags?post=9247"}],"curies":[{"name":"wp","href":"https:\/\/api.w.org\/{rel}","templated":true}]}}