{"id":9497,"date":"2022-05-18T21:13:27","date_gmt":"2022-05-19T02:13:27","guid":{"rendered":"https:\/\/contrastes.com.co\/digital\/?p=9497"},"modified":"2022-05-18T21:13:27","modified_gmt":"2022-05-19T02:13:27","slug":"procuraduria-solicito-explicacion-a-air-e-por-corte-de-luz-notificado-sin-anticipacion-en-atlantico","status":"publish","type":"post","link":"https:\/\/contrastes.com.co\/digital\/procuraduria-solicito-explicacion-a-air-e-por-corte-de-luz-notificado-sin-anticipacion-en-atlantico\/","title":{"rendered":"Procuradur\u00eda solicit\u00f3 explicaci\u00f3n a Air-e por corte de luz notificado sin anticipaci\u00f3n en Atl\u00e1ntico"},"content":{"rendered":"<p><strong>*Procuradur\u00eda solicit\u00f3 explicaci\u00f3n a Air-e por corte de luz notificado sin anticipaci\u00f3n en Atl\u00e1ntico<\/strong><\/p>\n<blockquote><p><strong>Solicit\u00f3 informaci\u00f3n sobre la compensaci\u00f3n que ser\u00e1 entregada a estos usuarios por las 21 horas de servicio que, seg\u00fan explica, se vieron afectadas<\/strong><\/p><\/blockquote>\n<p>La <strong>procuradora Tatiana O\u00f1ate Acosta<\/strong>, delegada para entes territoriales, pidi\u00f3 a la <strong>empresa Air-e<\/strong> que explicaciones frente a las <strong>suspensiones del servicio de energ\u00eda que se registraron el lunes 16 y el martes 17 de mayo en el norte de Barranquilla y Puerto Colombia<\/strong>, a partir de trabajos de mantenimiento en la subestaci\u00f3n Las Flores.<\/p>\n<p>De acuerdo con la representante del Ministerio P\u00fablico, no fue notificada la suspensi\u00f3n del servicio con las 72 horas de antelaci\u00f3n que indica la ley, toda vez que esto afectaba sectores residenciales e industriales; pues la informaci\u00f3n fue divulgada como un evento de emergencia apenas unas horas antes del apag\u00f3n.<\/p>\n<p>A lo anterior, solicit\u00f3 informaci\u00f3n sobre la compensaci\u00f3n que ser\u00e1 entregada a estos usuarios por las 21 horas de servicio que, seg\u00fan explica, se vieron afectadas.<\/p>\n<p>\u201cAdicionalmente, las suspensiones del servicio de energi\u0301a del 15 al 17 de mayo arrojari\u0301an un total de 21 horas sin servicio de energi\u0301a, sin que pueda evidenciarse por parte del operador de red, un incentivo o compensacio\u0301n dentro de los para\u0301metros del arti\u0301culos 5.1.14 y 5.2.4.3 de la Resolucio\u0301n CREG 015 de 2018&#8243;, establece la comunicaci\u00f3n escrita.<\/p>\n<p>Al respecto, la empresa Air-e indic\u00f3 que est\u00e1n preparando un comunicado sobre las explicaciones requeridas por O\u00f1ate.<\/p>\n","protected":false},"excerpt":{"rendered":"<p>La procuradora Tatiana O\u00f1ate Acosta, delegada para entes territoriales, pidi\u00f3 a la empresa Air-e que explicaciones frente a las suspensiones del servicio de energ\u00eda que se registraron el lunes 16 y el martes 17 de mayo en el norte de Barranquilla y Puerto Colombia, a partir de trabajos de mantenimiento en la subestaci\u00f3n Las Flores.<\/p>\n","protected":false},"author":1,"featured_media":9498,"comment_status":"open","ping_status":"open","sticky":false,"template":"","format":"standard","meta":{"footnotes":""},"categories":[4,6,2065],"tags":[5893,5892,5894],"class_list":["post-9497","post","type-post","status-publish","format-standard","has-post-thumbnail","hentry","category-pais","category-region","category-servicios-publicos","tag-empresa-air-e","tag-procuradora-tatiana-onate-acosta","tag-suspensiones-del-servicio-de-energia"],"_links":{"self":[{"href":"https:\/\/contrastes.com.co\/digital\/wp-json\/wp\/v2\/posts\/9497","targetHints":{"allow":["GET"]}}],"collection":[{"href":"https:\/\/contrastes.com.co\/digital\/wp-json\/wp\/v2\/posts"}],"about":[{"href":"https:\/\/contrastes.com.co\/digital\/wp-json\/wp\/v2\/types\/post"}],"author":[{"embeddable":true,"href":"https:\/\/contrastes.com.co\/digital\/wp-json\/wp\/v2\/users\/1"}],"replies":[{"embeddable":true,"href":"https:\/\/contrastes.com.co\/digital\/wp-json\/wp\/v2\/comments?post=9497"}],"version-history":[{"count":1,"href":"https:\/\/contrastes.com.co\/digital\/wp-json\/wp\/v2\/posts\/9497\/revisions"}],"predecessor-version":[{"id":9499,"href":"https:\/\/contrastes.com.co\/digital\/wp-json\/wp\/v2\/posts\/9497\/revisions\/9499"}],"wp:featuredmedia":[{"embeddable":true,"href":"https:\/\/contrastes.com.co\/digital\/wp-json\/wp\/v2\/media\/9498"}],"wp:attachment":[{"href":"https:\/\/contrastes.com.co\/digital\/wp-json\/wp\/v2\/media?parent=9497"}],"wp:term":[{"taxonomy":"category","embeddable":true,"href":"https:\/\/contrastes.com.co\/digital\/wp-json\/wp\/v2\/categories?post=9497"},{"taxonomy":"post_tag","embeddable":true,"href":"https:\/\/contrastes.com.co\/digital\/wp-json\/wp\/v2\/tags?post=9497"}],"curies":[{"name":"wp","href":"https:\/\/api.w.org\/{rel}","templated":true}]}}