{"id":9511,"date":"2022-05-19T11:57:35","date_gmt":"2022-05-19T16:57:35","guid":{"rendered":"https:\/\/contrastes.com.co\/digital\/?p=9511"},"modified":"2022-05-20T12:02:39","modified_gmt":"2022-05-20T17:02:39","slug":"las-criticas-del-alcalde-pumarejo-a-la-empresa-air-e","status":"publish","type":"post","link":"https:\/\/contrastes.com.co\/digital\/las-criticas-del-alcalde-pumarejo-a-la-empresa-air-e\/","title":{"rendered":"Las cr\u00edticas del alcalde Pumarejo a la empresa Air-e"},"content":{"rendered":"<p><strong>*Las cr\u00edticas del alcalde Pumarejo a la empresa Air-e<\/strong><\/p>\n<blockquote><p><strong>\u201cEntendemos que Air-e est\u00e1 haciendo un esfuerzo, pero no nos puede someter a d\u00edas como estos, esto no puede volver a suceder\u201d<\/strong><\/p><\/blockquote>\n<p><img loading=\"lazy\" decoding=\"async\" class=\"alignleft  wp-image-8927\" src=\"https:\/\/contrastes.com.co\/digital\/wp-content\/uploads\/2022\/04\/comillas-capitular-2.png\" alt=\"comillas capitular 2\" width=\"61\" height=\"61\" srcset=\"https:\/\/contrastes.com.co\/digital\/wp-content\/uploads\/2022\/04\/comillas-capitular-2.png 100w, https:\/\/contrastes.com.co\/digital\/wp-content\/uploads\/2022\/04\/comillas-capitular-2-60x60.png 60w\" sizes=\"auto, (max-width: 61px) 100vw, 61px\" \/>Ha sido lamentable nos han sometido a tres d\u00edas de varias horas sin el servicio de fluido el\u00e9ctrico a una buena parte de la ciudad y m\u00e1s a\u00fan en donde el calor y la humedad en Barranquilla es intolerable para muchos de los ciudadanos con enfermedades o condiciones m\u00e9dicas\u201d, as\u00ed lo se\u00f1al\u00f3 el <strong>alcalde de Barranquilla, Jaime Pumarejo<\/strong>, refiri\u00e9ndose al evento presentado el domingo en la subestaci\u00f3n Las Flores y que dej\u00f3 sin servicio de energ\u00eda el\u00e9ctrica buen n\u00famero de barrios en la ciudad y Puerto Colombia.<\/p>\n<p>De acuerdo con el alcalde muchas personas tuvieron que someterse a unas condiciones a las cuales no est\u00e1n acostumbradas, sin mencionar la p\u00e9rdida de alimentos que se produjo por la falta de luz. \u201cEntendemos que Air-e est\u00e1 haciendo un esfuerzo, pero no nos puede someter a d\u00edas como estos, esto no puede volver a suceder\u201d, dijo Pumarejo, quien pidi\u00f3 al prestador de energ\u00eda ser m\u00e1s eficiente a la hora de ejecutar estos trabajos.<\/p>\n<p>El mandatario se\u00f1al\u00f3 adem\u00e1s que los usuarios de esta regi\u00f3n son los que pagan las tarifas de energ\u00eda el\u00e9ctrica m\u00e1s costosas del pa\u00eds, ya que no solo est\u00e1n pagando por el servicio que reciben hoy, sino tambi\u00e9n por las obras que dejaron de ejecutarse por m\u00e1s de dos d\u00e9cadas.<\/p>\n<p>\u201cNo puede ser que en la regi\u00f3n donde m\u00e1s se necesite consumo de energ\u00eda, los servicios lleguen m\u00e1s altos. \u201cNo puede ser que familias estratos 1 y 2 tengan que pagar $180.000 hasta $300.000\u2026 No tienen como pagarlo y luego nos dicen que somos mala paga\u201d, simplemente es que no podemos hacer milagros. Lo que necesitamos es un cobro justo y eficiente\u201d, precis\u00f3 al alcalde.<\/p>\n<p>Debido a los constantes cortes de energ\u00eda en Barranquilla y Puerto Colombia, la Procuradur\u00eda solicit\u00f3 explicaciones a Air-e. La <strong>procuradora Margarita Cabello<\/strong> dijo que, por la afectaci\u00f3n producida por un periodo de 21 horas en dos d\u00edas, debe establecerse una compensaci\u00f3n.<\/p>\n<p>El malestar de los usuarios es generalizado prueba de ello es la lluvia de quejas que, por los constantes apagones de energ\u00eda registrados en toda el \u00e1rea metropolitana de Barranquilla, recibimos cada d\u00eda mediante mensajes de texto y audio en nuestro noticiero matutino Madrigal Noticias.<\/p>\n","protected":false},"excerpt":{"rendered":"<p>\u201cHa sido lamentable nos han sometido a tres d\u00edas de varias horas sin el servicio de fluido el\u00e9ctrico a una buena parte de la ciudad y m\u00e1s a\u00fan en donde el calor y la humedad en Barranquilla es intolerable para muchos de los ciudadanos con enfermedades o condiciones m\u00e9dicas\u201d, as\u00ed lo se\u00f1al\u00f3 el alcalde de Barranquilla, Jaime Pumarejo, refiri\u00e9ndose al evento presentado el domingo en la subestaci\u00f3n Las Flores y que dej\u00f3 sin servicio de energ\u00eda el\u00e9ctrica buen n\u00famero de barrios en la ciudad y Puerto Colombia.<\/p>\n","protected":false},"author":1,"featured_media":9512,"comment_status":"open","ping_status":"open","sticky":false,"template":"","format":"standard","meta":{"footnotes":""},"categories":[6,2065],"tags":[1558,5912,5893,5911,1854,1804,5910],"class_list":["post-9511","post","type-post","status-publish","format-standard","has-post-thumbnail","hentry","category-region","category-servicios-publicos","tag-alcalde-de-barranquilla","tag-cortes","tag-empresa-air-e","tag-fallas","tag-jaime-pumarejo-heins","tag-mantenimiento","tag-servicio-de-energia-electrica"],"_links":{"self":[{"href":"https:\/\/contrastes.com.co\/digital\/wp-json\/wp\/v2\/posts\/9511","targetHints":{"allow":["GET"]}}],"collection":[{"href":"https:\/\/contrastes.com.co\/digital\/wp-json\/wp\/v2\/posts"}],"about":[{"href":"https:\/\/contrastes.com.co\/digital\/wp-json\/wp\/v2\/types\/post"}],"author":[{"embeddable":true,"href":"https:\/\/contrastes.com.co\/digital\/wp-json\/wp\/v2\/users\/1"}],"replies":[{"embeddable":true,"href":"https:\/\/contrastes.com.co\/digital\/wp-json\/wp\/v2\/comments?post=9511"}],"version-history":[{"count":1,"href":"https:\/\/contrastes.com.co\/digital\/wp-json\/wp\/v2\/posts\/9511\/revisions"}],"predecessor-version":[{"id":9513,"href":"https:\/\/contrastes.com.co\/digital\/wp-json\/wp\/v2\/posts\/9511\/revisions\/9513"}],"wp:featuredmedia":[{"embeddable":true,"href":"https:\/\/contrastes.com.co\/digital\/wp-json\/wp\/v2\/media\/9512"}],"wp:attachment":[{"href":"https:\/\/contrastes.com.co\/digital\/wp-json\/wp\/v2\/media?parent=9511"}],"wp:term":[{"taxonomy":"category","embeddable":true,"href":"https:\/\/contrastes.com.co\/digital\/wp-json\/wp\/v2\/categories?post=9511"},{"taxonomy":"post_tag","embeddable":true,"href":"https:\/\/contrastes.com.co\/digital\/wp-json\/wp\/v2\/tags?post=9511"}],"curies":[{"name":"wp","href":"https:\/\/api.w.org\/{rel}","templated":true}]}}