{"id":9591,"date":"2022-05-24T12:15:14","date_gmt":"2022-05-24T17:15:14","guid":{"rendered":"https:\/\/contrastes.com.co\/digital\/?p=9591"},"modified":"2022-05-24T12:15:14","modified_gmt":"2022-05-24T17:15:14","slug":"siete-los-heridos-en-corralejas-de-sabanagrande-uno-esta-grave-en-la-campbell","status":"publish","type":"post","link":"https:\/\/contrastes.com.co\/digital\/siete-los-heridos-en-corralejas-de-sabanagrande-uno-esta-grave-en-la-campbell\/","title":{"rendered":"Siete, los heridos en corralejas de Sabanagrande: uno est\u00e1 grave en la Campbell"},"content":{"rendered":"<p><strong>*Siete, los heridos en corralejas de Sabanagrande: uno est\u00e1 grave en la Campbell<\/strong><\/p>\n<blockquote><p><strong>En total son siete las personas que resultaron heridas durante las corralejas de este lunes en el municipio de Sabanagrande.<\/strong><\/p><\/blockquote>\n<p><img loading=\"lazy\" decoding=\"async\" class=\"alignleft  wp-image-8514\" src=\"https:\/\/contrastes.com.co\/digital\/wp-content\/uploads\/2022\/03\/S-CAPITULAR.png\" alt=\"s capitular\" width=\"39\" height=\"39\" srcset=\"https:\/\/contrastes.com.co\/digital\/wp-content\/uploads\/2022\/03\/S-CAPITULAR.png 150w, https:\/\/contrastes.com.co\/digital\/wp-content\/uploads\/2022\/03\/S-CAPITULAR-60x60.png 60w\" sizes=\"auto, (max-width: 39px) 100vw, 39px\" \/>iete personas resultaron heridas tras la realizaci\u00f3n de las corralejas en el municipio de Sabanagrande, seg\u00fan inform\u00f3 la Polic\u00eda del Atl\u00e1ntico. En videos a trav\u00e9s de redes sociales, se evidencia la agresi\u00f3n que sufri\u00f3 uno de los asistentes, quien se encuentra fuera de peligro.<\/p>\n<p>As\u00ed lo ha asegurado el <strong>alcalde del municipio, Gustavo de la Rosa<\/strong>, quien desminti\u00f3 que el hecho haya dejado a una persona fallecida, aunque las im\u00e1genes fuertes en donde qued\u00f3 registrado el hecho son sensibles y circulan en las redes. \u00abLas im\u00e1genes nos hac\u00edan creer algo muy grave, incluso se coment\u00f3 de la muerte del joven, sin mebargo el parte m\u00e9dico de la madruga es que fue intervenido y afortunadamente sali\u00f3 bien de la cirugia\u00bb, precis\u00f3 De la Rosa.<\/p>\n<p>El alcalde se\u00f1al\u00f3 que el joven, identificado como William Hurtado Buz\u00f3n, reside en Campo de la Cruz y lleg\u00f3 a disfrutar de las fiestas patronales, pero aparentemente ingres\u00f3 bajo estado de embriaguez. La v\u00edctima fue operada en un centro m\u00e9dico, tras resultar herido en una de sus piernas y en la espalda.<\/p>\n<p>El funcionario se\u00f1al\u00f3 que eval\u00faa la continuidad de esta actividad para el pr\u00f3ximo a\u00f1o, teniendo en cuenta lo que ocurri\u00f3 con el evento.<\/p>\n<p>Los heridos son Aldair Mercado Julio, Jos\u00e9 Francisco Puello Garc\u00eda, Jair Barrios Rolong, remitido a la Campbell de Barranquilla al igual que William Hurtado Buz\u00f3n, quien registra una herida en su pierna derecha y en la espalda. Este \u00faltimo, seg\u00fan las autoridades, es el que est\u00e1 m\u00e1s delicado de salud.<\/p>\n<p>Los otros heridos son Roberto Enrique Jim\u00e9nez Lara, Edinson Rafael Estrada Coronado y Maicol Ayala Punz\u00f3n. De los heridos, \u00ab4 permanecen hospitalizados y 1 con graves consecuencias que es el video desgarrador que vimos\u201d dijo el Alcalde de ese municipio,\u00a0 Gustavo De la Rosa. \u201cLamentamos lo sucedido, vamos a evaluar para ver si a futuro no se autoriza este tipo de pr\u00e1ctica, pero quiero dejar claro que cumpl\u00edan con todos los requisitos\u201d, a\u00f1adi\u00f3.<\/p>\n<p>Un video que circula por redes sociales muestra la magnitud de las corralejas en Sabanagrande y como uno de los lesionados es embestido por el toro.<\/p>\n","protected":false},"excerpt":{"rendered":"<p>Siete personas resultaron heridas tras la realizaci\u00f3n de las corralejas en el municipio de Sabanagrande, seg\u00fan inform\u00f3 la Polic\u00eda del Atl\u00e1ntico. En videos a trav\u00e9s de redes sociales, se evidencia la agresi\u00f3n que sufri\u00f3 uno de los asistentes, quien se encuentra fuera de peligro.<\/p>\n","protected":false},"author":1,"featured_media":9592,"comment_status":"open","ping_status":"open","sticky":false,"template":"","format":"standard","meta":{"footnotes":""},"categories":[6,1247],"tags":[5949,5950,611],"class_list":["post-9591","post","type-post","status-publish","format-standard","has-post-thumbnail","hentry","category-region","category-sucesos","tag-corralejas","tag-heridos","tag-municipio-de-sabanagrande"],"_links":{"self":[{"href":"https:\/\/contrastes.com.co\/digital\/wp-json\/wp\/v2\/posts\/9591","targetHints":{"allow":["GET"]}}],"collection":[{"href":"https:\/\/contrastes.com.co\/digital\/wp-json\/wp\/v2\/posts"}],"about":[{"href":"https:\/\/contrastes.com.co\/digital\/wp-json\/wp\/v2\/types\/post"}],"author":[{"embeddable":true,"href":"https:\/\/contrastes.com.co\/digital\/wp-json\/wp\/v2\/users\/1"}],"replies":[{"embeddable":true,"href":"https:\/\/contrastes.com.co\/digital\/wp-json\/wp\/v2\/comments?post=9591"}],"version-history":[{"count":1,"href":"https:\/\/contrastes.com.co\/digital\/wp-json\/wp\/v2\/posts\/9591\/revisions"}],"predecessor-version":[{"id":9593,"href":"https:\/\/contrastes.com.co\/digital\/wp-json\/wp\/v2\/posts\/9591\/revisions\/9593"}],"wp:featuredmedia":[{"embeddable":true,"href":"https:\/\/contrastes.com.co\/digital\/wp-json\/wp\/v2\/media\/9592"}],"wp:attachment":[{"href":"https:\/\/contrastes.com.co\/digital\/wp-json\/wp\/v2\/media?parent=9591"}],"wp:term":[{"taxonomy":"category","embeddable":true,"href":"https:\/\/contrastes.com.co\/digital\/wp-json\/wp\/v2\/categories?post=9591"},{"taxonomy":"post_tag","embeddable":true,"href":"https:\/\/contrastes.com.co\/digital\/wp-json\/wp\/v2\/tags?post=9591"}],"curies":[{"name":"wp","href":"https:\/\/api.w.org\/{rel}","templated":true}]}}