{"id":9624,"date":"2022-05-25T12:05:25","date_gmt":"2022-05-25T17:05:25","guid":{"rendered":"https:\/\/contrastes.com.co\/digital\/?p=9624"},"modified":"2022-05-25T12:05:25","modified_gmt":"2022-05-25T17:05:25","slug":"listos-dispositivos-de-seguridad-para-elecciones-presidenciales-2022-en-el-atlantico","status":"publish","type":"post","link":"https:\/\/contrastes.com.co\/digital\/listos-dispositivos-de-seguridad-para-elecciones-presidenciales-2022-en-el-atlantico\/","title":{"rendered":"Listos dispositivos de seguridad para elecciones presidenciales 2022 en el Atl\u00e1ntico"},"content":{"rendered":"<p><strong><em>Listos los dispositivos de seguridad para las elecciones presidenciales 2022 en el Atl\u00e1ntico<\/em><\/strong><\/p>\n<blockquote><p><strong>*El potencial electoral del departamento del Atl\u00e1ntico es de 2.016.146 personas y se habilitaron en total 5.209 mesas de votaci\u00f3n, de las cuales 4.158 estar\u00e1n en el \u00e1rea metropolitana de Barranquilla.<\/strong><\/p>\n<p><strong>*El departamento tendr\u00e1 297 puestos de votaci\u00f3n, 207 ubicados en el \u00e1rea metropolitana de Barranquilla y 90 en 18 municipios.<\/strong><\/p><\/blockquote>\n<p><strong><img loading=\"lazy\" decoding=\"async\" class=\"alignleft  wp-image-8524\" src=\"https:\/\/contrastes.com.co\/digital\/wp-content\/uploads\/2022\/03\/l-capitular.png\" alt=\"l capitular\" width=\"47\" height=\"47\" srcset=\"https:\/\/contrastes.com.co\/digital\/wp-content\/uploads\/2022\/03\/l-capitular.png 150w, https:\/\/contrastes.com.co\/digital\/wp-content\/uploads\/2022\/03\/l-capitular-60x60.png 60w\" sizes=\"auto, (max-width: 47px) 100vw, 47px\" \/>a Gobernaci\u00f3n del Atl\u00e1ntico y la Alcald\u00eda de Barranquilla<\/strong> desarrollaron este martes un <strong>Consejo de Seguridad<\/strong>, con miras a la jornada electoral que se realizar\u00e1 este domingo 29 de mayo. <strong>El departamento tendr\u00e1 297 puestos de votaci\u00f3n, 207 ubicados en el \u00e1rea metropolitana de Barranquilla y 90 en 18 municipios.<\/strong><\/p>\n<p>El Consejo cont\u00f3 con la participaci\u00f3n de la Polic\u00eda Nacional, las Fuerzas Militares, la Fiscal\u00eda General, Procuradur\u00eda General, Defensor\u00eda del Pueblo, entre otros y, como invitados, los representantes de la Registradur\u00eda.<\/p>\n<p>\u00abEstamos brindando todo el acompa\u00f1amiento articulado a la Registradur\u00eda, para que las elecciones se hagan dentro de la mayor tranquilidad y teniendo en cuenta todos los escenarios posibles para poder reaccionar de la mejor manera\u00bb, expres\u00f3 el <strong>secretario del Interior y Gobierno del Atl\u00e1ntico, Yesid Turbay<\/strong>.<\/p>\n<p>De acuerdo con Turbay, ser\u00e1n <strong>m\u00e1s de 1.400 efectivos de la fuerza p\u00fablica que se encargar\u00e1n de la seguridad en el departamento, que contar\u00e1 con 297 puestos de votaci\u00f3n. De esta cifra, 207 est\u00e1n ubicados en el \u00e1rea metropolitana de Barranquilla y 90 en 18 municipios del Atl\u00e1ntico.<\/strong><\/p>\n<p>El potencial electoral del departamento del Atl\u00e1ntico es de 2.016.146 personas y se habilitaron en total 5.209 mesas de votaci\u00f3n, de las cuales 4.158 estar\u00e1n en el \u00e1rea metropolitana de Barranquilla.<\/p>\n<p>\u00abEstablecimos cu\u00e1les ser\u00e1n los planes operativos departamentales y distritales. Invitamos a nuestros ciudadanos a votar de manera temprana y ejercer su derecho constitucional\u00bb, agreg\u00f3 Turbay.<\/p>\n<p>Por otro lado, el domingo a las 7:00 de la ma\u00f1ana ser\u00e1 instalado el <strong>Puesto de Mando Unificado en el comando de la Polic\u00eda Metropolitana de Barranquilla<\/strong>. El inicio de la jornada electoral ser\u00e1 en la Plaza de la Paz a las 8:00 de la ma\u00f1ana.<\/p>\n<p>\u00abEsperamos que sea una fiesta de la democracia\u00bb, puntualiz\u00f3 el Secretario del Interior y Gobierno del Atl\u00e1ntico.<\/p>\n<p>Por su parte, el <strong>comandante de la Polic\u00eda del Atl\u00e1ntico, coronel Carlos Currea<\/strong>, indic\u00f3 que cerca de mil polic\u00edas velar\u00e1n por la seguridad en 18 municipios del Atl\u00e1ntico, con el apoyo de 600 hombres del Ej\u00e9rcito Nacional.<\/p>\n<p>\u00abVamos a garantizar el ejercicio democr\u00e1tico en estas elecciones. Nuestros ciudadanos van a gozar con todas las garant\u00edas de la Fuerza P\u00fablica, inteligencia, Polic\u00eda Judicial, Tr\u00e1nsito, Polic\u00eda de vigilancia, Polic\u00eda de carabineros. En todo el territorio de nuestro departamento, vamos a cubrir los 90 puestos de votaci\u00f3n\u00bb, a\u00f1adi\u00f3.<\/p>\n<p>La <strong>Registradur\u00eda Nacional del Estado Civil<\/strong> agradeci\u00f3 el apoyo brindado por la Gobernaci\u00f3n, la Alcald\u00eda y dem\u00e1s entidades. Destac\u00f3 el acompa\u00f1amiento de la Procuradur\u00eda y la Defensor\u00eda del Pueblo.<\/p>\n<p>De igual forma, la <strong>directora seccional de Fiscal\u00eda del Atl\u00e1ntico, Diana N\u00fa\u00f1ez<\/strong>, dijo que tendr\u00e1n el mismo dispositivo electoral que desarrollaron en los comicios al Congreso de la Rep\u00fablica.<\/p>\n","protected":false},"excerpt":{"rendered":"<p>La Gobernaci\u00f3n del Atl\u00e1ntico y la Alcald\u00eda de Barranquilla desarrollaron este martes un Consejo de Seguridad, con miras a la jornada electoral que se realizar\u00e1 este domingo 29 de mayo. El departamento tendr\u00e1 297 puestos de votaci\u00f3n, 207 ubicados en el \u00e1rea metropolitana de Barranquilla y 90 en 18 municipios.<\/p>\n","protected":false},"author":1,"featured_media":9625,"comment_status":"open","ping_status":"open","sticky":false,"template":"","format":"standard","meta":{"footnotes":""},"categories":[4840,10,2,4,6,998],"tags":[1605,5964,5965,68,5967,5966,5586,5968,1761],"class_list":["post-9624","post","type-post","status-publish","format-standard","has-post-thumbnail","hentry","category-elecciones-2022","category-judicial","category-locales","category-pais","category-region","category-seguridad-ciudadana","tag-barranquilla-y-su-area-metropolitana","tag-comandante-de-la-policia-del-atlantico","tag-coronel-carlos-currea","tag-departamento-del-atlantico","tag-diana-nunez","tag-directora-seccional-de-fiscalia-del-atlantico","tag-registraduria-nacional-del-estado-civil","tag-secretario-del-interior-y-gobierno-del-atlantico","tag-yesid-turbay"],"_links":{"self":[{"href":"https:\/\/contrastes.com.co\/digital\/wp-json\/wp\/v2\/posts\/9624","targetHints":{"allow":["GET"]}}],"collection":[{"href":"https:\/\/contrastes.com.co\/digital\/wp-json\/wp\/v2\/posts"}],"about":[{"href":"https:\/\/contrastes.com.co\/digital\/wp-json\/wp\/v2\/types\/post"}],"author":[{"embeddable":true,"href":"https:\/\/contrastes.com.co\/digital\/wp-json\/wp\/v2\/users\/1"}],"replies":[{"embeddable":true,"href":"https:\/\/contrastes.com.co\/digital\/wp-json\/wp\/v2\/comments?post=9624"}],"version-history":[{"count":1,"href":"https:\/\/contrastes.com.co\/digital\/wp-json\/wp\/v2\/posts\/9624\/revisions"}],"predecessor-version":[{"id":9626,"href":"https:\/\/contrastes.com.co\/digital\/wp-json\/wp\/v2\/posts\/9624\/revisions\/9626"}],"wp:featuredmedia":[{"embeddable":true,"href":"https:\/\/contrastes.com.co\/digital\/wp-json\/wp\/v2\/media\/9625"}],"wp:attachment":[{"href":"https:\/\/contrastes.com.co\/digital\/wp-json\/wp\/v2\/media?parent=9624"}],"wp:term":[{"taxonomy":"category","embeddable":true,"href":"https:\/\/contrastes.com.co\/digital\/wp-json\/wp\/v2\/categories?post=9624"},{"taxonomy":"post_tag","embeddable":true,"href":"https:\/\/contrastes.com.co\/digital\/wp-json\/wp\/v2\/tags?post=9624"}],"curies":[{"name":"wp","href":"https:\/\/api.w.org\/{rel}","templated":true}]}}