{"id":9631,"date":"2022-05-26T14:59:15","date_gmt":"2022-05-26T19:59:15","guid":{"rendered":"https:\/\/contrastes.com.co\/digital\/?p=9631"},"modified":"2022-05-26T14:59:15","modified_gmt":"2022-05-26T19:59:15","slug":"obrero-murio-cuando-manipulaba-pulidora-y-el-disco-se-le-incrusto-en-el-cuello","status":"publish","type":"post","link":"https:\/\/contrastes.com.co\/digital\/obrero-murio-cuando-manipulaba-pulidora-y-el-disco-se-le-incrusto-en-el-cuello\/","title":{"rendered":"Obrero muri\u00f3 cuando manipulaba pulidora y el disco se le incrust\u00f3 en el cuello"},"content":{"rendered":"<p><strong>*Obrero muri\u00f3 cuando manipulaba pulidora y el disco se le incrust\u00f3 en el cuello.<\/strong><\/p>\n<blockquote><p><strong>Seg\u00fan el reporte de la Polic\u00eda, el obrero se encontraba manipulando una pulidora y al agacharse la misma se le enred\u00f3 en un su\u00e9ter que ten\u00eda en la cabeza y se le incrust\u00f3 el disco en el cuello. <\/strong><\/p><\/blockquote>\n<p><img loading=\"lazy\" decoding=\"async\" class=\"alignleft  wp-image-8657\" src=\"https:\/\/contrastes.com.co\/digital\/wp-content\/uploads\/2022\/03\/u-capitular.png\" alt=\"u capitular\" width=\"49\" height=\"49\" srcset=\"https:\/\/contrastes.com.co\/digital\/wp-content\/uploads\/2022\/03\/u-capitular.png 100w, https:\/\/contrastes.com.co\/digital\/wp-content\/uploads\/2022\/03\/u-capitular-60x60.png 60w\" sizes=\"auto, (max-width: 49px) 100vw, 49px\" \/>n accidente laboral cobr\u00f3 la vida de un obrero en un edificio, ubicado en la calle 98A con carrera 42F, barrio Miramar de Barranquilla. La v\u00edctima fue identificada como<strong> Oswaldo Rafael Ospino Palacin<\/strong>, de 56 a\u00f1os, quien muri\u00f3 en el mismo lugar de los hechos. El caso ocurri\u00f3 en el quinto piso de la edificaci\u00f3n.<\/p>\n<p>Seg\u00fan el reporte de la Polic\u00eda, el obrero se encontraba manipulando una pulidora y al agacharse la misma se le enred\u00f3 en un su\u00e9ter que ten\u00eda en la cabeza y se le incrust\u00f3 el disco en el cuello. La Sijin hizo presencia en el lugar para realizar la inspecci\u00f3n del cuerpo con el fin de trasladarlo a Medicina Legal.<\/p>\n","protected":false},"excerpt":{"rendered":"<p>Un accidente laboral cobr\u00f3 la vida de un obrero en un edificio, ubicado en la calle 98A con carrera 42F, barrio Miramar de Barranquilla. La v\u00edctima fue identificada como Oswaldo Rafael Ospino Palacin, de 56 a\u00f1os, quien muri\u00f3 en el mismo lugar de los hechos. El caso ocurri\u00f3 en el quinto piso de la edificaci\u00f3n.<\/p>\n","protected":false},"author":1,"featured_media":9632,"comment_status":"open","ping_status":"open","sticky":false,"template":"","format":"standard","meta":{"footnotes":""},"categories":[6,1247],"tags":[5976,56,5975],"class_list":["post-9631","post","type-post","status-publish","format-standard","has-post-thumbnail","hentry","category-region","category-sucesos","tag-accidente-laboral","tag-barranquilla","tag-obrero"],"_links":{"self":[{"href":"https:\/\/contrastes.com.co\/digital\/wp-json\/wp\/v2\/posts\/9631","targetHints":{"allow":["GET"]}}],"collection":[{"href":"https:\/\/contrastes.com.co\/digital\/wp-json\/wp\/v2\/posts"}],"about":[{"href":"https:\/\/contrastes.com.co\/digital\/wp-json\/wp\/v2\/types\/post"}],"author":[{"embeddable":true,"href":"https:\/\/contrastes.com.co\/digital\/wp-json\/wp\/v2\/users\/1"}],"replies":[{"embeddable":true,"href":"https:\/\/contrastes.com.co\/digital\/wp-json\/wp\/v2\/comments?post=9631"}],"version-history":[{"count":1,"href":"https:\/\/contrastes.com.co\/digital\/wp-json\/wp\/v2\/posts\/9631\/revisions"}],"predecessor-version":[{"id":9633,"href":"https:\/\/contrastes.com.co\/digital\/wp-json\/wp\/v2\/posts\/9631\/revisions\/9633"}],"wp:featuredmedia":[{"embeddable":true,"href":"https:\/\/contrastes.com.co\/digital\/wp-json\/wp\/v2\/media\/9632"}],"wp:attachment":[{"href":"https:\/\/contrastes.com.co\/digital\/wp-json\/wp\/v2\/media?parent=9631"}],"wp:term":[{"taxonomy":"category","embeddable":true,"href":"https:\/\/contrastes.com.co\/digital\/wp-json\/wp\/v2\/categories?post=9631"},{"taxonomy":"post_tag","embeddable":true,"href":"https:\/\/contrastes.com.co\/digital\/wp-json\/wp\/v2\/tags?post=9631"}],"curies":[{"name":"wp","href":"https:\/\/api.w.org\/{rel}","templated":true}]}}