{"id":9654,"date":"2022-05-27T17:50:29","date_gmt":"2022-05-27T22:50:29","guid":{"rendered":"https:\/\/contrastes.com.co\/digital\/?p=9654"},"modified":"2022-05-27T17:50:29","modified_gmt":"2022-05-27T22:50:29","slug":"triple-choque-mortal-en-la-circunvalar-taxista-se-bajo-a-tomar-una-foto-y-resulto-muerto","status":"publish","type":"post","link":"https:\/\/contrastes.com.co\/digital\/triple-choque-mortal-en-la-circunvalar-taxista-se-bajo-a-tomar-una-foto-y-resulto-muerto\/","title":{"rendered":"Triple choque mortal en la Circunvalar, taxista se baj\u00f3 a tomar una foto y result\u00f3 muerto"},"content":{"rendered":"<p><strong><em>Triple choque en la Circunvalar dej\u00f3 un taxista muerto<\/em><\/strong><\/p>\n<blockquote><p><strong>El taxista se baj\u00f3 a tomar una foto tras un choque en la Circunvalar, otra camioneta ven\u00eda y lo arroll\u00f3<\/strong><\/p><\/blockquote>\n<p><img loading=\"lazy\" decoding=\"async\" class=\"alignleft  wp-image-8657\" src=\"https:\/\/contrastes.com.co\/digital\/wp-content\/uploads\/2022\/03\/u-capitular.png\" alt=\"u capitular\" width=\"58\" height=\"58\" srcset=\"https:\/\/contrastes.com.co\/digital\/wp-content\/uploads\/2022\/03\/u-capitular.png 100w, https:\/\/contrastes.com.co\/digital\/wp-content\/uploads\/2022\/03\/u-capitular-60x60.png 60w\" sizes=\"auto, (max-width: 58px) 100vw, 58px\" \/>n grave accidente de tr\u00e1nsito se present\u00f3 en la tarde de este jueves en la Circunvalar, en sentido norte-sur, a la altura de Puerta Dorada, en el sur de Barranquilla. Un taxi y un veh\u00edculo particular chocaron en primera instancia, \u201cen ese momento estaban hablando los dos conductores, que se bajaron de los carros, cuando una camioneta que ven\u00eda\u00a0 a alta velocidad embisti\u00f3 a uno de ellos y lo aprision\u00f3 a uno de los veh\u00edculos\u201d, cont\u00f3 un testigo.<\/p>\n<p>El herido qued\u00f3 tendido varios minutos en el lugar y fue trasladado en ambulancia a un centro asistencial, pero posteriormente se confirm\u00f3 su deceso.<\/p>\n<p>La Secretar\u00eda de Tr\u00e1nsito y Seguridad Vial del Distrito, a trav\u00e9s de su cuenta en Twitter, inform\u00f3 que \u00abseg\u00fan las primeras hip\u00f3tesis, el choque habr\u00eda sido causado por un veh\u00edculo que se desplazaba a alta velocidad. El accidente deja una v\u00edctima fatal. Se realiza control del tr\u00e1fico en el punto por represamiento\u00bb.<\/p>\n<p>La v\u00edctima fatal fue identificada por la Polic\u00eda como Pr\u00f3spero Manuel Marriaga Urina, quien era el conductor del taxi.<\/p>\n<p>El reporte de las autoridades precisa que el taxi fren\u00f3 sobre el carril central y en ese instante el veh\u00edculo particular colision\u00f3 con la parte posterior del taxi. En el lugar, seg\u00fan la Polic\u00eda, los conductores colocaron la se\u00f1alizaci\u00f3n de que estaban parqueados por el accidente y el conductor del taxi estaba tomando fotos del mismo cuando el conductor de la camioneta no observ\u00f3 la se\u00f1alizaci\u00f3n, colision\u00f3 con los otros dos veh\u00edculos y arroll\u00f3 al taxista.<\/p>\n<p>El taxista se baj\u00f3 de su veh\u00edculo \u00aben medio de una calle bastante concurrida\u00bb a tomar una foto, era para que quedara la evidencia de los da\u00f1os por el choque, pero no se dio cuenta que una camioneta ven\u00eda.<\/p>\n<p>Seg\u00fan reportes de testigos, la camioneta circulaba a gran velocidad.<\/p>\n<p><strong>\u00bfQu\u00e9 dicen las autoridades?<\/strong><\/p>\n<p>Seg\u00fan el coronel H\u00e9ctor Uribe, comandante de la Polic\u00eda de tr\u00e1nsito de la metropolitana de Barranquilla coment\u00f3: \u201cHubo una falta de precauci\u00f3n de ambas partes\u00bb. Explic\u00f3 que \u00abel taxista se baja a evidenciar el choque con su tel\u00e9fono celular no fij\u00e1ndose que est\u00e1 en una v\u00eda de bastante flujo y segundo, hubo una falta de precauci\u00f3n del tercer veh\u00edculo que ocasiona el atropellamiento de este se\u00f1or\u201d.<\/p>\n<p><strong>Protesta<\/strong><\/p>\n<p>A ra\u00edz del accidente donde muri\u00f3 el taxista, se present\u00f3 un bloqueo en la Circunvalar por protesta. La comunidad del conjunto residencial Puerta Dorada que est\u00e1 cerca al lugar del siniestro, exigen que coloquen alg\u00fan sem\u00e1foro o reductores de velocidad.<\/p>\n","protected":false},"excerpt":{"rendered":"<p>Un grave accidente de tr\u00e1nsito se present\u00f3 en la tarde de este jueves en la Circunvalar, en sentido norte-sur, a la altura de Puerta Dorada, en el sur de Barranquilla. Un taxi y un veh\u00edculo particular chocaron en primera instancia, \u201cen ese momento estaban hablando los dos conductores, que se bajaron de los carros, cuando una camioneta que ven\u00eda\u00a0 a alta velocidad embisti\u00f3 a uno de ellos y lo aprision\u00f3 a uno de los veh\u00edculos\u201d, cont\u00f3 un testigo.<\/p>\n","protected":false},"author":1,"featured_media":9655,"comment_status":"open","ping_status":"open","sticky":false,"template":"","format":"standard","meta":{"footnotes":""},"categories":[10,6,1247,1364],"tags":[5000,5986,897,5985,5987,5988,5870],"class_list":["post-9654","post","type-post","status-publish","format-standard","has-post-thumbnail","hentry","category-judicial","category-region","category-sucesos","category-vias-y-movilidad","tag-accidente-mortal","tag-arrollamiento","tag-avenida-circunvalar","tag-foto-con-celular","tag-puerta-dorada","tag-sur-de-barranquilla","tag-taxista"],"_links":{"self":[{"href":"https:\/\/contrastes.com.co\/digital\/wp-json\/wp\/v2\/posts\/9654","targetHints":{"allow":["GET"]}}],"collection":[{"href":"https:\/\/contrastes.com.co\/digital\/wp-json\/wp\/v2\/posts"}],"about":[{"href":"https:\/\/contrastes.com.co\/digital\/wp-json\/wp\/v2\/types\/post"}],"author":[{"embeddable":true,"href":"https:\/\/contrastes.com.co\/digital\/wp-json\/wp\/v2\/users\/1"}],"replies":[{"embeddable":true,"href":"https:\/\/contrastes.com.co\/digital\/wp-json\/wp\/v2\/comments?post=9654"}],"version-history":[{"count":1,"href":"https:\/\/contrastes.com.co\/digital\/wp-json\/wp\/v2\/posts\/9654\/revisions"}],"predecessor-version":[{"id":9656,"href":"https:\/\/contrastes.com.co\/digital\/wp-json\/wp\/v2\/posts\/9654\/revisions\/9656"}],"wp:featuredmedia":[{"embeddable":true,"href":"https:\/\/contrastes.com.co\/digital\/wp-json\/wp\/v2\/media\/9655"}],"wp:attachment":[{"href":"https:\/\/contrastes.com.co\/digital\/wp-json\/wp\/v2\/media?parent=9654"}],"wp:term":[{"taxonomy":"category","embeddable":true,"href":"https:\/\/contrastes.com.co\/digital\/wp-json\/wp\/v2\/categories?post=9654"},{"taxonomy":"post_tag","embeddable":true,"href":"https:\/\/contrastes.com.co\/digital\/wp-json\/wp\/v2\/tags?post=9654"}],"curies":[{"name":"wp","href":"https:\/\/api.w.org\/{rel}","templated":true}]}}