{"id":9657,"date":"2022-05-27T17:56:20","date_gmt":"2022-05-27T22:56:20","guid":{"rendered":"https:\/\/contrastes.com.co\/digital\/?p=9657"},"modified":"2022-05-27T17:56:20","modified_gmt":"2022-05-27T22:56:20","slug":"sicarios-en-moto-asesinan-a-ebanista-en-el-barrio-la-maria-de-soledad","status":"publish","type":"post","link":"https:\/\/contrastes.com.co\/digital\/sicarios-en-moto-asesinan-a-ebanista-en-el-barrio-la-maria-de-soledad\/","title":{"rendered":"Sicarios en moto asesinan a ebanista en el barrio La Mar\u00eda de Soledad"},"content":{"rendered":"<p><strong>*Sicarios en moto asesinan a ebanista en el barrio La Mar\u00eda de Soledad<\/strong><\/p>\n<blockquote><p><strong>Las investigaciones apuntan que el hombre, al parecer, fue v\u00edctima de extorsi\u00f3n y al negarse a pagar habr\u00eda sido asesinado.<\/strong><\/p><\/blockquote>\n<p><img loading=\"lazy\" decoding=\"async\" class=\"alignleft  wp-image-8518\" src=\"https:\/\/contrastes.com.co\/digital\/wp-content\/uploads\/2022\/03\/c-capitular.png\" alt=\"c capitular\" width=\"59\" height=\"59\" srcset=\"https:\/\/contrastes.com.co\/digital\/wp-content\/uploads\/2022\/03\/c-capitular.png 150w, https:\/\/contrastes.com.co\/digital\/wp-content\/uploads\/2022\/03\/c-capitular-60x60.png 60w\" sizes=\"auto, (max-width: 59px) 100vw, 59px\" \/>omo Kevin Linero Miranda de 31 a\u00f1os de edad fue identificado el cad\u00e1ver de un hombre asesinado este jueves cuando estaba laborando en su taller de ebanister\u00eda, en la carrera 24 con calle 23, barrio La Mar\u00eda de Soledad y dos hombres llegaron al lugar a bordo de una moto para dispararle en repetidas ocasiones. La v\u00edctima fue llevada al Hospital Materno Infantil 13 de Junio, donde se produjo su deceso.<\/p>\n<p>Las investigaciones apuntan que el hombre, al parecer, fue v\u00edctima de extorsi\u00f3n y al negarse a pagar habr\u00eda sido asesinado.<\/p>\n<p>Por este hecho, la Polic\u00eda Metropolitana de Barranquilla no se ha pronunciado. Allegados de la v\u00edctima aseguraron que Kevin ten\u00eda alrededor de 15 a\u00f1os de dedicarse al oficio de ebanista.<\/p>\n","protected":false},"excerpt":{"rendered":"<p>Como Kevin Linero Miranda de 31 a\u00f1os de edad fue identificado el cad\u00e1ver de un hombre asesinado este jueves cuando estaba laborando en su taller de ebanister\u00eda, en la carrera 24 con calle 23, barrio La Mar\u00eda de Soledad y dos hombres llegaron al lugar a bordo de una moto para dispararle en repetidas ocasiones. La v\u00edctima fue llevada al Hospital Materno Infantil 13 de Junio, donde se produjo su deceso.<\/p>\n","protected":false},"author":1,"featured_media":9658,"comment_status":"open","ping_status":"open","sticky":false,"template":"","format":"standard","meta":{"footnotes":""},"categories":[10,2],"tags":[4140,5989,1656,38,5600],"class_list":["post-9657","post","type-post","status-publish","format-standard","has-post-thumbnail","hentry","category-judicial","category-locales","tag-barrio-la-maria","tag-ebanista","tag-homicidio","tag-municipio-de-soledad","tag-sicarios"],"_links":{"self":[{"href":"https:\/\/contrastes.com.co\/digital\/wp-json\/wp\/v2\/posts\/9657","targetHints":{"allow":["GET"]}}],"collection":[{"href":"https:\/\/contrastes.com.co\/digital\/wp-json\/wp\/v2\/posts"}],"about":[{"href":"https:\/\/contrastes.com.co\/digital\/wp-json\/wp\/v2\/types\/post"}],"author":[{"embeddable":true,"href":"https:\/\/contrastes.com.co\/digital\/wp-json\/wp\/v2\/users\/1"}],"replies":[{"embeddable":true,"href":"https:\/\/contrastes.com.co\/digital\/wp-json\/wp\/v2\/comments?post=9657"}],"version-history":[{"count":1,"href":"https:\/\/contrastes.com.co\/digital\/wp-json\/wp\/v2\/posts\/9657\/revisions"}],"predecessor-version":[{"id":9659,"href":"https:\/\/contrastes.com.co\/digital\/wp-json\/wp\/v2\/posts\/9657\/revisions\/9659"}],"wp:featuredmedia":[{"embeddable":true,"href":"https:\/\/contrastes.com.co\/digital\/wp-json\/wp\/v2\/media\/9658"}],"wp:attachment":[{"href":"https:\/\/contrastes.com.co\/digital\/wp-json\/wp\/v2\/media?parent=9657"}],"wp:term":[{"taxonomy":"category","embeddable":true,"href":"https:\/\/contrastes.com.co\/digital\/wp-json\/wp\/v2\/categories?post=9657"},{"taxonomy":"post_tag","embeddable":true,"href":"https:\/\/contrastes.com.co\/digital\/wp-json\/wp\/v2\/tags?post=9657"}],"curies":[{"name":"wp","href":"https:\/\/api.w.org\/{rel}","templated":true}]}}