{"id":9708,"date":"2022-05-31T14:15:06","date_gmt":"2022-05-31T19:15:06","guid":{"rendered":"https:\/\/contrastes.com.co\/digital\/?p=9708"},"modified":"2022-05-31T14:15:06","modified_gmt":"2022-05-31T19:15:06","slug":"joven-muerto-en-accidente-en-soledad-tenia-6-meses-trabajando-como-mototaxista","status":"publish","type":"post","link":"https:\/\/contrastes.com.co\/digital\/joven-muerto-en-accidente-en-soledad-tenia-6-meses-trabajando-como-mototaxista\/","title":{"rendered":"Joven muerto en accidente en Soledad ten\u00eda 6 meses trabajando como mototaxista"},"content":{"rendered":"<p><strong>*Joven muerto en accidente en Soledad ten\u00eda 6 meses trabajando como mototaxista<\/strong><\/p>\n<blockquote><p><strong>\u00abNo sabemos qu\u00e9 lo arroll\u00f3. Unos dicen que un veh\u00edculo, otros que una moto. Cuando nos avisaron y llegamos al lugar estaba muerto \u00e9l con la moto que manejaba a un lado\u00bb, puntualiz\u00f3 un familiar.<\/strong><\/p><\/blockquote>\n<p><img loading=\"lazy\" decoding=\"async\" class=\"alignleft  wp-image-8758\" src=\"https:\/\/contrastes.com.co\/digital\/wp-content\/uploads\/2022\/04\/d-capitular.png\" alt=\"\" width=\"56\" height=\"56\" srcset=\"https:\/\/contrastes.com.co\/digital\/wp-content\/uploads\/2022\/04\/d-capitular.png 100w, https:\/\/contrastes.com.co\/digital\/wp-content\/uploads\/2022\/04\/d-capitular-60x60.png 60w\" sizes=\"auto, (max-width: 56px) 100vw, 56px\" \/>estrozados se encuentran los familiares de Carlos Andr\u00e9s Anaya Cera tras enterarse del tr\u00e1gico accidente en el que perdi\u00f3 la vida el joven en la madrugada de este martes en el barrio Villa Mar\u00eda de Soledad. \u00abEstuvo todo el d\u00eda de ayer en la casa y ya en la noche sali\u00f3. Como a la 1:30 de la ma\u00f1ana nos avisaron que hab\u00eda sufrido un accidente y al llegar estaba muerto en el lugar\u00bb, cont\u00f3 un familiar.<\/p>\n<p>El joven se dirig\u00eda a su casa, en el barrio La Candelaria, cuando al parecer fue arrollado por un veh\u00edculo que emprendi\u00f3 la huida en momentos en que conduc\u00eda su moto. \u00abTen\u00eda 6 meses dedic\u00e1ndose al mototaxismo en su moto. Se rebuscaba en eso, pero \u00e9l era tecn\u00f3logo en sistemas y se dedicaba a arreglar celulares\u00bb, cont\u00f3 un familiar.<\/p>\n<p>Carlos Andr\u00e9s, quien ten\u00eda alrededor de 15 a\u00f1os residiendo en La Candelaria, era el mayor de dos hermanos y gozaba del aprecio de sus vecinos. \u00abNo sabemos qu\u00e9 lo arroll\u00f3. Unos dicen que un veh\u00edculo, otros que una moto. Cuando nos avisaron y llegamos al lugar estaba muerto \u00e9l con la moto que manejaba a un lado\u00bb, puntualiz\u00f3 un familiar.<\/p>\n","protected":false},"excerpt":{"rendered":"<p>Destrozados se encuentran los familiares de Carlos Andr\u00e9s Anaya Cera tras enterarse del tr\u00e1gico accidente en el que perdi\u00f3 la vida el joven en la madrugada de este martes en el barrio Villa Mar\u00eda de Soledad. \u00abEstuvo todo el d\u00eda de ayer en la casa y ya en la noche sali\u00f3. Como a la 1:30 de la ma\u00f1ana nos avisaron que hab\u00eda sufrido un accidente y al llegar estaba muerto en el lugar\u00bb, cont\u00f3 un familiar.<\/p>\n","protected":false},"author":1,"featured_media":9709,"comment_status":"open","ping_status":"open","sticky":false,"template":"","format":"standard","meta":{"footnotes":""},"categories":[10,2,1247],"tags":[5986,6001,5476,38],"class_list":["post-9708","post","type-post","status-publish","format-standard","has-post-thumbnail","hentry","category-judicial","category-locales","category-sucesos","tag-arrollamiento","tag-barrio-la-candelaria","tag-mototaxista","tag-municipio-de-soledad"],"_links":{"self":[{"href":"https:\/\/contrastes.com.co\/digital\/wp-json\/wp\/v2\/posts\/9708","targetHints":{"allow":["GET"]}}],"collection":[{"href":"https:\/\/contrastes.com.co\/digital\/wp-json\/wp\/v2\/posts"}],"about":[{"href":"https:\/\/contrastes.com.co\/digital\/wp-json\/wp\/v2\/types\/post"}],"author":[{"embeddable":true,"href":"https:\/\/contrastes.com.co\/digital\/wp-json\/wp\/v2\/users\/1"}],"replies":[{"embeddable":true,"href":"https:\/\/contrastes.com.co\/digital\/wp-json\/wp\/v2\/comments?post=9708"}],"version-history":[{"count":1,"href":"https:\/\/contrastes.com.co\/digital\/wp-json\/wp\/v2\/posts\/9708\/revisions"}],"predecessor-version":[{"id":9710,"href":"https:\/\/contrastes.com.co\/digital\/wp-json\/wp\/v2\/posts\/9708\/revisions\/9710"}],"wp:featuredmedia":[{"embeddable":true,"href":"https:\/\/contrastes.com.co\/digital\/wp-json\/wp\/v2\/media\/9709"}],"wp:attachment":[{"href":"https:\/\/contrastes.com.co\/digital\/wp-json\/wp\/v2\/media?parent=9708"}],"wp:term":[{"taxonomy":"category","embeddable":true,"href":"https:\/\/contrastes.com.co\/digital\/wp-json\/wp\/v2\/categories?post=9708"},{"taxonomy":"post_tag","embeddable":true,"href":"https:\/\/contrastes.com.co\/digital\/wp-json\/wp\/v2\/tags?post=9708"}],"curies":[{"name":"wp","href":"https:\/\/api.w.org\/{rel}","templated":true}]}}