{"id":9804,"date":"2022-06-06T14:25:24","date_gmt":"2022-06-06T19:25:24","guid":{"rendered":"https:\/\/contrastes.com.co\/digital\/?p=9804"},"modified":"2022-06-07T14:30:01","modified_gmt":"2022-06-07T19:30:01","slug":"debate-radial-sobre-tarifas-de-energia-este-jueves-9-de-junio-a-las-630-a-m-en-madrigal-noticias","status":"publish","type":"post","link":"https:\/\/contrastes.com.co\/digital\/debate-radial-sobre-tarifas-de-energia-este-jueves-9-de-junio-a-las-630-a-m-en-madrigal-noticias\/","title":{"rendered":"Debate radial sobre tarifas de energ\u00eda \u00e9ste jueves 9 de junio a las 6:30 a.m. en Madrigal Noticias"},"content":{"rendered":"<p><strong>Debate radial sobre tarifas de energ\u00eda \u00e9ste jueves 9 de junio a las 6:30 a.m. en Madrigal Noticias<\/strong><\/p>\n<blockquote><p><strong>A partir de las 6:30 de la ma\u00f1ana se dar\u00e1n cita en Madrigal Noticias expertos conocedores del tema con el prop\u00f3sito de arrojar luces acerca de uno de los temas que m\u00e1s preocupa a la comunidad, como son los altos precios en el servicio de energ\u00eda y la mala prestaci\u00f3n del servicio.<\/strong><\/p><\/blockquote>\n<p><img loading=\"lazy\" decoding=\"async\" class=\"alignleft  wp-image-8529\" src=\"https:\/\/contrastes.com.co\/digital\/wp-content\/uploads\/2022\/03\/e-capitular.png\" alt=\"e capitular\" width=\"50\" height=\"50\" srcset=\"https:\/\/contrastes.com.co\/digital\/wp-content\/uploads\/2022\/03\/e-capitular.png 150w, https:\/\/contrastes.com.co\/digital\/wp-content\/uploads\/2022\/03\/e-capitular-60x60.png 60w\" sizes=\"auto, (max-width: 50px) 100vw, 50px\" \/>ste jueves 9 de junio tendr\u00e1 lugar en la emisora comunitaria Madrigal Stereo 88.1 FM, un importante debate radial acerca del servicio prestado por la empresa Air-e, as\u00ed como las altas tarifas de energ\u00eda el\u00e9ctrica que se vienen facturando en el departamento del Atl\u00e1ntico con incrementos no justificados, ni concertados.<\/p>\n<p>Sumado a las incontrolables altas tarifas que se ven reflejados mes a mes en la facturaci\u00f3n por parte de la empresa Air-e, concesionaria de ese vital servicio, se observa a diario una prestaci\u00f3n deficiente del mismo, marcado por las constantes interrupciones en el fluido el\u00e9ctrico, sobrecargas y cortes intempestivos.<\/p>\n<p>A partir de las 6:30 de la ma\u00f1ana se dar\u00e1n cita en Madrigal Noticias expertos conocedores del tema con el prop\u00f3sito de arrojar luces acerca de uno de los temas que m\u00e1s preocupa a la comunidad, como son los altos precios en el servicio de energ\u00eda y la mala prestaci\u00f3n del servicio.<\/p>\n<p>\u00bfQui\u00e9n responde por los altos incrementos en las tarifas de energ\u00eda? \u00bfPor qu\u00e9 los usuarios deben pagar los platos rotos y da\u00f1os de la empresa? \u00bfPor qu\u00e9 la CREG parece legislar constantemente a favor de la empresa de energ\u00eda y poco o nada a favor del usuario? \u00bfCu\u00e1l es el l\u00edmite anual del incremento de energ\u00eda que se encuentra en este momento en un 36%, lo que se traduce en 400% m\u00e1s que el de la inflaci\u00f3n anual? \u00bfQui\u00e9n responde ante las autoridades por abuso descarado a los usuarios en la costa atl\u00e1ntica?<\/p>\n<p>Esas y otras interrogantes de la ciudadan\u00eda ser\u00e1n abordadas por los panelistas en este especial de Madrigal Stereo; al tiempo que los mandatarios de las capitales de la regi\u00f3n Caribe se reunir\u00e1n con el alcalde Pumarejo en la Alcald\u00eda de Barranquilla este mismo jueves en horas de la ma\u00f1ana, en una cumbre en la que se tratar\u00e1 \u2013precisamente- el tema del alto costo de las tarifas de energ\u00eda que pagan los usuarios de la costa a los operadores Air-e y Afinia.<\/p>\n","protected":false},"excerpt":{"rendered":"<p>Este jueves 9 de junio tendr\u00e1 lugar en la emisora comunitaria Madrigal Stereo 88.1 FM, un importante debate radial acerca del servicio prestado por la empresa Air-e, as\u00ed como las altas tarifas de energ\u00eda el\u00e9ctrica que se vienen facturando en el departamento del Atl\u00e1ntico con incrementos no justificados, ni concertados.<\/p>\n","protected":false},"author":1,"featured_media":9805,"comment_status":"open","ping_status":"open","sticky":false,"template":"","format":"standard","meta":{"footnotes":""},"categories":[520,2148,2,4,6,2065],"tags":[1689,6070,68,5475,5474,38,1286],"class_list":["post-9804","post","type-post","status-publish","format-standard","has-post-thumbnail","hentry","category-entrevista","category-eventos","category-locales","category-pais","category-region","category-servicios-publicos","tag-air-e","tag-debate-radial","tag-departamento-del-atlantico","tag-madrigal-noticias","tag-madrigal-stereo-88-1-fm","tag-municipio-de-soledad","tag-tarifas-energia-electrica"],"_links":{"self":[{"href":"https:\/\/contrastes.com.co\/digital\/wp-json\/wp\/v2\/posts\/9804","targetHints":{"allow":["GET"]}}],"collection":[{"href":"https:\/\/contrastes.com.co\/digital\/wp-json\/wp\/v2\/posts"}],"about":[{"href":"https:\/\/contrastes.com.co\/digital\/wp-json\/wp\/v2\/types\/post"}],"author":[{"embeddable":true,"href":"https:\/\/contrastes.com.co\/digital\/wp-json\/wp\/v2\/users\/1"}],"replies":[{"embeddable":true,"href":"https:\/\/contrastes.com.co\/digital\/wp-json\/wp\/v2\/comments?post=9804"}],"version-history":[{"count":1,"href":"https:\/\/contrastes.com.co\/digital\/wp-json\/wp\/v2\/posts\/9804\/revisions"}],"predecessor-version":[{"id":9806,"href":"https:\/\/contrastes.com.co\/digital\/wp-json\/wp\/v2\/posts\/9804\/revisions\/9806"}],"wp:featuredmedia":[{"embeddable":true,"href":"https:\/\/contrastes.com.co\/digital\/wp-json\/wp\/v2\/media\/9805"}],"wp:attachment":[{"href":"https:\/\/contrastes.com.co\/digital\/wp-json\/wp\/v2\/media?parent=9804"}],"wp:term":[{"taxonomy":"category","embeddable":true,"href":"https:\/\/contrastes.com.co\/digital\/wp-json\/wp\/v2\/categories?post=9804"},{"taxonomy":"post_tag","embeddable":true,"href":"https:\/\/contrastes.com.co\/digital\/wp-json\/wp\/v2\/tags?post=9804"}],"curies":[{"name":"wp","href":"https:\/\/api.w.org\/{rel}","templated":true}]}}