{"id":9807,"date":"2022-06-06T14:30:22","date_gmt":"2022-06-06T19:30:22","guid":{"rendered":"https:\/\/contrastes.com.co\/digital\/?p=9807"},"modified":"2022-06-07T14:37:34","modified_gmt":"2022-06-07T19:37:34","slug":"alcalde-pumarejo-convoca-cumbre-de-alcaldes-de-capitales-del-caribe-para-analizar-altas-tarifas-de-energia","status":"publish","type":"post","link":"https:\/\/contrastes.com.co\/digital\/alcalde-pumarejo-convoca-cumbre-de-alcaldes-de-capitales-del-caribe-para-analizar-altas-tarifas-de-energia\/","title":{"rendered":"Alcalde Pumarejo convoca cumbre de alcaldes de capitales del Caribe para analizar altas tarifas de energ\u00eda"},"content":{"rendered":"<p><strong>Alcalde Pumarejo convoca cumbre de alcaldes de capitales del Caribe para analizar altas tarifas de energ\u00eda<\/strong><\/p>\n<blockquote><p><strong>Seg\u00fan el alcalde Pumarejo, se trabajar\u00e1 en encontrar mecanismos para aliviar el bolsillo de los hogares coste\u00f1os en relaci\u00f3n con lo que pagan por el servicio de energ\u00eda.<\/strong><\/p><\/blockquote>\n<p><img loading=\"lazy\" decoding=\"async\" class=\"alignleft  wp-image-8529\" src=\"https:\/\/contrastes.com.co\/digital\/wp-content\/uploads\/2022\/03\/e-capitular.png\" alt=\"e capitular\" width=\"52\" height=\"52\" srcset=\"https:\/\/contrastes.com.co\/digital\/wp-content\/uploads\/2022\/03\/e-capitular.png 150w, https:\/\/contrastes.com.co\/digital\/wp-content\/uploads\/2022\/03\/e-capitular-60x60.png 60w\" sizes=\"auto, (max-width: 52px) 100vw, 52px\" \/>l pr\u00f3ximo jueves el alcalde Jaime Pumarejo recibir\u00e1 a los alcaldes de las capitales de la regi\u00f3n Caribe en una cumbre en la que se tratar\u00e1 el tema del alto costo de las tarifas de energ\u00eda que pagan los usuarios de la costa a los operadores Air-e y Afinia.<\/p>\n<p>Se analizar\u00e1 el impacto econ\u00f3mico de la nueva metodolog\u00eda autorizada por la Comisi\u00f3n de Regulaci\u00f3n de Energ\u00eda y Gas (CREG) que ha resultado en un incremento acumulado de la tarifa plena del 62.5% o si se compara con la llamada \u201cOpci\u00f3n Tarifaria\u201d del 33.4%, entre junio de 2021 y abril de 2022, ubic\u00e1ndose el mayor aumento en el componente de \u2018p\u00e9rdidas reconocidas\u2019.<\/p>\n<p>Con esta decisi\u00f3n, la regi\u00f3n Caribe qued\u00f3 pagando las tarifas m\u00e1s caras en el pa\u00eds por el servicio de energ\u00eda.<\/p>\n<p>Mientras que un hogar de estrato 1 de Bogot\u00e1 paga, en promedio, $36.039, una familia del mismo estrato en Barranquilla, a causa de una mayor necesidad de consumo por las condiciones clim\u00e1ticas de la regi\u00f3n y por el dif\u00edcil efecto de tener la tarifa m\u00e1s alta de Colombia, recibe una factura promedio de $90.526.<\/p>\n<p>Seg\u00fan el alcalde Pumarejo, se trabajar\u00e1 en encontrar mecanismos para aliviar el bolsillo de los hogares coste\u00f1os en relaci\u00f3n con lo que pagan por el servicio de energ\u00eda.<\/p>\n<p>Los mandatarios de las capitales de la regi\u00f3n Caribe se reunir\u00e1n con el alcalde Pumarejo en la Alcald\u00eda de Barranquilla este jueves en horas de la ma\u00f1ana.<\/p>\n","protected":false},"excerpt":{"rendered":"<p>El pr\u00f3ximo jueves el alcalde Jaime Pumarejo recibir\u00e1 a los alcaldes de las capitales de la regi\u00f3n Caribe en una cumbre en la que se tratar\u00e1 el tema del alto costo de las tarifas de energ\u00eda que pagan los usuarios de la costa a los operadores Air-e y Afinia.<\/p>\n","protected":false},"author":1,"featured_media":9808,"comment_status":"open","ping_status":"open","sticky":false,"template":"","format":"standard","meta":{"footnotes":""},"categories":[2823,6,2065],"tags":[6071,1125,1286],"class_list":["post-9807","post","type-post","status-publish","format-standard","has-post-thumbnail","hentry","category-convocatorias","category-region","category-servicios-publicos","tag-cumbre-alcaldes-del-caribe","tag-jaime-pumarejo","tag-tarifas-energia-electrica"],"_links":{"self":[{"href":"https:\/\/contrastes.com.co\/digital\/wp-json\/wp\/v2\/posts\/9807","targetHints":{"allow":["GET"]}}],"collection":[{"href":"https:\/\/contrastes.com.co\/digital\/wp-json\/wp\/v2\/posts"}],"about":[{"href":"https:\/\/contrastes.com.co\/digital\/wp-json\/wp\/v2\/types\/post"}],"author":[{"embeddable":true,"href":"https:\/\/contrastes.com.co\/digital\/wp-json\/wp\/v2\/users\/1"}],"replies":[{"embeddable":true,"href":"https:\/\/contrastes.com.co\/digital\/wp-json\/wp\/v2\/comments?post=9807"}],"version-history":[{"count":1,"href":"https:\/\/contrastes.com.co\/digital\/wp-json\/wp\/v2\/posts\/9807\/revisions"}],"predecessor-version":[{"id":9809,"href":"https:\/\/contrastes.com.co\/digital\/wp-json\/wp\/v2\/posts\/9807\/revisions\/9809"}],"wp:featuredmedia":[{"embeddable":true,"href":"https:\/\/contrastes.com.co\/digital\/wp-json\/wp\/v2\/media\/9808"}],"wp:attachment":[{"href":"https:\/\/contrastes.com.co\/digital\/wp-json\/wp\/v2\/media?parent=9807"}],"wp:term":[{"taxonomy":"category","embeddable":true,"href":"https:\/\/contrastes.com.co\/digital\/wp-json\/wp\/v2\/categories?post=9807"},{"taxonomy":"post_tag","embeddable":true,"href":"https:\/\/contrastes.com.co\/digital\/wp-json\/wp\/v2\/tags?post=9807"}],"curies":[{"name":"wp","href":"https:\/\/api.w.org\/{rel}","templated":true}]}}