{"id":9914,"date":"2022-06-13T13:42:48","date_gmt":"2022-06-13T18:42:48","guid":{"rendered":"https:\/\/contrastes.com.co\/digital\/?p=9914"},"modified":"2022-06-13T13:42:48","modified_gmt":"2022-06-13T18:42:48","slug":"vamos-a-darle-la-solucion-definitiva-pumarejo-sobre-cano-de-la-auyama","status":"publish","type":"post","link":"https:\/\/contrastes.com.co\/digital\/vamos-a-darle-la-solucion-definitiva-pumarejo-sobre-cano-de-la-auyama\/","title":{"rendered":"\u201cVamos a darle la soluci\u00f3n definitiva\u201d: Pumarejo sobre ca\u00f1o de La Auyama"},"content":{"rendered":"<p><strong>*\u201cVamos a darle la soluci\u00f3n definitiva\u201d: Pumarejo sobre ca\u00f1o de La Auyama<\/strong><\/p>\n<blockquote><p><strong>En compa\u00f1\u00eda de integrantes de su gabinete, el mandatario distrital anunci\u00f3 que se pondr\u00e1 en marcha un \u201cambicioso proyecto\u201d en el ca\u00f1o de La Auyama, con el fin de brindar una soluci\u00f3n a este tipo de emergencias que se registran \u201ccada cierto tiempo\u201d.<\/strong><\/p><\/blockquote>\n<p><img loading=\"lazy\" decoding=\"async\" class=\"alignleft  wp-image-8619\" src=\"https:\/\/contrastes.com.co\/digital\/wp-content\/uploads\/2022\/03\/t-capitular.png\" alt=\"t capitular\" width=\"52\" height=\"52\" srcset=\"https:\/\/contrastes.com.co\/digital\/wp-content\/uploads\/2022\/03\/t-capitular.png 100w, https:\/\/contrastes.com.co\/digital\/wp-content\/uploads\/2022\/03\/t-capitular-60x60.png 60w\" sizes=\"auto, (max-width: 52px) 100vw, 52px\" \/>ras realizar un recorrido por una de las zonas en la que se registraron emergencias debido al torrencial aguacero que se present\u00f3 en la tarde de este s\u00e1bado, el alcalde Jaime Pumarejo Heins anunci\u00f3 que se empezar\u00e1n a entregar ayudas a las familias damnificadas.<\/p>\n<p>El mandatario afirm\u00f3 que desde el s\u00e1bado, Gesti\u00f3n del Riesgo ha estado haciendo un censo de los damnificados, \u201cya hemos dado la orden para que se le entreguen ayudas a esas familias, tales como colchones de alta calidad que a\u00fan ten\u00edamos almacenados de los Juegos Centroamericanos. Tambi\u00e9n entregaremos v\u00edveres y otros elementos que puedan necesitar\u201d, precis\u00f3 Pumarejo.<\/p>\n<p>En compa\u00f1\u00eda de integrantes de su gabinete, el mandatario distrital anunci\u00f3 que se pondr\u00e1 en marcha un \u201cambicioso proyecto\u201d en el ca\u00f1o de La Auyama, con el fin de brindar una soluci\u00f3n a este tipo de emergencias que se registran \u201ccada cierto tiempo\u201d.<\/p>\n<p>\u201cArrancamos con el proyecto de rectificaci\u00f3n del ca\u00f1o de La Auyama. Son cuatro kil\u00f3metros en donde vamos a profundizar, ampliar y proteger el ca\u00f1o. Esto con el fin de que el agua que llegue, pueda ser absorbida, porque actualmente no es lo suficientemente ancho ni profundo, as\u00ed como no est\u00e1n protegidas las orillas\u201d, indic\u00f3.<\/p>\n<p>Expuso, adem\u00e1s, que se contempla la construcci\u00f3n de diques, mientras que en otros tramos habr\u00e1 ampliaci\u00f3n del ancho a 30 metros: \u201cTendr\u00e1, en promedio, 7 metros de profundidad, para que cuando hayan fuertes aguacero, la gente de estos barrios puedan dormir tranquilos\u201d.<\/p>\n<p>Agreg\u00f3 que esta intervenci\u00f3n se complementa con los trabajos de adecuaci\u00f3n que la administraci\u00f3n ha adelantado en otros ca\u00f1os de la ciudad.<\/p>\n<p>Por otro lado, Pumarejo asever\u00f3 que \u201cel cambio clim\u00e1tico ha hecho que los aguaceros sean m\u00e1s fuertes en cortos periodos de tiempo, al mismo tiempo que la invasi\u00f3n de algunas zonas ha hecho que sitios donde el agua llegaba, pero no hab\u00eda viviendas, sufran inundaciones\u201d.<\/p>\n<p>\u201cDe un momento a otro sentimos que el ca\u00f1o se desbord\u00f3 y el agua entr\u00f3 en las casas muy r\u00e1pido. No nos dio tiempo de salvar nada, solo de coger a los ni\u00f1os y ponerlos sobre una mesa\u201d.<\/p>\n","protected":false},"excerpt":{"rendered":"<p>Tras realizar un recorrido por una de las zonas en la que se registraron emergencias debido al torrencial aguacero que se present\u00f3 en la tarde de este s\u00e1bado, el alcalde Jaime Pumarejo Heins anunci\u00f3 que se empezar\u00e1n a entregar ayudas a las familias damnificadas.<\/p>\n","protected":false},"author":1,"featured_media":9915,"comment_status":"open","ping_status":"open","sticky":false,"template":"","format":"standard","meta":{"footnotes":""},"categories":[1590,3542,6],"tags":[6124,224,6126,6125],"class_list":["post-9914","post","type-post","status-publish","format-standard","has-post-thumbnail","hentry","category-emergencias-y-desastres","category-obras-publicas","category-region","tag-cano-de-la-ahuyama","tag-distrito-de-barranquilla","tag-emergencias-aguacero","tag-obras-publicas"],"_links":{"self":[{"href":"https:\/\/contrastes.com.co\/digital\/wp-json\/wp\/v2\/posts\/9914","targetHints":{"allow":["GET"]}}],"collection":[{"href":"https:\/\/contrastes.com.co\/digital\/wp-json\/wp\/v2\/posts"}],"about":[{"href":"https:\/\/contrastes.com.co\/digital\/wp-json\/wp\/v2\/types\/post"}],"author":[{"embeddable":true,"href":"https:\/\/contrastes.com.co\/digital\/wp-json\/wp\/v2\/users\/1"}],"replies":[{"embeddable":true,"href":"https:\/\/contrastes.com.co\/digital\/wp-json\/wp\/v2\/comments?post=9914"}],"version-history":[{"count":1,"href":"https:\/\/contrastes.com.co\/digital\/wp-json\/wp\/v2\/posts\/9914\/revisions"}],"predecessor-version":[{"id":9916,"href":"https:\/\/contrastes.com.co\/digital\/wp-json\/wp\/v2\/posts\/9914\/revisions\/9916"}],"wp:featuredmedia":[{"embeddable":true,"href":"https:\/\/contrastes.com.co\/digital\/wp-json\/wp\/v2\/media\/9915"}],"wp:attachment":[{"href":"https:\/\/contrastes.com.co\/digital\/wp-json\/wp\/v2\/media?parent=9914"}],"wp:term":[{"taxonomy":"category","embeddable":true,"href":"https:\/\/contrastes.com.co\/digital\/wp-json\/wp\/v2\/categories?post=9914"},{"taxonomy":"post_tag","embeddable":true,"href":"https:\/\/contrastes.com.co\/digital\/wp-json\/wp\/v2\/tags?post=9914"}],"curies":[{"name":"wp","href":"https:\/\/api.w.org\/{rel}","templated":true}]}}