{"id":9965,"date":"2022-06-15T16:25:03","date_gmt":"2022-06-15T21:25:03","guid":{"rendered":"https:\/\/contrastes.com.co\/digital\/?p=9965"},"modified":"2022-06-15T16:25:03","modified_gmt":"2022-06-15T21:25:03","slug":"especial-con-agenda-cultural-y-de-innovacion-se-conmemoran-117-anos-del-atlantico","status":"publish","type":"post","link":"https:\/\/contrastes.com.co\/digital\/especial-con-agenda-cultural-y-de-innovacion-se-conmemoran-117-anos-del-atlantico\/","title":{"rendered":"ESPECIAL: Con agenda cultural y de innovaci\u00f3n se conmemoran 117 a\u00f1os del Atl\u00e1ntico"},"content":{"rendered":"<p><strong>*Con agenda cultural y de innovaci\u00f3n se conmemoran 117 a\u00f1os del Atl\u00e1ntico<\/strong><\/p>\n<blockquote><p><strong>Nuestro portal Contrastes.com.co -doce a\u00f1os informando a los atlanticenses- se suma a esta importante celebraci\u00f3n dese\u00e1ndole a nuestro departamento gran prosperidad y que contin\u00fae sumando \u00e9xitos a sus avances en pro del desarrollo integral de nuestros habitantes y de nuestra infraestructura como eje fundamental de la regi\u00f3n caribe.<\/strong><\/p><\/blockquote>\n<p><img loading=\"lazy\" decoding=\"async\" class=\"alignleft  wp-image-8529\" src=\"https:\/\/contrastes.com.co\/digital\/wp-content\/uploads\/2022\/03\/e-capitular.png\" alt=\"e capitular\" width=\"44\" height=\"44\" srcset=\"https:\/\/contrastes.com.co\/digital\/wp-content\/uploads\/2022\/03\/e-capitular.png 150w, https:\/\/contrastes.com.co\/digital\/wp-content\/uploads\/2022\/03\/e-capitular-60x60.png 60w\" sizes=\"auto, (max-width: 44px) 100vw, 44px\" \/>l departamento del Atl\u00e1ntico llega a los 117 a\u00f1os, con una agenda cultura y de innovaci\u00f3n que se lleva cabo con el primer Congreso de Industrias Culturales e Innovaci\u00f3n Cultural denominado \u2018Atl\u00e1ntico Crea\u2019, un espacio para la innovaci\u00f3n y transferencia de saberes, que garantizar\u00e1n la conservaci\u00f3n de la identidad de los habitantes de este ente territorial.<\/p>\n<p>La jornada se cumple, desde este mi\u00e9rcoles 15 hasta el viernes 17 de junio, desde la F\u00e1brica de Cultura donde se reunir\u00e1n invitados de todas las regiones del pa\u00eds conversando sobre aprendizajes culturales de cada zona del pa\u00eds.<\/p>\n<p>En este nuevo aniversario, el departamento del Atl\u00e1ntico -que es el tercero m\u00e1s peque\u00f1o de los 32 que conforman el pa\u00eds y al mismo tiempo el cuarto con mayor n\u00famero de habitantes de toda Colombia- contar\u00e1 con proyectos bandera para la gobernaci\u00f3n del Atl\u00e1ntico, como el primer Centro N\u00e1utico Deportivo del Caribe, que se entregar\u00e1 en el primer semestre del 2023, para practicar y potenciar los deportes acu\u00e1ticos desde las playas de Salinas del Rey en Juan de Acosta.<\/p>\n<p>Igualmente, el mercado gastron\u00f3mico en honor a los migrantes, que se construye en la renovada plaza del municipio de Puerto Colombia.<\/p>\n<p>Nuestro portal <span style=\"color: #993300;\"><em><strong>Contrastes.com.co<\/strong><\/em><\/span> -doce a\u00f1os informando a los atlanticenses- se suma a esta importante celebraci\u00f3n dese\u00e1ndole a nuestro departamento gran prosperidad y que contin\u00fae sumando \u00e9xitos a sus avances en pro del desarrollo integral de nuestros habitantes y de nuestra infraestructura como eje fundamental de la regi\u00f3n caribe.<\/p>\n<hr \/>\n<h3>Gobernadora celebr\u00f3 117 a\u00f1os del departamento en instalaci\u00f3n del Congreso Atl\u00e1ntico CREA<\/h3>\n<figure id=\"attachment_9967\" aria-describedby=\"caption-attachment-9967\" style=\"width: 1200px\" class=\"wp-caption aligncenter\"><img loading=\"lazy\" decoding=\"async\" class=\"wp-image-9967 size-full\" src=\"https:\/\/contrastes.com.co\/digital\/wp-content\/uploads\/2022\/06\/elsa-2.jpg\" alt=\"elsa celebr\" width=\"1200\" height=\"783\" srcset=\"https:\/\/contrastes.com.co\/digital\/wp-content\/uploads\/2022\/06\/elsa-2.jpg 1200w, https:\/\/contrastes.com.co\/digital\/wp-content\/uploads\/2022\/06\/elsa-2-300x196.jpg 300w, https:\/\/contrastes.com.co\/digital\/wp-content\/uploads\/2022\/06\/elsa-2-1024x668.jpg 1024w, https:\/\/contrastes.com.co\/digital\/wp-content\/uploads\/2022\/06\/elsa-2-768x501.jpg 768w\" sizes=\"auto, (max-width: 1200px) 100vw, 1200px\" \/><figcaption id=\"caption-attachment-9967\" class=\"wp-caption-text\">La mandataria departamental estuvo acompa\u00f1ada de gestores culturales participantes en el formato televisivo \u2018Embajadores del Atl\u00e1ntico\u2019, que actualmente se emite en la pantalla nacional de Se\u00f1al Colombia.<\/figcaption><\/figure>\n<blockquote><p><strong>*La mandataria, Elsa Noguera, inici\u00f3 las actividades conmemorativas del cumplea\u00f1os 117 del departamento inaugurando el I Congreso de Industrias Creativas e Innovaci\u00f3n: Atl\u00e1ntico CREA.<\/strong><\/p>\n<p><strong>*En su intervenci\u00f3n, la Gobernadora comparti\u00f3 escenario con gestores culturales que llevan en alto las tradiciones del departamento en el formato televisivo \u2018Embajadores del Atl\u00e1ntico\u2019.<\/strong><\/p>\n<p><strong>*La programaci\u00f3n del evento, organizado por la Secretar\u00eda de Cultura y Patrimonio con el apoyo de la Secretar\u00eda de las TIC, se extender\u00e1 hasta el viernes 17 de junio con experiencias de arte y tecnolog\u00eda, talleres de storytelling, performances culturales y conferencias de expertos nacionales e internacionales.<\/strong><\/p><\/blockquote>\n<p>En el marco de los 117 a\u00f1os del departamento, la gobernadora, Elsa Noguera, inici\u00f3 las actividades conmemorativas del aniversario en la jornada inaugural del I Congreso de Industrias Creativas e Innovaci\u00f3n: Atl\u00e1ntico Crea, que durante los pr\u00f3ximos d\u00edas re\u00fane a expertos nacionales e internacionales en la F\u00e1brica de Cultura de Barranquilla.<\/p>\n<p>\u201cQu\u00e9 orgullo celebrar el cumplea\u00f1os del Atl\u00e1ntico con nuestra gente. Juntos le demostramos al mundo que somos resilientes, que sabemos adaptarnos a las circunstancias y que la cultura nos mantiene m\u00e1s vivos que nunca. Este congreso de Atl\u00e1ntico CREA ser\u00e1 una vitrina para exaltar lo que somos y mostrarles los aprendizajes que hemos tenido durante la pandemia en el sector cultura\u201d, afirm\u00f3 la Gobernadora durante la instalaci\u00f3n del evento.<\/p>\n<p>La mandataria departamental estuvo acompa\u00f1ada de gestores culturales participantes en el formato televisivo \u2018Embajadores del Atl\u00e1ntico\u2019, que actualmente se emite en la pantalla nacional de Se\u00f1al Colombia. Son ellos: \u00c1ngel Gonz\u00e1lez, embajador zona Costera; Marilyn Morales, embajadora zona Centro; Iv\u00e1n Fontalvo, embajador zona Oriental; Jaime De \u00c1vila, embajador zona Metropolitana; Clorys Machac\u00f3n, embajadora zona Sur y Marlon Peroza, gaitero y compositor de la canci\u00f3n \u2018Atl\u00e1ntico M\u00edo\u2019, que son\u00f3 con fuerza para celebrar el cumplea\u00f1os del departamento.<\/p>\n<p>\u201cComo dice la canci\u00f3n: \u00a1Este es el Atl\u00e1ntico m\u00edo, bendita tierra de Dios la que me llena de orgullo!. Estamos muy agradecidos por la oportunidad de llevar nuestra cultura a la pantalla nacional. Atl\u00e1ntico es m\u00e1s tradici\u00f3n, m\u00e1s gente bacana y m\u00e1s orgullo por nuestra identidad\u201d, dijo emocionado Jaime De \u00c1vila, artista esc\u00e9nico nacido en el municipio de Malambo, quien recibi\u00f3 un certificado conmemorativo de manos de la Gobernadora, as\u00ed como sus colegas embajadores.<\/p>\n<figure id=\"attachment_9968\" aria-describedby=\"caption-attachment-9968\" style=\"width: 1200px\" class=\"wp-caption aligncenter\"><img loading=\"lazy\" decoding=\"async\" class=\"wp-image-9968 size-full\" src=\"https:\/\/contrastes.com.co\/digital\/wp-content\/uploads\/2022\/06\/elsa-1.jpg\" alt=\"elsa celeb3\" width=\"1200\" height=\"783\" srcset=\"https:\/\/contrastes.com.co\/digital\/wp-content\/uploads\/2022\/06\/elsa-1.jpg 1200w, https:\/\/contrastes.com.co\/digital\/wp-content\/uploads\/2022\/06\/elsa-1-300x196.jpg 300w, https:\/\/contrastes.com.co\/digital\/wp-content\/uploads\/2022\/06\/elsa-1-1024x668.jpg 1024w, https:\/\/contrastes.com.co\/digital\/wp-content\/uploads\/2022\/06\/elsa-1-768x501.jpg 768w\" sizes=\"auto, (max-width: 1200px) 100vw, 1200px\" \/><figcaption id=\"caption-attachment-9968\" class=\"wp-caption-text\">\u201cQu\u00e9 orgullo celebrar el cumplea\u00f1os del Atl\u00e1ntico con nuestra gente. Juntos le demostramos al mundo que somos resilientes, que sabemos adaptarnos a las circunstancias y que la cultura nos mantiene m\u00e1s vivos que nunca\u00bb, dijo la gobernadora del Atl\u00e1ntico Elsa Noguera.<\/figcaption><\/figure>\n<h3>Arranca Atl\u00e1ntico CREA<\/h3>\n<p>Ya est\u00e1n en Barranquilla los expertos nacionales e internacionales que har\u00e1n parte de la agenda del congreso. Entre los ponentes internacionales se destaca Josep Forn\u00e9s, reconocido antrop\u00f3logo, muse\u00f3logo y escritor catal\u00e1n, quien durante 12 a\u00f1os fue director del &#8216;Museu Etnol\u00f2gic i de Cultures del M\u00f3n&#8217; en Catalu\u00f1a. Tambi\u00e9n participar\u00e1 el espa\u00f1ol Ra\u00fal Castro, experto en storytelling, uno de los referentes latinoamericanos en liderazgo enfocado a las nuevas generaciones. Es parte de los invitados el investigador Fernando Vicario, que ha desempe\u00f1ado gran parte de su vida profesional en Am\u00e9rica Latina en organizaciones como CAB, AECID, OEI y ha colaborado con organismos como el BID, la CAF o Unesco. Tambi\u00e9n participa la artista Norella Magdaniels, una de las principales crypto artistas de Latinoam\u00e9rica, referente creativo por llevar su arte a trav\u00e9s de la tecnolog\u00eda de los NFT.<\/p>\n<p>Entre los panelista que forman parte de la programaci\u00f3n est\u00e1n el experto en pol\u00edticas culturales, <strong>Gonzalo Castellanos; el consultor en cultura y gesti\u00f3n p\u00fablica, Jorge Melguizo; la periodista cultural, Catalina Ceballos; el coordinador Grupo Emprendimiento Cultural del Ministerio de Cultura, \u00c1ngel Moreno; el especialista en log\u00edstica integral, con experiencia en gesti\u00f3n de la innovaci\u00f3n y desarrollo de capacidades en emprendimiento, Ricardo Pe\u00f1a. De esta n\u00f3mina hace parte Diego Garz\u00f3n, experto en gesti\u00f3n cultural,<\/strong> entre otros.<\/p>\n<p>La reflexi\u00f3n alrededor del <strong>programa \u2018Embajadores del Atl\u00e1ntico\u2019<\/strong> se integr\u00f3 a la programaci\u00f3n del <strong>Congreso Atl\u00e1ntico CREA<\/strong> como una experiencia en la cual las nuevas plataformas y los medios tradicionales convergen en los relatos de la cultura y la construcci\u00f3n de identidad local.<\/p>\n<p>\u201cEn este primer d\u00eda de congreso, abordamos la cultura desde diferentes miradas, fuera de la caja, entendiendo que los procesos actuales est\u00e1n tomando nuevos caminos hacia la innovaci\u00f3n, hacia las econom\u00edas creativas y el arte migra a formatos digitales como NFT. Todo este panorama lo estamos explorando en un di\u00e1logo y reconocimiento interactivo entre gestores, expertos y aficionados, cuyas voces se toman la F\u00e1brica de Cultura para trazar juntos el camino que debemos seguir en el sector que nos une\u201d, enfatiz\u00f3 la <strong>secretaria de Cultura y Patrimonio, Diana Acosta<\/strong>, quien agreg\u00f3 que la agenda de actividades es transmitida en vivo por la p\u00e1gina de Facebook de la Secretar\u00eda de Cultura y Patrimonio del Atl\u00e1ntico.<\/p>\n","protected":false},"excerpt":{"rendered":"<p>El departamento del Atl\u00e1ntico llega a los 117 a\u00f1os, con una agenda cultura y de innovaci\u00f3n que se lleva cabo con el primer Congreso de Industrias Culturales e Innovaci\u00f3n Cultural denominado \u2018Atl\u00e1ntico Crea\u2019, un espacio para la innovaci\u00f3n y transferencia de saberes, que garantizar\u00e1n la conservaci\u00f3n de la identidad de los habitantes de este ente territorial.<\/p>\n","protected":false},"author":1,"featured_media":9966,"comment_status":"open","ping_status":"open","sticky":false,"template":"","format":"standard","meta":{"footnotes":""},"categories":[184,64,2148,4,2651,6],"tags":[6167,6166,6168,68,2001,31,139,183],"class_list":["post-9965","post","type-post","status-publish","format-standard","has-post-thumbnail","hentry","category-congreso","category-cultura","category-eventos","category-pais","category-reconocimientos","category-region","tag-agenda-cultural","tag-aniversario-117","tag-congreso-atlantico-crea","tag-departamento-del-atlantico","tag-diana-acosta","tag-elsa-noguera","tag-gobernadora-del-atlantico","tag-secretaria-de-cultura-y-patrimonio"],"_links":{"self":[{"href":"https:\/\/contrastes.com.co\/digital\/wp-json\/wp\/v2\/posts\/9965","targetHints":{"allow":["GET"]}}],"collection":[{"href":"https:\/\/contrastes.com.co\/digital\/wp-json\/wp\/v2\/posts"}],"about":[{"href":"https:\/\/contrastes.com.co\/digital\/wp-json\/wp\/v2\/types\/post"}],"author":[{"embeddable":true,"href":"https:\/\/contrastes.com.co\/digital\/wp-json\/wp\/v2\/users\/1"}],"replies":[{"embeddable":true,"href":"https:\/\/contrastes.com.co\/digital\/wp-json\/wp\/v2\/comments?post=9965"}],"version-history":[{"count":1,"href":"https:\/\/contrastes.com.co\/digital\/wp-json\/wp\/v2\/posts\/9965\/revisions"}],"predecessor-version":[{"id":9969,"href":"https:\/\/contrastes.com.co\/digital\/wp-json\/wp\/v2\/posts\/9965\/revisions\/9969"}],"wp:featuredmedia":[{"embeddable":true,"href":"https:\/\/contrastes.com.co\/digital\/wp-json\/wp\/v2\/media\/9966"}],"wp:attachment":[{"href":"https:\/\/contrastes.com.co\/digital\/wp-json\/wp\/v2\/media?parent=9965"}],"wp:term":[{"taxonomy":"category","embeddable":true,"href":"https:\/\/contrastes.com.co\/digital\/wp-json\/wp\/v2\/categories?post=9965"},{"taxonomy":"post_tag","embeddable":true,"href":"https:\/\/contrastes.com.co\/digital\/wp-json\/wp\/v2\/tags?post=9965"}],"curies":[{"name":"wp","href":"https:\/\/api.w.org\/{rel}","templated":true}]}}