{"id":3947,"count":2,"description":"","link":"https:\/\/contrastes.com.co\/digital\/tag\/alta-consejera-para-la-inclusion-de-la-poblacion-con-discapacidad-del-atlantico\/","name":"Alta Consejera para la Inclusi\u00f3n de la Poblaci\u00f3n con Discapacidad del Atl\u00e1ntico","slug":"alta-consejera-para-la-inclusion-de-la-poblacion-con-discapacidad-del-atlantico","taxonomy":"post_tag","meta":[],"_links":{"self":[{"href":"https:\/\/contrastes.com.co\/digital\/wp-json\/wp\/v2\/tags\/3947","targetHints":{"allow":["GET"]}}],"collection":[{"href":"https:\/\/contrastes.com.co\/digital\/wp-json\/wp\/v2\/tags"}],"about":[{"href":"https:\/\/contrastes.com.co\/digital\/wp-json\/wp\/v2\/taxonomies\/post_tag"}],"wp:post_type":[{"href":"https:\/\/contrastes.com.co\/digital\/wp-json\/wp\/v2\/posts?tags=3947"}],"curies":[{"name":"wp","href":"https:\/\/api.w.org\/{rel}","templated":true}]}}