{"id":4504,"count":2,"description":"","link":"https:\/\/contrastes.com.co\/digital\/tag\/gerente-de-asuntos-etnicos-de-la-gobernacion-del-atlantico\/","name":"Gerente de Asuntos \u00c9tnicos de la Gobernaci\u00f3n del Atl\u00e1ntico","slug":"gerente-de-asuntos-etnicos-de-la-gobernacion-del-atlantico","taxonomy":"post_tag","meta":[],"_links":{"self":[{"href":"https:\/\/contrastes.com.co\/digital\/wp-json\/wp\/v2\/tags\/4504","targetHints":{"allow":["GET"]}}],"collection":[{"href":"https:\/\/contrastes.com.co\/digital\/wp-json\/wp\/v2\/tags"}],"about":[{"href":"https:\/\/contrastes.com.co\/digital\/wp-json\/wp\/v2\/taxonomies\/post_tag"}],"wp:post_type":[{"href":"https:\/\/contrastes.com.co\/digital\/wp-json\/wp\/v2\/posts?tags=4504"}],"curies":[{"name":"wp","href":"https:\/\/api.w.org\/{rel}","templated":true}]}}