{"id":8419,"count":1,"description":"","link":"https:\/\/contrastes.com.co\/digital\/tag\/delegacion-del-ejercito-de-liberacion-nacional-eln\/","name":"delegaci\u00f3n del Ej\u00e9rcito de Liberaci\u00f3n Nacional \u2014ELN\u2014","slug":"delegacion-del-ejercito-de-liberacion-nacional-eln","taxonomy":"post_tag","meta":[],"_links":{"self":[{"href":"https:\/\/contrastes.com.co\/digital\/wp-json\/wp\/v2\/tags\/8419","targetHints":{"allow":["GET"]}}],"collection":[{"href":"https:\/\/contrastes.com.co\/digital\/wp-json\/wp\/v2\/tags"}],"about":[{"href":"https:\/\/contrastes.com.co\/digital\/wp-json\/wp\/v2\/taxonomies\/post_tag"}],"wp:post_type":[{"href":"https:\/\/contrastes.com.co\/digital\/wp-json\/wp\/v2\/posts?tags=8419"}],"curies":[{"name":"wp","href":"https:\/\/api.w.org\/{rel}","templated":true}]}}