{"id":10024,"date":"2022-06-20T19:32:16","date_gmt":"2022-06-21T00:32:16","guid":{"rendered":"https:\/\/contrastes.com.co\/digital\/?p=10024"},"modified":"2022-06-20T19:32:16","modified_gmt":"2022-06-21T00:32:16","slug":"la-costa-atlantica-determinante-en-triunfo-de-gustavo-petro","status":"publish","type":"post","link":"https:\/\/contrastes.com.co\/web\/2022\/06\/20\/la-costa-atlantica-determinante-en-triunfo-de-gustavo-petro\/","title":{"rendered":"La Costa Atl\u00e1ntica determinante en triunfo de Gustavo Petro"},"content":{"rendered":"<p><strong>*La Costa Atl\u00e1ntica determinante en triunfo de Gustavo Petro<\/strong><\/p>\n<blockquote><p><strong>Entre primera y segunda vuelta aument\u00f3 en 966.431 votos. Bol\u00edvar fue clave con un aumento de 333.175 sufragios.<\/strong><\/p><\/blockquote>\n<p><img decoding=\"async\" class=\"alignleft  wp-image-8524\" src=\"https:\/\/contrastes.com.co\/digital\/wp-content\/uploads\/2022\/03\/l-capitular.png\" alt=\"l capitular\" width=\"57\" height=\"57\" \/>as elecciones presidenciales tanto de primera como de segunda vuelta mantuvieron a Gustavo Petro al frente; sin embargo, las cifras en diferentes regiones estuvieron m\u00e1s a su favor que otras. Mientras Rodolfo Hern\u00e1ndez arras\u00f3 con Antioquia, Gustavo Petro se llev\u00f3 los votos de la costa pac\u00edfica y atl\u00e1ntica. Las cifras de cada regi\u00f3n del caribe colombiano fueron fundamentales en el triunfo del candidato del Pacto Hist\u00f3rico.<\/p>\n<p>La regi\u00f3n del atl\u00e1ntico junto con San Andr\u00e9s mostraron el apoyo a Petro con 1.891.788 votos en primera vuelta, una cifra que aument\u00f3 a 2.858.219 en las pasadas elecciones del 19 de junio. M\u00e1s 966 mil votos fueron determinantes.<\/p>\n<p><a href=\"https:\/\/twitter.com\/petrogustavo\/status\/1538645778540937217?ref_src=twsrc%5Etfw%7Ctwcamp%5Etweetembed%7Ctwterm%5E1538645778540937217%7Ctwgr%5E%7Ctwcon%5Es1_&#038;ref_url=https%3A%2F%2Fagenciapi.co%2Fnoticia%2Fpolitica%2Fla-costa-atlantica-determinante-en-triunfo-de-gustavo-petro\">https:\/\/twitter.com\/petrogustavo\/status\/1538645778540937217?ref_src=twsrc%5Etfw%7Ctwcamp%5Etweetembed%7Ctwterm%5E1538645778540937217%7Ctwgr%5E%7Ctwcon%5Es1_&amp;ref_url=https%3A%2F%2Fagenciapi.co%2Fnoticia%2Fpolitica%2Fla-costa-atlantica-determinante-en-triunfo-de-gustavo-petro<\/a><\/p>\n<p>&nbsp;<\/p>\n<p>Sin embargo, en contraste con las dos jornadas electorales, el departamento de Bol\u00edvar fue el que permiti\u00f3 un aumento de votos de ex alcalde de Bogot\u00e1.<\/p>\n<p>En primera vuelta presidencial, 159.866 personas votaron por Petro y la cifra ascendi\u00f3 a 493.041 colombianos que se decidieron por el candidato en la segunda vuelta. A los 333.175 votos de diferencia entre cada jornada electoral se les suma el dato de Barranquilla, segunda ciudad que aument\u00f3 el apoyo por Petro.<\/p>\n<p><strong>En la capital del Atl\u00e1ntico, pas\u00f3 a ser de 256.041 a 358.785 las personas que se decidieron por Petro. Cordoba tambi\u00e9n represent\u00f3 un aumento de votantes pasando de 237.516 a 325.698.<\/strong><\/p>\n<h3><strong>En Soledad la gente sali\u00f3 a votar por Petro<\/strong><\/h3>\n<blockquote><p><strong>En el municipio de Soledad, la s\u00e9ptima entidad territorial m\u00e1s poblada del pa\u00eds y la tercera de la costa atl\u00e1ntica, en primera vuelta votaron 137.563 personas (correspondientes al 42,99% del censo electoral municipal) y Gustavo Petro obtuvo un total de 89.468 votos; en la segunda vuelta sum\u00f3 33.782 votos para un total de 123.250, el total de sufragios ascendi\u00f3 a 161.336 ciudadanos (50,42% del potencial electoral que es de 319.924 votos).<\/strong><\/p><\/blockquote>\n<p><a href=\"https:\/\/twitter.com\/FranciaMarquezM\/status\/1538687213982167040?ref_src=twsrc%5Etfw%7Ctwcamp%5Etweetembed%7Ctwterm%5E1538687213982167040%7Ctwgr%5E%7Ctwcon%5Es1_&#038;ref_url=https%3A%2F%2Fagenciapi.co%2Fnoticia%2Fpolitica%2Fla-costa-atlantica-determinante-en-triunfo-de-gustavo-petro\">https:\/\/twitter.com\/FranciaMarquezM\/status\/1538687213982167040?ref_src=twsrc%5Etfw%7Ctwcamp%5Etweetembed%7Ctwterm%5E1538687213982167040%7Ctwgr%5E%7Ctwcon%5Es1_&amp;ref_url=https%3A%2F%2Fagenciapi.co%2Fnoticia%2Fpolitica%2Fla-costa-atlantica-determinante-en-triunfo-de-gustavo-petro<\/a><\/p>\n<p>&nbsp;<\/p>\n<p>As\u00ed las cosas, entre cada uno de los departamentos de la costa atl\u00e1ntica, Petro pas\u00f3 de tener el apoyo de 1.891.788 de personas a tener 2.858.219 electores en la segunda vuelta presidencial que le permiti\u00f3 llegar a la presidencia de Colombia.<\/p>\n<h3>Los siguientes son datos relevantes de la regi\u00f3n:<\/h3>\n<p><img fetchpriority=\"high\" decoding=\"async\" class=\"alignleft size-full wp-image-10027\" src=\"https:\/\/contrastes.com.co\/digital\/wp-content\/uploads\/2022\/06\/cifras.jpg\" alt=\"cifras debate\" width=\"1280\" height=\"1129\" \/><\/p>\n","protected":false},"excerpt":{"rendered":"<p>Las elecciones presidenciales tanto de primera como de segunda vuelta mantuvieron a Gustavo Petro al frente; sin embargo, las cifras en diferentes regiones estuvieron m\u00e1s a su favor que otras.<\/p>\n","protected":false},"author":1,"featured_media":10025,"comment_status":"open","ping_status":"open","sticky":false,"template":"","format":"standard","meta":{"footnotes":""},"categories":[124,4790,23,101,203,24],"tags":[6060,6061,4832,4847,4079,6058],"class_list":["post-10024","post","type-post","status-publish","format-standard","has-post-thumbnail","hentry","category-analisis","category-elecciones-2022","category-locales","category-pais","category-politica","category-region","tag-costa-atlantica","tag-departamentos-de-la-costa","tag-elecciones-presidenciales","tag-gustavo-petro","tag-presidente-de-la-republica","tag-presidente-electo"],"yoast_head":"<!-- This site is optimized with the Yoast SEO plugin v27.7 - https:\/\/yoast.com\/product\/yoast-seo-wordpress\/ -->\n<title>La Costa Atl\u00e1ntica determinante en triunfo de Gustavo Petro - Constrastes<\/title>\n<meta name=\"description\" content=\"Las elecciones presidenciales tanto de primera como de segunda vuelta mantuvieron a Gustavo Petro al frente; sin embargo, las cifras en diferentes regiones estuvieron m\u00e1s a su favor que otras.\" \/>\n<meta name=\"robots\" content=\"index, follow, max-snippet:-1, max-image-preview:large, max-video-preview:-1\" \/>\n<link rel=\"canonical\" href=\"https:\/\/contrastes.com.co\/web\/2022\/06\/20\/la-costa-atlantica-determinante-en-triunfo-de-gustavo-petro\/\" \/>\n<meta property=\"og:locale\" content=\"es_ES\" \/>\n<meta property=\"og:type\" content=\"article\" \/>\n<meta property=\"og:title\" content=\"La Costa Atl\u00e1ntica determinante en triunfo de Gustavo Petro - Constrastes\" \/>\n<meta property=\"og:description\" content=\"Las elecciones presidenciales tanto de primera como de segunda vuelta mantuvieron a Gustavo Petro al frente; sin embargo, las cifras en diferentes regiones estuvieron m\u00e1s a su favor que otras.\" \/>\n<meta property=\"og:url\" content=\"https:\/\/contrastes.com.co\/web\/2022\/06\/20\/la-costa-atlantica-determinante-en-triunfo-de-gustavo-petro\/\" \/>\n<meta property=\"og:site_name\" content=\"Constrastes\" \/>\n<meta property=\"article:publisher\" content=\"https:\/\/www.facebook.com\/guillo.pantoja.1\" \/>\n<meta property=\"article:published_time\" content=\"2022-06-21T00:32:16+00:00\" \/>\n<meta name=\"author\" content=\"Editor\" \/>\n<meta name=\"twitter:card\" content=\"summary_large_image\" \/>\n<meta name=\"twitter:label1\" content=\"Escrito por\" \/>\n\t<meta name=\"twitter:data1\" content=\"Editor\" \/>\n\t<meta name=\"twitter:label2\" content=\"Tiempo de lectura\" \/>\n\t<meta name=\"twitter:data2\" content=\"2 minutos\" \/>\n<script type=\"application\/ld+json\" class=\"yoast-schema-graph\">{\"@context\":\"https:\\\/\\\/schema.org\",\"@graph\":[{\"@type\":\"Article\",\"@id\":\"https:\\\/\\\/contrastes.com.co\\\/web\\\/2022\\\/06\\\/20\\\/la-costa-atlantica-determinante-en-triunfo-de-gustavo-petro\\\/#article\",\"isPartOf\":{\"@id\":\"https:\\\/\\\/contrastes.com.co\\\/web\\\/2022\\\/06\\\/20\\\/la-costa-atlantica-determinante-en-triunfo-de-gustavo-petro\\\/\"},\"author\":{\"name\":\"Editor\",\"@id\":\"https:\\\/\\\/contrastes.com.co\\\/web\\\/#\\\/schema\\\/person\\\/62ef7a62dc4da6de450c71fc2e95ed02\"},\"headline\":\"La Costa Atl\u00e1ntica determinante en triunfo de Gustavo Petro\",\"datePublished\":\"2022-06-21T00:32:16+00:00\",\"mainEntityOfPage\":{\"@id\":\"https:\\\/\\\/contrastes.com.co\\\/web\\\/2022\\\/06\\\/20\\\/la-costa-atlantica-determinante-en-triunfo-de-gustavo-petro\\\/\"},\"wordCount\":437,\"commentCount\":0,\"publisher\":{\"@id\":\"https:\\\/\\\/contrastes.com.co\\\/web\\\/#organization\"},\"image\":{\"@id\":\"https:\\\/\\\/contrastes.com.co\\\/web\\\/2022\\\/06\\\/20\\\/la-costa-atlantica-determinante-en-triunfo-de-gustavo-petro\\\/#primaryimage\"},\"thumbnailUrl\":\"\",\"keywords\":[\"costa atl\u00e1ntica\",\"departamentos de la costa\",\"Elecciones presidenciales\",\"Gustavo Petro\",\"Presidente de la Rep\u00fablica\",\"Presidente electo\"],\"articleSection\":[\"An\u00e1lisis\",\"Elecciones 2022\",\"Locales\",\"Pa\u00eds\",\"Pol\u00edtica\",\"Regi\u00f3n\"],\"inLanguage\":\"es\",\"potentialAction\":[{\"@type\":\"CommentAction\",\"name\":\"Comment\",\"target\":[\"https:\\\/\\\/contrastes.com.co\\\/web\\\/2022\\\/06\\\/20\\\/la-costa-atlantica-determinante-en-triunfo-de-gustavo-petro\\\/#respond\"]}]},{\"@type\":\"WebPage\",\"@id\":\"https:\\\/\\\/contrastes.com.co\\\/web\\\/2022\\\/06\\\/20\\\/la-costa-atlantica-determinante-en-triunfo-de-gustavo-petro\\\/\",\"url\":\"https:\\\/\\\/contrastes.com.co\\\/web\\\/2022\\\/06\\\/20\\\/la-costa-atlantica-determinante-en-triunfo-de-gustavo-petro\\\/\",\"name\":\"La Costa Atl\u00e1ntica determinante en triunfo de Gustavo Petro - Constrastes\",\"isPartOf\":{\"@id\":\"https:\\\/\\\/contrastes.com.co\\\/web\\\/#website\"},\"primaryImageOfPage\":{\"@id\":\"https:\\\/\\\/contrastes.com.co\\\/web\\\/2022\\\/06\\\/20\\\/la-costa-atlantica-determinante-en-triunfo-de-gustavo-petro\\\/#primaryimage\"},\"image\":{\"@id\":\"https:\\\/\\\/contrastes.com.co\\\/web\\\/2022\\\/06\\\/20\\\/la-costa-atlantica-determinante-en-triunfo-de-gustavo-petro\\\/#primaryimage\"},\"thumbnailUrl\":\"\",\"datePublished\":\"2022-06-21T00:32:16+00:00\",\"description\":\"Las elecciones presidenciales tanto de primera como de segunda vuelta mantuvieron a Gustavo Petro al frente; sin embargo, las cifras en diferentes regiones estuvieron m\u00e1s a su favor que otras.\",\"breadcrumb\":{\"@id\":\"https:\\\/\\\/contrastes.com.co\\\/web\\\/2022\\\/06\\\/20\\\/la-costa-atlantica-determinante-en-triunfo-de-gustavo-petro\\\/#breadcrumb\"},\"inLanguage\":\"es\",\"potentialAction\":[{\"@type\":\"ReadAction\",\"target\":[\"https:\\\/\\\/contrastes.com.co\\\/web\\\/2022\\\/06\\\/20\\\/la-costa-atlantica-determinante-en-triunfo-de-gustavo-petro\\\/\"]}]},{\"@type\":\"ImageObject\",\"inLanguage\":\"es\",\"@id\":\"https:\\\/\\\/contrastes.com.co\\\/web\\\/2022\\\/06\\\/20\\\/la-costa-atlantica-determinante-en-triunfo-de-gustavo-petro\\\/#primaryimage\",\"url\":\"\",\"contentUrl\":\"\"},{\"@type\":\"BreadcrumbList\",\"@id\":\"https:\\\/\\\/contrastes.com.co\\\/web\\\/2022\\\/06\\\/20\\\/la-costa-atlantica-determinante-en-triunfo-de-gustavo-petro\\\/#breadcrumb\",\"itemListElement\":[{\"@type\":\"ListItem\",\"position\":1,\"name\":\"Portada\",\"item\":\"https:\\\/\\\/contrastes.com.co\\\/web\\\/\"},{\"@type\":\"ListItem\",\"position\":2,\"name\":\"La Costa Atl\u00e1ntica determinante en triunfo de Gustavo Petro\"}]},{\"@type\":\"WebSite\",\"@id\":\"https:\\\/\\\/contrastes.com.co\\\/web\\\/#website\",\"url\":\"https:\\\/\\\/contrastes.com.co\\\/web\\\/\",\"name\":\"Contrastes\",\"description\":\"Periodismo de Conciencia\",\"publisher\":{\"@id\":\"https:\\\/\\\/contrastes.com.co\\\/web\\\/#organization\"},\"potentialAction\":[{\"@type\":\"SearchAction\",\"target\":{\"@type\":\"EntryPoint\",\"urlTemplate\":\"https:\\\/\\\/contrastes.com.co\\\/web\\\/?s={search_term_string}\"},\"query-input\":{\"@type\":\"PropertyValueSpecification\",\"valueRequired\":true,\"valueName\":\"search_term_string\"}}],\"inLanguage\":\"es\"},{\"@type\":\"Organization\",\"@id\":\"https:\\\/\\\/contrastes.com.co\\\/web\\\/#organization\",\"name\":\"Contrastes\",\"url\":\"https:\\\/\\\/contrastes.com.co\\\/web\\\/\",\"logo\":{\"@type\":\"ImageObject\",\"inLanguage\":\"es\",\"@id\":\"https:\\\/\\\/contrastes.com.co\\\/web\\\/#\\\/schema\\\/logo\\\/image\\\/\",\"url\":\"https:\\\/\\\/contrastes.com.co\\\/web\\\/wp-content\\\/uploads\\\/2025\\\/04\\\/15CONTRASTES3.png\",\"contentUrl\":\"https:\\\/\\\/contrastes.com.co\\\/web\\\/wp-content\\\/uploads\\\/2025\\\/04\\\/15CONTRASTES3.png\",\"width\":1536,\"height\":231,\"caption\":\"Contrastes\"},\"image\":{\"@id\":\"https:\\\/\\\/contrastes.com.co\\\/web\\\/#\\\/schema\\\/logo\\\/image\\\/\"},\"sameAs\":[\"https:\\\/\\\/www.facebook.com\\\/guillo.pantoja.1\"]},{\"@type\":\"Person\",\"@id\":\"https:\\\/\\\/contrastes.com.co\\\/web\\\/#\\\/schema\\\/person\\\/62ef7a62dc4da6de450c71fc2e95ed02\",\"name\":\"Editor\",\"image\":{\"@type\":\"ImageObject\",\"inLanguage\":\"es\",\"@id\":\"https:\\\/\\\/secure.gravatar.com\\\/avatar\\\/7bbb4f718d74bbf600dc556253bb04fd7ac8593751d6e2e3b85432d98aefae80?s=96&d=mm&r=g\",\"url\":\"https:\\\/\\\/secure.gravatar.com\\\/avatar\\\/7bbb4f718d74bbf600dc556253bb04fd7ac8593751d6e2e3b85432d98aefae80?s=96&d=mm&r=g\",\"contentUrl\":\"https:\\\/\\\/secure.gravatar.com\\\/avatar\\\/7bbb4f718d74bbf600dc556253bb04fd7ac8593751d6e2e3b85432d98aefae80?s=96&d=mm&r=g\",\"caption\":\"Editor\"},\"sameAs\":[\"https:\\\/\\\/contrastes.com.co\\\/web\"],\"url\":\"https:\\\/\\\/contrastes.com.co\\\/web\\\/author\\\/jdbobadilla\\\/\"}]}<\/script>\n<!-- \/ Yoast SEO plugin. -->","yoast_head_json":{"title":"La Costa Atl\u00e1ntica determinante en triunfo de Gustavo Petro - Constrastes","description":"Las elecciones presidenciales tanto de primera como de segunda vuelta mantuvieron a Gustavo Petro al frente; sin embargo, las cifras en diferentes regiones estuvieron m\u00e1s a su favor que otras.","robots":{"index":"index","follow":"follow","max-snippet":"max-snippet:-1","max-image-preview":"max-image-preview:large","max-video-preview":"max-video-preview:-1"},"canonical":"https:\/\/contrastes.com.co\/web\/2022\/06\/20\/la-costa-atlantica-determinante-en-triunfo-de-gustavo-petro\/","og_locale":"es_ES","og_type":"article","og_title":"La Costa Atl\u00e1ntica determinante en triunfo de Gustavo Petro - Constrastes","og_description":"Las elecciones presidenciales tanto de primera como de segunda vuelta mantuvieron a Gustavo Petro al frente; sin embargo, las cifras en diferentes regiones estuvieron m\u00e1s a su favor que otras.","og_url":"https:\/\/contrastes.com.co\/web\/2022\/06\/20\/la-costa-atlantica-determinante-en-triunfo-de-gustavo-petro\/","og_site_name":"Constrastes","article_publisher":"https:\/\/www.facebook.com\/guillo.pantoja.1","article_published_time":"2022-06-21T00:32:16+00:00","author":"Editor","twitter_card":"summary_large_image","twitter_misc":{"Escrito por":"Editor","Tiempo de lectura":"2 minutos"},"schema":{"@context":"https:\/\/schema.org","@graph":[{"@type":"Article","@id":"https:\/\/contrastes.com.co\/web\/2022\/06\/20\/la-costa-atlantica-determinante-en-triunfo-de-gustavo-petro\/#article","isPartOf":{"@id":"https:\/\/contrastes.com.co\/web\/2022\/06\/20\/la-costa-atlantica-determinante-en-triunfo-de-gustavo-petro\/"},"author":{"name":"Editor","@id":"https:\/\/contrastes.com.co\/web\/#\/schema\/person\/62ef7a62dc4da6de450c71fc2e95ed02"},"headline":"La Costa Atl\u00e1ntica determinante en triunfo de Gustavo Petro","datePublished":"2022-06-21T00:32:16+00:00","mainEntityOfPage":{"@id":"https:\/\/contrastes.com.co\/web\/2022\/06\/20\/la-costa-atlantica-determinante-en-triunfo-de-gustavo-petro\/"},"wordCount":437,"commentCount":0,"publisher":{"@id":"https:\/\/contrastes.com.co\/web\/#organization"},"image":{"@id":"https:\/\/contrastes.com.co\/web\/2022\/06\/20\/la-costa-atlantica-determinante-en-triunfo-de-gustavo-petro\/#primaryimage"},"thumbnailUrl":"","keywords":["costa atl\u00e1ntica","departamentos de la costa","Elecciones presidenciales","Gustavo Petro","Presidente de la Rep\u00fablica","Presidente electo"],"articleSection":["An\u00e1lisis","Elecciones 2022","Locales","Pa\u00eds","Pol\u00edtica","Regi\u00f3n"],"inLanguage":"es","potentialAction":[{"@type":"CommentAction","name":"Comment","target":["https:\/\/contrastes.com.co\/web\/2022\/06\/20\/la-costa-atlantica-determinante-en-triunfo-de-gustavo-petro\/#respond"]}]},{"@type":"WebPage","@id":"https:\/\/contrastes.com.co\/web\/2022\/06\/20\/la-costa-atlantica-determinante-en-triunfo-de-gustavo-petro\/","url":"https:\/\/contrastes.com.co\/web\/2022\/06\/20\/la-costa-atlantica-determinante-en-triunfo-de-gustavo-petro\/","name":"La Costa Atl\u00e1ntica determinante en triunfo de Gustavo Petro - Constrastes","isPartOf":{"@id":"https:\/\/contrastes.com.co\/web\/#website"},"primaryImageOfPage":{"@id":"https:\/\/contrastes.com.co\/web\/2022\/06\/20\/la-costa-atlantica-determinante-en-triunfo-de-gustavo-petro\/#primaryimage"},"image":{"@id":"https:\/\/contrastes.com.co\/web\/2022\/06\/20\/la-costa-atlantica-determinante-en-triunfo-de-gustavo-petro\/#primaryimage"},"thumbnailUrl":"","datePublished":"2022-06-21T00:32:16+00:00","description":"Las elecciones presidenciales tanto de primera como de segunda vuelta mantuvieron a Gustavo Petro al frente; sin embargo, las cifras en diferentes regiones estuvieron m\u00e1s a su favor que otras.","breadcrumb":{"@id":"https:\/\/contrastes.com.co\/web\/2022\/06\/20\/la-costa-atlantica-determinante-en-triunfo-de-gustavo-petro\/#breadcrumb"},"inLanguage":"es","potentialAction":[{"@type":"ReadAction","target":["https:\/\/contrastes.com.co\/web\/2022\/06\/20\/la-costa-atlantica-determinante-en-triunfo-de-gustavo-petro\/"]}]},{"@type":"ImageObject","inLanguage":"es","@id":"https:\/\/contrastes.com.co\/web\/2022\/06\/20\/la-costa-atlantica-determinante-en-triunfo-de-gustavo-petro\/#primaryimage","url":"","contentUrl":""},{"@type":"BreadcrumbList","@id":"https:\/\/contrastes.com.co\/web\/2022\/06\/20\/la-costa-atlantica-determinante-en-triunfo-de-gustavo-petro\/#breadcrumb","itemListElement":[{"@type":"ListItem","position":1,"name":"Portada","item":"https:\/\/contrastes.com.co\/web\/"},{"@type":"ListItem","position":2,"name":"La Costa Atl\u00e1ntica determinante en triunfo de Gustavo Petro"}]},{"@type":"WebSite","@id":"https:\/\/contrastes.com.co\/web\/#website","url":"https:\/\/contrastes.com.co\/web\/","name":"Contrastes","description":"Periodismo de Conciencia","publisher":{"@id":"https:\/\/contrastes.com.co\/web\/#organization"},"potentialAction":[{"@type":"SearchAction","target":{"@type":"EntryPoint","urlTemplate":"https:\/\/contrastes.com.co\/web\/?s={search_term_string}"},"query-input":{"@type":"PropertyValueSpecification","valueRequired":true,"valueName":"search_term_string"}}],"inLanguage":"es"},{"@type":"Organization","@id":"https:\/\/contrastes.com.co\/web\/#organization","name":"Contrastes","url":"https:\/\/contrastes.com.co\/web\/","logo":{"@type":"ImageObject","inLanguage":"es","@id":"https:\/\/contrastes.com.co\/web\/#\/schema\/logo\/image\/","url":"https:\/\/contrastes.com.co\/web\/wp-content\/uploads\/2025\/04\/15CONTRASTES3.png","contentUrl":"https:\/\/contrastes.com.co\/web\/wp-content\/uploads\/2025\/04\/15CONTRASTES3.png","width":1536,"height":231,"caption":"Contrastes"},"image":{"@id":"https:\/\/contrastes.com.co\/web\/#\/schema\/logo\/image\/"},"sameAs":["https:\/\/www.facebook.com\/guillo.pantoja.1"]},{"@type":"Person","@id":"https:\/\/contrastes.com.co\/web\/#\/schema\/person\/62ef7a62dc4da6de450c71fc2e95ed02","name":"Editor","image":{"@type":"ImageObject","inLanguage":"es","@id":"https:\/\/secure.gravatar.com\/avatar\/7bbb4f718d74bbf600dc556253bb04fd7ac8593751d6e2e3b85432d98aefae80?s=96&d=mm&r=g","url":"https:\/\/secure.gravatar.com\/avatar\/7bbb4f718d74bbf600dc556253bb04fd7ac8593751d6e2e3b85432d98aefae80?s=96&d=mm&r=g","contentUrl":"https:\/\/secure.gravatar.com\/avatar\/7bbb4f718d74bbf600dc556253bb04fd7ac8593751d6e2e3b85432d98aefae80?s=96&d=mm&r=g","caption":"Editor"},"sameAs":["https:\/\/contrastes.com.co\/web"],"url":"https:\/\/contrastes.com.co\/web\/author\/jdbobadilla\/"}]}},"blog_post_layout_featured_media_urls":{"thumbnail":"","full":""},"categories_names":{"124":{"name":"An\u00e1lisis","link":"https:\/\/contrastes.com.co\/web\/category\/analisis\/"},"4790":{"name":"Elecciones 2022","link":"https:\/\/contrastes.com.co\/web\/category\/elecciones-2022\/"},"23":{"name":"Locales","link":"https:\/\/contrastes.com.co\/web\/category\/locales\/"},"101":{"name":"Pa\u00eds","link":"https:\/\/contrastes.com.co\/web\/category\/pais\/"},"203":{"name":"Pol\u00edtica","link":"https:\/\/contrastes.com.co\/web\/category\/politica\/"},"24":{"name":"Regi\u00f3n","link":"https:\/\/contrastes.com.co\/web\/category\/region\/"}},"tags_names":{"6060":{"name":"costa atl\u00e1ntica","link":"https:\/\/contrastes.com.co\/web\/tag\/costa-atlantica\/"},"6061":{"name":"departamentos de la costa","link":"https:\/\/contrastes.com.co\/web\/tag\/departamentos-de-la-costa\/"},"4832":{"name":"Elecciones presidenciales","link":"https:\/\/contrastes.com.co\/web\/tag\/elecciones-presidenciales\/"},"4847":{"name":"Gustavo Petro","link":"https:\/\/contrastes.com.co\/web\/tag\/gustavo-petro\/"},"4079":{"name":"Presidente de la Rep\u00fablica","link":"https:\/\/contrastes.com.co\/web\/tag\/presidente-de-la-republica\/"},"6058":{"name":"Presidente electo","link":"https:\/\/contrastes.com.co\/web\/tag\/presidente-electo\/"}},"comments_number":"0","wpmagazine_modules_lite_featured_media_urls":{"thumbnail":"","cvmm-medium":"","cvmm-medium-plus":"","cvmm-portrait":"","cvmm-medium-square":"","cvmm-large":"","cvmm-small":"","full":""},"_links":{"self":[{"href":"https:\/\/contrastes.com.co\/web\/wp-json\/wp\/v2\/posts\/10024","targetHints":{"allow":["GET"]}}],"collection":[{"href":"https:\/\/contrastes.com.co\/web\/wp-json\/wp\/v2\/posts"}],"about":[{"href":"https:\/\/contrastes.com.co\/web\/wp-json\/wp\/v2\/types\/post"}],"author":[{"embeddable":true,"href":"https:\/\/contrastes.com.co\/web\/wp-json\/wp\/v2\/users\/1"}],"replies":[{"embeddable":true,"href":"https:\/\/contrastes.com.co\/web\/wp-json\/wp\/v2\/comments?post=10024"}],"version-history":[{"count":0,"href":"https:\/\/contrastes.com.co\/web\/wp-json\/wp\/v2\/posts\/10024\/revisions"}],"wp:attachment":[{"href":"https:\/\/contrastes.com.co\/web\/wp-json\/wp\/v2\/media?parent=10024"}],"wp:term":[{"taxonomy":"category","embeddable":true,"href":"https:\/\/contrastes.com.co\/web\/wp-json\/wp\/v2\/categories?post=10024"},{"taxonomy":"post_tag","embeddable":true,"href":"https:\/\/contrastes.com.co\/web\/wp-json\/wp\/v2\/tags?post=10024"}],"curies":[{"name":"wp","href":"https:\/\/api.w.org\/{rel}","templated":true}]}}