{"id":10078,"date":"2022-06-23T12:02:54","date_gmt":"2022-06-23T17:02:54","guid":{"rendered":"https:\/\/contrastes.com.co\/digital\/?p=10078"},"modified":"2022-06-23T12:02:54","modified_gmt":"2022-06-23T17:02:54","slug":"con-emprendimientos-y-oficios-654-reclusos-de-el-buen-pastor-y-el-bosque-han-participado-en-43-ferias","status":"publish","type":"post","link":"https:\/\/contrastes.com.co\/web\/2022\/06\/23\/con-emprendimientos-y-oficios-654-reclusos-de-el-buen-pastor-y-el-bosque-han-participado-en-43-ferias\/","title":{"rendered":"Con emprendimientos y oficios, 654 reclusos de El Buen Pastor y El Bosque han participado en 43 ferias"},"content":{"rendered":"<p><strong>*Con emprendimientos y oficios, 654 reclusos de El Buen Pastor y El Bosque han participado en 43 ferias<\/strong><\/p>\n<blockquote><p><strong>\u201cEstas manos que en el pasado las utilic\u00e9 para hacer cosas malas, hoy las utilizo para construir el sue\u00f1o m\u00edo y el de mis hijos, todo gracias a Manos Libres. Con este programa me he dado cuenta de que mis manos est\u00e1n bendecidas y uno puede ser \u00fatil\u201d: Sandra Alvarino,<\/strong><\/p><\/blockquote>\n<p><img decoding=\"async\" class=\"alignleft  wp-image-8529\" src=\"https:\/\/contrastes.com.co\/digital\/wp-content\/uploads\/2022\/03\/e-capitular.png\" alt=\"e capitular\" width=\"53\" height=\"53\" \/>n el <strong>Centro de Rehabilitaci\u00f3n Femenino El Buen Pastor<\/strong> y el <strong>Centro de Rehabilitaci\u00f3n Masculino de El Bosque<\/strong>, 654 internos e internas han encontrado con el trabajo de sus manos una manera y una esperanza de un futuro mejor al salir de reclusi\u00f3n, en una clara muestra de c\u00f3mo estos centros penitenciarios, a trav\u00e9s de programas productivos, vienen brindando segundas oportunidades a esta poblaci\u00f3n privada de la libertad.<\/p>\n<p><strong>Manos Libres<\/strong> es un proyecto liderado por la <strong>Secretar\u00eda Distrital de Gobierno<\/strong>, el cual promociona la inclusi\u00f3n social, a trav\u00e9s de la implementaci\u00f3n de una ruta de atenci\u00f3n integral dirigida a los pospenados de los centros de rehabilitaci\u00f3n del Distrito de Barranquilla, permitiendo impulsar el empoderamiento, la productividad y la calidad de vida de esta poblaci\u00f3n, apunt\u00e1ndole a la construcci\u00f3n de paz y a una ciudad m\u00e1s segura.<\/p>\n<p>\u201cEstas manos que en el pasado las utilic\u00e9 para hacer cosas malas, hoy las utilizo para construir el sue\u00f1o m\u00edo y el de mis hijos, todo gracias a Manos Libres. Con este programa me he dado cuenta de que mis manos est\u00e1n bendecidas y uno puede ser \u00fatil\u201d, relata Sandra Alvarino, hoy toda una modista que solo tiene gratitud por la oportunidad que le han dado de cambiar su vida y la de su familia.<\/p>\n<p>Seg\u00fan la <strong>secretaria de Gobierno, Jeniffer Villarreal<\/strong>, el proyecto lo que busca es apoyar a los internos que se encuentran dentro de estos centros carcelarios con proyectos productivos. \u201cQueremos que cada uno utilice las habilidades que tiene para aprovecharlas en su proceso de resocializaci\u00f3n y crecimiento. Queremos dignificar la vida de las personas que se encuentran en nuestros centros de rehabilitaci\u00f3n, ayudarlos en esa reincorporaci\u00f3n que van a tener a la sociedad\u201d.<\/p>\n<p><strong>Manos libres<\/strong> en su proceso de resocializaci\u00f3n trabaja diversos programas de capacitaciones. En el se trabaja en <strong>Peluquer\u00eda, Arte y M\u00fasica, Marroquiner\u00eda, Modister\u00eda y Bisuter\u00eda<\/strong>, adem\u00e1s se cuenta con <strong>un programa de alfabetizaci\u00f3n y una completa biblioteca con 6.113 libros de todos los g\u00e9neros<\/strong>, donde se trabaja el h\u00e1bito por la lectura e incluso por la escritura.<\/p>\n<p>\u201cEste proceso de resocializaci\u00f3n lo basamos en la disciplina, queremos que ellas en su proceso se sientan acompa\u00f1adas, escuchadas, que es casi siempre lo que buscan y de pronto les ha faltado en su hogar y Manos libres es parte importante en ese proceso de cambio para ellas y que cuando salgan sean nuevas personas, y as\u00ed marcamos diferencia frente a otros centros carcelarios\u201d, indica la <strong>directora del Buen Pastor, Ofelia D\u00edaz<\/strong>.<\/p>\n<p>Por el lado del <strong>Centro de Rehabilitaci\u00f3n Masculino el programa cuenta con apoyo del SENA<\/strong> y los internos se capacitan en proyectos productivos, como panader\u00eda, que son comercializados entre sus familias y amigos; un <strong>taller de ornamentaci\u00f3n, de carpinter\u00eda, una huerta, cuyos productos ya hacen parte de Mercado a tu barrio, un espacio av\u00edcola, un taller de reciclaje, elaboraci\u00f3n de manillas y pr\u00f3ximamente peluquer\u00eda<\/strong>.<\/p>\n","protected":false},"excerpt":{"rendered":"<p>En el Centro de Rehabilitaci\u00f3n Femenino El Buen Pastor y el Centro de Rehabilitaci\u00f3n Masculino de El Bosque, 654 internos e internas han encontrado con el trabajo de sus manos una manera y una esperanza de un futuro mejor al salir de reclusi\u00f3n, en una clara muestra de c\u00f3mo estos centros penitenciarios, a trav\u00e9s de programas productivos, vienen brindando segundas oportunidades a esta poblaci\u00f3n privada de la libertad.<\/p>\n","protected":false},"author":1,"featured_media":10079,"comment_status":"open","ping_status":"open","sticky":false,"template":"","format":"standard","meta":{"footnotes":""},"categories":[207,24],"tags":[6123,6124,6125,5286,2942,6126,374],"class_list":["post-10078","post","type-post","status-publish","format-standard","has-post-thumbnail","hentry","category-educacion","category-region","tag-centro-de-rehabilitacion-femenino-el-buen-pastor","tag-centro-de-rehabilitacion-masculino-de-el-bosque","tag-directora-del-buen-pastor","tag-jeniffer-villarreal","tag-ofelia-diaz","tag-programa-manos-libres","tag-secretaria-de-gobierno"],"yoast_head":"<!-- This site is optimized with the Yoast SEO plugin v27.7 - https:\/\/yoast.com\/product\/yoast-seo-wordpress\/ -->\n<title>Con emprendimientos y oficios, 654 reclusos de El Buen Pastor y El Bosque han participado en 43 ferias - Constrastes<\/title>\n<meta name=\"description\" content=\"En el Centro de Rehabilitaci\u00f3n Femenino El Buen Pastor y el Centro de Rehabilitaci\u00f3n Masculino de El Bosque, 654 internos e internas han encontrado con el trabajo de sus manos una manera y una esperanza de un futuro mejor al salir de reclusi\u00f3n, en una clara muestra de c\u00f3mo estos centros penitenciarios, a trav\u00e9s de programas productivos, vienen brindando segundas oportunidades a esta poblaci\u00f3n privada de la libertad.\" \/>\n<meta name=\"robots\" content=\"index, follow, max-snippet:-1, max-image-preview:large, max-video-preview:-1\" \/>\n<link rel=\"canonical\" href=\"https:\/\/contrastes.com.co\/web\/2022\/06\/23\/con-emprendimientos-y-oficios-654-reclusos-de-el-buen-pastor-y-el-bosque-han-participado-en-43-ferias\/\" \/>\n<meta property=\"og:locale\" content=\"es_ES\" \/>\n<meta property=\"og:type\" content=\"article\" \/>\n<meta property=\"og:title\" content=\"Con emprendimientos y oficios, 654 reclusos de El Buen Pastor y El Bosque han participado en 43 ferias - Constrastes\" \/>\n<meta property=\"og:description\" content=\"En el Centro de Rehabilitaci\u00f3n Femenino El Buen Pastor y el Centro de Rehabilitaci\u00f3n Masculino de El Bosque, 654 internos e internas han encontrado con el trabajo de sus manos una manera y una esperanza de un futuro mejor al salir de reclusi\u00f3n, en una clara muestra de c\u00f3mo estos centros penitenciarios, a trav\u00e9s de programas productivos, vienen brindando segundas oportunidades a esta poblaci\u00f3n privada de la libertad.\" \/>\n<meta property=\"og:url\" content=\"https:\/\/contrastes.com.co\/web\/2022\/06\/23\/con-emprendimientos-y-oficios-654-reclusos-de-el-buen-pastor-y-el-bosque-han-participado-en-43-ferias\/\" \/>\n<meta property=\"og:site_name\" content=\"Constrastes\" \/>\n<meta property=\"article:publisher\" content=\"https:\/\/www.facebook.com\/guillo.pantoja.1\" \/>\n<meta property=\"article:published_time\" content=\"2022-06-23T17:02:54+00:00\" \/>\n<meta name=\"author\" content=\"Editor\" \/>\n<meta name=\"twitter:card\" content=\"summary_large_image\" \/>\n<meta name=\"twitter:label1\" content=\"Escrito por\" \/>\n\t<meta name=\"twitter:data1\" content=\"Editor\" \/>\n\t<meta name=\"twitter:label2\" content=\"Tiempo de lectura\" \/>\n\t<meta name=\"twitter:data2\" content=\"3 minutos\" \/>\n<script type=\"application\/ld+json\" class=\"yoast-schema-graph\">{\"@context\":\"https:\\\/\\\/schema.org\",\"@graph\":[{\"@type\":\"Article\",\"@id\":\"https:\\\/\\\/contrastes.com.co\\\/web\\\/2022\\\/06\\\/23\\\/con-emprendimientos-y-oficios-654-reclusos-de-el-buen-pastor-y-el-bosque-han-participado-en-43-ferias\\\/#article\",\"isPartOf\":{\"@id\":\"https:\\\/\\\/contrastes.com.co\\\/web\\\/2022\\\/06\\\/23\\\/con-emprendimientos-y-oficios-654-reclusos-de-el-buen-pastor-y-el-bosque-han-participado-en-43-ferias\\\/\"},\"author\":{\"name\":\"Editor\",\"@id\":\"https:\\\/\\\/contrastes.com.co\\\/web\\\/#\\\/schema\\\/person\\\/62ef7a62dc4da6de450c71fc2e95ed02\"},\"headline\":\"Con emprendimientos y oficios, 654 reclusos de El Buen Pastor y El Bosque han participado en 43 ferias\",\"datePublished\":\"2022-06-23T17:02:54+00:00\",\"mainEntityOfPage\":{\"@id\":\"https:\\\/\\\/contrastes.com.co\\\/web\\\/2022\\\/06\\\/23\\\/con-emprendimientos-y-oficios-654-reclusos-de-el-buen-pastor-y-el-bosque-han-participado-en-43-ferias\\\/\"},\"wordCount\":603,\"commentCount\":0,\"publisher\":{\"@id\":\"https:\\\/\\\/contrastes.com.co\\\/web\\\/#organization\"},\"image\":{\"@id\":\"https:\\\/\\\/contrastes.com.co\\\/web\\\/2022\\\/06\\\/23\\\/con-emprendimientos-y-oficios-654-reclusos-de-el-buen-pastor-y-el-bosque-han-participado-en-43-ferias\\\/#primaryimage\"},\"thumbnailUrl\":\"\",\"keywords\":[\"Centro de Rehabilitaci\u00f3n Femenino El Buen Pastor\",\"Centro de Rehabilitaci\u00f3n Masculino de El Bosque\",\"directora del Buen Pastor\",\"Jeniffer Villarreal\",\"Ofelia D\u00edaz\",\"Programa Manos Libres\",\"secretaria de Gobierno\"],\"articleSection\":[\"Educaci\u00f3n\",\"Regi\u00f3n\"],\"inLanguage\":\"es\",\"potentialAction\":[{\"@type\":\"CommentAction\",\"name\":\"Comment\",\"target\":[\"https:\\\/\\\/contrastes.com.co\\\/web\\\/2022\\\/06\\\/23\\\/con-emprendimientos-y-oficios-654-reclusos-de-el-buen-pastor-y-el-bosque-han-participado-en-43-ferias\\\/#respond\"]}]},{\"@type\":\"WebPage\",\"@id\":\"https:\\\/\\\/contrastes.com.co\\\/web\\\/2022\\\/06\\\/23\\\/con-emprendimientos-y-oficios-654-reclusos-de-el-buen-pastor-y-el-bosque-han-participado-en-43-ferias\\\/\",\"url\":\"https:\\\/\\\/contrastes.com.co\\\/web\\\/2022\\\/06\\\/23\\\/con-emprendimientos-y-oficios-654-reclusos-de-el-buen-pastor-y-el-bosque-han-participado-en-43-ferias\\\/\",\"name\":\"Con emprendimientos y oficios, 654 reclusos de El Buen Pastor y El Bosque han participado en 43 ferias - Constrastes\",\"isPartOf\":{\"@id\":\"https:\\\/\\\/contrastes.com.co\\\/web\\\/#website\"},\"primaryImageOfPage\":{\"@id\":\"https:\\\/\\\/contrastes.com.co\\\/web\\\/2022\\\/06\\\/23\\\/con-emprendimientos-y-oficios-654-reclusos-de-el-buen-pastor-y-el-bosque-han-participado-en-43-ferias\\\/#primaryimage\"},\"image\":{\"@id\":\"https:\\\/\\\/contrastes.com.co\\\/web\\\/2022\\\/06\\\/23\\\/con-emprendimientos-y-oficios-654-reclusos-de-el-buen-pastor-y-el-bosque-han-participado-en-43-ferias\\\/#primaryimage\"},\"thumbnailUrl\":\"\",\"datePublished\":\"2022-06-23T17:02:54+00:00\",\"description\":\"En el Centro de Rehabilitaci\u00f3n Femenino El Buen Pastor y el Centro de Rehabilitaci\u00f3n Masculino de El Bosque, 654 internos e internas han encontrado con el trabajo de sus manos una manera y una esperanza de un futuro mejor al salir de reclusi\u00f3n, en una clara muestra de c\u00f3mo estos centros penitenciarios, a trav\u00e9s de programas productivos, vienen brindando segundas oportunidades a esta poblaci\u00f3n privada de la libertad.\",\"breadcrumb\":{\"@id\":\"https:\\\/\\\/contrastes.com.co\\\/web\\\/2022\\\/06\\\/23\\\/con-emprendimientos-y-oficios-654-reclusos-de-el-buen-pastor-y-el-bosque-han-participado-en-43-ferias\\\/#breadcrumb\"},\"inLanguage\":\"es\",\"potentialAction\":[{\"@type\":\"ReadAction\",\"target\":[\"https:\\\/\\\/contrastes.com.co\\\/web\\\/2022\\\/06\\\/23\\\/con-emprendimientos-y-oficios-654-reclusos-de-el-buen-pastor-y-el-bosque-han-participado-en-43-ferias\\\/\"]}]},{\"@type\":\"ImageObject\",\"inLanguage\":\"es\",\"@id\":\"https:\\\/\\\/contrastes.com.co\\\/web\\\/2022\\\/06\\\/23\\\/con-emprendimientos-y-oficios-654-reclusos-de-el-buen-pastor-y-el-bosque-han-participado-en-43-ferias\\\/#primaryimage\",\"url\":\"\",\"contentUrl\":\"\"},{\"@type\":\"BreadcrumbList\",\"@id\":\"https:\\\/\\\/contrastes.com.co\\\/web\\\/2022\\\/06\\\/23\\\/con-emprendimientos-y-oficios-654-reclusos-de-el-buen-pastor-y-el-bosque-han-participado-en-43-ferias\\\/#breadcrumb\",\"itemListElement\":[{\"@type\":\"ListItem\",\"position\":1,\"name\":\"Portada\",\"item\":\"https:\\\/\\\/contrastes.com.co\\\/web\\\/\"},{\"@type\":\"ListItem\",\"position\":2,\"name\":\"Con emprendimientos y oficios, 654 reclusos de El Buen Pastor y El Bosque han participado en 43 ferias\"}]},{\"@type\":\"WebSite\",\"@id\":\"https:\\\/\\\/contrastes.com.co\\\/web\\\/#website\",\"url\":\"https:\\\/\\\/contrastes.com.co\\\/web\\\/\",\"name\":\"Contrastes\",\"description\":\"Periodismo de Conciencia\",\"publisher\":{\"@id\":\"https:\\\/\\\/contrastes.com.co\\\/web\\\/#organization\"},\"potentialAction\":[{\"@type\":\"SearchAction\",\"target\":{\"@type\":\"EntryPoint\",\"urlTemplate\":\"https:\\\/\\\/contrastes.com.co\\\/web\\\/?s={search_term_string}\"},\"query-input\":{\"@type\":\"PropertyValueSpecification\",\"valueRequired\":true,\"valueName\":\"search_term_string\"}}],\"inLanguage\":\"es\"},{\"@type\":\"Organization\",\"@id\":\"https:\\\/\\\/contrastes.com.co\\\/web\\\/#organization\",\"name\":\"Contrastes\",\"url\":\"https:\\\/\\\/contrastes.com.co\\\/web\\\/\",\"logo\":{\"@type\":\"ImageObject\",\"inLanguage\":\"es\",\"@id\":\"https:\\\/\\\/contrastes.com.co\\\/web\\\/#\\\/schema\\\/logo\\\/image\\\/\",\"url\":\"https:\\\/\\\/contrastes.com.co\\\/web\\\/wp-content\\\/uploads\\\/2025\\\/04\\\/15CONTRASTES3.png\",\"contentUrl\":\"https:\\\/\\\/contrastes.com.co\\\/web\\\/wp-content\\\/uploads\\\/2025\\\/04\\\/15CONTRASTES3.png\",\"width\":1536,\"height\":231,\"caption\":\"Contrastes\"},\"image\":{\"@id\":\"https:\\\/\\\/contrastes.com.co\\\/web\\\/#\\\/schema\\\/logo\\\/image\\\/\"},\"sameAs\":[\"https:\\\/\\\/www.facebook.com\\\/guillo.pantoja.1\"]},{\"@type\":\"Person\",\"@id\":\"https:\\\/\\\/contrastes.com.co\\\/web\\\/#\\\/schema\\\/person\\\/62ef7a62dc4da6de450c71fc2e95ed02\",\"name\":\"Editor\",\"image\":{\"@type\":\"ImageObject\",\"inLanguage\":\"es\",\"@id\":\"https:\\\/\\\/secure.gravatar.com\\\/avatar\\\/7bbb4f718d74bbf600dc556253bb04fd7ac8593751d6e2e3b85432d98aefae80?s=96&d=mm&r=g\",\"url\":\"https:\\\/\\\/secure.gravatar.com\\\/avatar\\\/7bbb4f718d74bbf600dc556253bb04fd7ac8593751d6e2e3b85432d98aefae80?s=96&d=mm&r=g\",\"contentUrl\":\"https:\\\/\\\/secure.gravatar.com\\\/avatar\\\/7bbb4f718d74bbf600dc556253bb04fd7ac8593751d6e2e3b85432d98aefae80?s=96&d=mm&r=g\",\"caption\":\"Editor\"},\"sameAs\":[\"https:\\\/\\\/contrastes.com.co\\\/web\"],\"url\":\"https:\\\/\\\/contrastes.com.co\\\/web\\\/author\\\/jdbobadilla\\\/\"}]}<\/script>\n<!-- \/ Yoast SEO plugin. -->","yoast_head_json":{"title":"Con emprendimientos y oficios, 654 reclusos de El Buen Pastor y El Bosque han participado en 43 ferias - Constrastes","description":"En el Centro de Rehabilitaci\u00f3n Femenino El Buen Pastor y el Centro de Rehabilitaci\u00f3n Masculino de El Bosque, 654 internos e internas han encontrado con el trabajo de sus manos una manera y una esperanza de un futuro mejor al salir de reclusi\u00f3n, en una clara muestra de c\u00f3mo estos centros penitenciarios, a trav\u00e9s de programas productivos, vienen brindando segundas oportunidades a esta poblaci\u00f3n privada de la libertad.","robots":{"index":"index","follow":"follow","max-snippet":"max-snippet:-1","max-image-preview":"max-image-preview:large","max-video-preview":"max-video-preview:-1"},"canonical":"https:\/\/contrastes.com.co\/web\/2022\/06\/23\/con-emprendimientos-y-oficios-654-reclusos-de-el-buen-pastor-y-el-bosque-han-participado-en-43-ferias\/","og_locale":"es_ES","og_type":"article","og_title":"Con emprendimientos y oficios, 654 reclusos de El Buen Pastor y El Bosque han participado en 43 ferias - Constrastes","og_description":"En el Centro de Rehabilitaci\u00f3n Femenino El Buen Pastor y el Centro de Rehabilitaci\u00f3n Masculino de El Bosque, 654 internos e internas han encontrado con el trabajo de sus manos una manera y una esperanza de un futuro mejor al salir de reclusi\u00f3n, en una clara muestra de c\u00f3mo estos centros penitenciarios, a trav\u00e9s de programas productivos, vienen brindando segundas oportunidades a esta poblaci\u00f3n privada de la libertad.","og_url":"https:\/\/contrastes.com.co\/web\/2022\/06\/23\/con-emprendimientos-y-oficios-654-reclusos-de-el-buen-pastor-y-el-bosque-han-participado-en-43-ferias\/","og_site_name":"Constrastes","article_publisher":"https:\/\/www.facebook.com\/guillo.pantoja.1","article_published_time":"2022-06-23T17:02:54+00:00","author":"Editor","twitter_card":"summary_large_image","twitter_misc":{"Escrito por":"Editor","Tiempo de lectura":"3 minutos"},"schema":{"@context":"https:\/\/schema.org","@graph":[{"@type":"Article","@id":"https:\/\/contrastes.com.co\/web\/2022\/06\/23\/con-emprendimientos-y-oficios-654-reclusos-de-el-buen-pastor-y-el-bosque-han-participado-en-43-ferias\/#article","isPartOf":{"@id":"https:\/\/contrastes.com.co\/web\/2022\/06\/23\/con-emprendimientos-y-oficios-654-reclusos-de-el-buen-pastor-y-el-bosque-han-participado-en-43-ferias\/"},"author":{"name":"Editor","@id":"https:\/\/contrastes.com.co\/web\/#\/schema\/person\/62ef7a62dc4da6de450c71fc2e95ed02"},"headline":"Con emprendimientos y oficios, 654 reclusos de El Buen Pastor y El Bosque han participado en 43 ferias","datePublished":"2022-06-23T17:02:54+00:00","mainEntityOfPage":{"@id":"https:\/\/contrastes.com.co\/web\/2022\/06\/23\/con-emprendimientos-y-oficios-654-reclusos-de-el-buen-pastor-y-el-bosque-han-participado-en-43-ferias\/"},"wordCount":603,"commentCount":0,"publisher":{"@id":"https:\/\/contrastes.com.co\/web\/#organization"},"image":{"@id":"https:\/\/contrastes.com.co\/web\/2022\/06\/23\/con-emprendimientos-y-oficios-654-reclusos-de-el-buen-pastor-y-el-bosque-han-participado-en-43-ferias\/#primaryimage"},"thumbnailUrl":"","keywords":["Centro de Rehabilitaci\u00f3n Femenino El Buen Pastor","Centro de Rehabilitaci\u00f3n Masculino de El Bosque","directora del Buen Pastor","Jeniffer Villarreal","Ofelia D\u00edaz","Programa Manos Libres","secretaria de Gobierno"],"articleSection":["Educaci\u00f3n","Regi\u00f3n"],"inLanguage":"es","potentialAction":[{"@type":"CommentAction","name":"Comment","target":["https:\/\/contrastes.com.co\/web\/2022\/06\/23\/con-emprendimientos-y-oficios-654-reclusos-de-el-buen-pastor-y-el-bosque-han-participado-en-43-ferias\/#respond"]}]},{"@type":"WebPage","@id":"https:\/\/contrastes.com.co\/web\/2022\/06\/23\/con-emprendimientos-y-oficios-654-reclusos-de-el-buen-pastor-y-el-bosque-han-participado-en-43-ferias\/","url":"https:\/\/contrastes.com.co\/web\/2022\/06\/23\/con-emprendimientos-y-oficios-654-reclusos-de-el-buen-pastor-y-el-bosque-han-participado-en-43-ferias\/","name":"Con emprendimientos y oficios, 654 reclusos de El Buen Pastor y El Bosque han participado en 43 ferias - Constrastes","isPartOf":{"@id":"https:\/\/contrastes.com.co\/web\/#website"},"primaryImageOfPage":{"@id":"https:\/\/contrastes.com.co\/web\/2022\/06\/23\/con-emprendimientos-y-oficios-654-reclusos-de-el-buen-pastor-y-el-bosque-han-participado-en-43-ferias\/#primaryimage"},"image":{"@id":"https:\/\/contrastes.com.co\/web\/2022\/06\/23\/con-emprendimientos-y-oficios-654-reclusos-de-el-buen-pastor-y-el-bosque-han-participado-en-43-ferias\/#primaryimage"},"thumbnailUrl":"","datePublished":"2022-06-23T17:02:54+00:00","description":"En el Centro de Rehabilitaci\u00f3n Femenino El Buen Pastor y el Centro de Rehabilitaci\u00f3n Masculino de El Bosque, 654 internos e internas han encontrado con el trabajo de sus manos una manera y una esperanza de un futuro mejor al salir de reclusi\u00f3n, en una clara muestra de c\u00f3mo estos centros penitenciarios, a trav\u00e9s de programas productivos, vienen brindando segundas oportunidades a esta poblaci\u00f3n privada de la libertad.","breadcrumb":{"@id":"https:\/\/contrastes.com.co\/web\/2022\/06\/23\/con-emprendimientos-y-oficios-654-reclusos-de-el-buen-pastor-y-el-bosque-han-participado-en-43-ferias\/#breadcrumb"},"inLanguage":"es","potentialAction":[{"@type":"ReadAction","target":["https:\/\/contrastes.com.co\/web\/2022\/06\/23\/con-emprendimientos-y-oficios-654-reclusos-de-el-buen-pastor-y-el-bosque-han-participado-en-43-ferias\/"]}]},{"@type":"ImageObject","inLanguage":"es","@id":"https:\/\/contrastes.com.co\/web\/2022\/06\/23\/con-emprendimientos-y-oficios-654-reclusos-de-el-buen-pastor-y-el-bosque-han-participado-en-43-ferias\/#primaryimage","url":"","contentUrl":""},{"@type":"BreadcrumbList","@id":"https:\/\/contrastes.com.co\/web\/2022\/06\/23\/con-emprendimientos-y-oficios-654-reclusos-de-el-buen-pastor-y-el-bosque-han-participado-en-43-ferias\/#breadcrumb","itemListElement":[{"@type":"ListItem","position":1,"name":"Portada","item":"https:\/\/contrastes.com.co\/web\/"},{"@type":"ListItem","position":2,"name":"Con emprendimientos y oficios, 654 reclusos de El Buen Pastor y El Bosque han participado en 43 ferias"}]},{"@type":"WebSite","@id":"https:\/\/contrastes.com.co\/web\/#website","url":"https:\/\/contrastes.com.co\/web\/","name":"Contrastes","description":"Periodismo de Conciencia","publisher":{"@id":"https:\/\/contrastes.com.co\/web\/#organization"},"potentialAction":[{"@type":"SearchAction","target":{"@type":"EntryPoint","urlTemplate":"https:\/\/contrastes.com.co\/web\/?s={search_term_string}"},"query-input":{"@type":"PropertyValueSpecification","valueRequired":true,"valueName":"search_term_string"}}],"inLanguage":"es"},{"@type":"Organization","@id":"https:\/\/contrastes.com.co\/web\/#organization","name":"Contrastes","url":"https:\/\/contrastes.com.co\/web\/","logo":{"@type":"ImageObject","inLanguage":"es","@id":"https:\/\/contrastes.com.co\/web\/#\/schema\/logo\/image\/","url":"https:\/\/contrastes.com.co\/web\/wp-content\/uploads\/2025\/04\/15CONTRASTES3.png","contentUrl":"https:\/\/contrastes.com.co\/web\/wp-content\/uploads\/2025\/04\/15CONTRASTES3.png","width":1536,"height":231,"caption":"Contrastes"},"image":{"@id":"https:\/\/contrastes.com.co\/web\/#\/schema\/logo\/image\/"},"sameAs":["https:\/\/www.facebook.com\/guillo.pantoja.1"]},{"@type":"Person","@id":"https:\/\/contrastes.com.co\/web\/#\/schema\/person\/62ef7a62dc4da6de450c71fc2e95ed02","name":"Editor","image":{"@type":"ImageObject","inLanguage":"es","@id":"https:\/\/secure.gravatar.com\/avatar\/7bbb4f718d74bbf600dc556253bb04fd7ac8593751d6e2e3b85432d98aefae80?s=96&d=mm&r=g","url":"https:\/\/secure.gravatar.com\/avatar\/7bbb4f718d74bbf600dc556253bb04fd7ac8593751d6e2e3b85432d98aefae80?s=96&d=mm&r=g","contentUrl":"https:\/\/secure.gravatar.com\/avatar\/7bbb4f718d74bbf600dc556253bb04fd7ac8593751d6e2e3b85432d98aefae80?s=96&d=mm&r=g","caption":"Editor"},"sameAs":["https:\/\/contrastes.com.co\/web"],"url":"https:\/\/contrastes.com.co\/web\/author\/jdbobadilla\/"}]}},"blog_post_layout_featured_media_urls":{"thumbnail":"","full":""},"categories_names":{"207":{"name":"Educaci\u00f3n","link":"https:\/\/contrastes.com.co\/web\/category\/educacion\/"},"24":{"name":"Regi\u00f3n","link":"https:\/\/contrastes.com.co\/web\/category\/region\/"}},"tags_names":{"6123":{"name":"Centro de Rehabilitaci\u00f3n Femenino El Buen Pastor","link":"https:\/\/contrastes.com.co\/web\/tag\/centro-de-rehabilitacion-femenino-el-buen-pastor\/"},"6124":{"name":"Centro de Rehabilitaci\u00f3n Masculino de El Bosque","link":"https:\/\/contrastes.com.co\/web\/tag\/centro-de-rehabilitacion-masculino-de-el-bosque\/"},"6125":{"name":"directora del Buen Pastor","link":"https:\/\/contrastes.com.co\/web\/tag\/directora-del-buen-pastor\/"},"5286":{"name":"Jeniffer Villarreal","link":"https:\/\/contrastes.com.co\/web\/tag\/jeniffer-villarreal\/"},"2942":{"name":"Ofelia D\u00edaz","link":"https:\/\/contrastes.com.co\/web\/tag\/ofelia-diaz\/"},"6126":{"name":"Programa Manos Libres","link":"https:\/\/contrastes.com.co\/web\/tag\/programa-manos-libres\/"},"374":{"name":"secretaria de Gobierno","link":"https:\/\/contrastes.com.co\/web\/tag\/secretaria-de-gobierno\/"}},"comments_number":"0","wpmagazine_modules_lite_featured_media_urls":{"thumbnail":"","cvmm-medium":"","cvmm-medium-plus":"","cvmm-portrait":"","cvmm-medium-square":"","cvmm-large":"","cvmm-small":"","full":""},"_links":{"self":[{"href":"https:\/\/contrastes.com.co\/web\/wp-json\/wp\/v2\/posts\/10078","targetHints":{"allow":["GET"]}}],"collection":[{"href":"https:\/\/contrastes.com.co\/web\/wp-json\/wp\/v2\/posts"}],"about":[{"href":"https:\/\/contrastes.com.co\/web\/wp-json\/wp\/v2\/types\/post"}],"author":[{"embeddable":true,"href":"https:\/\/contrastes.com.co\/web\/wp-json\/wp\/v2\/users\/1"}],"replies":[{"embeddable":true,"href":"https:\/\/contrastes.com.co\/web\/wp-json\/wp\/v2\/comments?post=10078"}],"version-history":[{"count":0,"href":"https:\/\/contrastes.com.co\/web\/wp-json\/wp\/v2\/posts\/10078\/revisions"}],"wp:attachment":[{"href":"https:\/\/contrastes.com.co\/web\/wp-json\/wp\/v2\/media?parent=10078"}],"wp:term":[{"taxonomy":"category","embeddable":true,"href":"https:\/\/contrastes.com.co\/web\/wp-json\/wp\/v2\/categories?post=10078"},{"taxonomy":"post_tag","embeddable":true,"href":"https:\/\/contrastes.com.co\/web\/wp-json\/wp\/v2\/tags?post=10078"}],"curies":[{"name":"wp","href":"https:\/\/api.w.org\/{rel}","templated":true}]}}