{"id":10182,"date":"2022-06-22T18:02:19","date_gmt":"2022-06-22T23:02:19","guid":{"rendered":"https:\/\/contrastes.com.co\/digital\/?p=10182"},"modified":"2022-06-22T18:02:19","modified_gmt":"2022-06-22T23:02:19","slug":"gustavo-petro-y-los-nombres-que-suenan-para-sus-ministerios","status":"publish","type":"post","link":"https:\/\/contrastes.com.co\/web\/2022\/06\/22\/gustavo-petro-y-los-nombres-que-suenan-para-sus-ministerios\/","title":{"rendered":"Gustavo Petro y los nombres que suenan para sus ministerios"},"content":{"rendered":"<p><strong>*Gustavo Petro y los nombres que suenan para sus ministerios | Noticias RPTV<\/strong><\/p>\n<p>Estos son algunos de los nombres que empiezan a sonar para ocupar los cargos ministeriales del ahora presidente electo Gustavo Petro. Alejandro Gaviria, exministro de Salud y Luis Gilberto Murillo, son varios de los nombres que podr\u00edan ocupar las sillas desde el 7 de agosto en el gabinete.<\/p>\n<p><iframe style=\"border: none; overflow: hidden;\" src=\"https:\/\/www.facebook.com\/plugins\/video.php?height=314&amp;href=https%3A%2F%2Fwww.facebook.com%2Fsoycontrastes%2Fvideos%2F426593182716614%2F&amp;show_text=false&amp;width=560&amp;t=0\" width=\"560\" height=\"314\" frameborder=\"0\" scrolling=\"no\" allowfullscreen=\"allowfullscreen\"><\/iframe><\/p>\n","protected":false},"excerpt":{"rendered":"<p>Estos son algunos de los nombres que empiezan a sonar para ocupar los cargos ministeriales del ahora presidente electo Gustavo Petro. Alejandro Gaviria, exministro de Salud y Luis Gilberto Murillo, son varios de los nombres que podr\u00edan ocupar las sillas desde el 7 de agosto en el gabinete.\u00a0\u00a0<\/p>\n","protected":false},"author":1,"featured_media":10190,"comment_status":"open","ping_status":"open","sticky":false,"template":"","format":"standard","meta":{"footnotes":""},"categories":[101,4940],"tags":[4818,6106,4847,6107,3847],"class_list":["post-10182","post","type-post","status-publish","format-standard","has-post-thumbnail","hentry","category-pais","category-television-web","tag-alejandro-gaviria","tag-exministro-de-salud","tag-gustavo-petro","tag-luis-gilberto-murillo","tag-presidencia-de-la-republica"],"yoast_head":"<!-- This site is optimized with the Yoast SEO plugin v27.7 - https:\/\/yoast.com\/product\/yoast-seo-wordpress\/ -->\n<title>Gustavo Petro y los nombres que suenan para sus ministerios - Constrastes<\/title>\n<meta name=\"description\" content=\"Estos son algunos de los nombres que empiezan a sonar para ocupar los cargos ministeriales del ahora presidente electo Gustavo Petro. Alejandro Gaviria, exministro de Salud y Luis Gilberto Murillo, son varios de los nombres que podr\u00edan ocupar las sillas desde el 7 de agosto en el gabinete.\u00a0\u00a0\" \/>\n<meta name=\"robots\" content=\"index, follow, max-snippet:-1, max-image-preview:large, max-video-preview:-1\" \/>\n<link rel=\"canonical\" href=\"https:\/\/contrastes.com.co\/web\/2022\/06\/22\/gustavo-petro-y-los-nombres-que-suenan-para-sus-ministerios\/\" \/>\n<meta property=\"og:locale\" content=\"es_ES\" \/>\n<meta property=\"og:type\" content=\"article\" \/>\n<meta property=\"og:title\" content=\"Gustavo Petro y los nombres que suenan para sus ministerios - Constrastes\" \/>\n<meta property=\"og:description\" content=\"Estos son algunos de los nombres que empiezan a sonar para ocupar los cargos ministeriales del ahora presidente electo Gustavo Petro. Alejandro Gaviria, exministro de Salud y Luis Gilberto Murillo, son varios de los nombres que podr\u00edan ocupar las sillas desde el 7 de agosto en el gabinete.\u00a0\u00a0\" \/>\n<meta property=\"og:url\" content=\"https:\/\/contrastes.com.co\/web\/2022\/06\/22\/gustavo-petro-y-los-nombres-que-suenan-para-sus-ministerios\/\" \/>\n<meta property=\"og:site_name\" content=\"Constrastes\" \/>\n<meta property=\"article:publisher\" content=\"https:\/\/www.facebook.com\/guillo.pantoja.1\" \/>\n<meta property=\"article:published_time\" content=\"2022-06-22T23:02:19+00:00\" \/>\n<meta name=\"author\" content=\"Editor\" \/>\n<meta name=\"twitter:card\" content=\"summary_large_image\" \/>\n<meta name=\"twitter:label1\" content=\"Escrito por\" \/>\n\t<meta name=\"twitter:data1\" content=\"Editor\" \/>\n<script type=\"application\/ld+json\" class=\"yoast-schema-graph\">{\"@context\":\"https:\\\/\\\/schema.org\",\"@graph\":[{\"@type\":\"Article\",\"@id\":\"https:\\\/\\\/contrastes.com.co\\\/web\\\/2022\\\/06\\\/22\\\/gustavo-petro-y-los-nombres-que-suenan-para-sus-ministerios\\\/#article\",\"isPartOf\":{\"@id\":\"https:\\\/\\\/contrastes.com.co\\\/web\\\/2022\\\/06\\\/22\\\/gustavo-petro-y-los-nombres-que-suenan-para-sus-ministerios\\\/\"},\"author\":{\"name\":\"Editor\",\"@id\":\"https:\\\/\\\/contrastes.com.co\\\/web\\\/#\\\/schema\\\/person\\\/62ef7a62dc4da6de450c71fc2e95ed02\"},\"headline\":\"Gustavo Petro y los nombres que suenan para sus ministerios\",\"datePublished\":\"2022-06-22T23:02:19+00:00\",\"mainEntityOfPage\":{\"@id\":\"https:\\\/\\\/contrastes.com.co\\\/web\\\/2022\\\/06\\\/22\\\/gustavo-petro-y-los-nombres-que-suenan-para-sus-ministerios\\\/\"},\"wordCount\":70,\"commentCount\":0,\"publisher\":{\"@id\":\"https:\\\/\\\/contrastes.com.co\\\/web\\\/#organization\"},\"image\":{\"@id\":\"https:\\\/\\\/contrastes.com.co\\\/web\\\/2022\\\/06\\\/22\\\/gustavo-petro-y-los-nombres-que-suenan-para-sus-ministerios\\\/#primaryimage\"},\"thumbnailUrl\":\"\",\"keywords\":[\"Alejandro Gaviria\",\"exministro de Salud\",\"Gustavo Petro\",\"Luis Gilberto Murillo\",\"Presidencia de la Rep\u00fablica\"],\"articleSection\":[\"Pa\u00eds\",\"Televisi\u00f3n-Web\"],\"inLanguage\":\"es\",\"potentialAction\":[{\"@type\":\"CommentAction\",\"name\":\"Comment\",\"target\":[\"https:\\\/\\\/contrastes.com.co\\\/web\\\/2022\\\/06\\\/22\\\/gustavo-petro-y-los-nombres-que-suenan-para-sus-ministerios\\\/#respond\"]}]},{\"@type\":\"WebPage\",\"@id\":\"https:\\\/\\\/contrastes.com.co\\\/web\\\/2022\\\/06\\\/22\\\/gustavo-petro-y-los-nombres-que-suenan-para-sus-ministerios\\\/\",\"url\":\"https:\\\/\\\/contrastes.com.co\\\/web\\\/2022\\\/06\\\/22\\\/gustavo-petro-y-los-nombres-que-suenan-para-sus-ministerios\\\/\",\"name\":\"Gustavo Petro y los nombres que suenan para sus ministerios - Constrastes\",\"isPartOf\":{\"@id\":\"https:\\\/\\\/contrastes.com.co\\\/web\\\/#website\"},\"primaryImageOfPage\":{\"@id\":\"https:\\\/\\\/contrastes.com.co\\\/web\\\/2022\\\/06\\\/22\\\/gustavo-petro-y-los-nombres-que-suenan-para-sus-ministerios\\\/#primaryimage\"},\"image\":{\"@id\":\"https:\\\/\\\/contrastes.com.co\\\/web\\\/2022\\\/06\\\/22\\\/gustavo-petro-y-los-nombres-que-suenan-para-sus-ministerios\\\/#primaryimage\"},\"thumbnailUrl\":\"\",\"datePublished\":\"2022-06-22T23:02:19+00:00\",\"description\":\"Estos son algunos de los nombres que empiezan a sonar para ocupar los cargos ministeriales del ahora presidente electo Gustavo Petro. Alejandro Gaviria, exministro de Salud y Luis Gilberto Murillo, son varios de los nombres que podr\u00edan ocupar las sillas desde el 7 de agosto en el gabinete.\u00a0\u00a0\",\"breadcrumb\":{\"@id\":\"https:\\\/\\\/contrastes.com.co\\\/web\\\/2022\\\/06\\\/22\\\/gustavo-petro-y-los-nombres-que-suenan-para-sus-ministerios\\\/#breadcrumb\"},\"inLanguage\":\"es\",\"potentialAction\":[{\"@type\":\"ReadAction\",\"target\":[\"https:\\\/\\\/contrastes.com.co\\\/web\\\/2022\\\/06\\\/22\\\/gustavo-petro-y-los-nombres-que-suenan-para-sus-ministerios\\\/\"]}]},{\"@type\":\"ImageObject\",\"inLanguage\":\"es\",\"@id\":\"https:\\\/\\\/contrastes.com.co\\\/web\\\/2022\\\/06\\\/22\\\/gustavo-petro-y-los-nombres-que-suenan-para-sus-ministerios\\\/#primaryimage\",\"url\":\"\",\"contentUrl\":\"\"},{\"@type\":\"BreadcrumbList\",\"@id\":\"https:\\\/\\\/contrastes.com.co\\\/web\\\/2022\\\/06\\\/22\\\/gustavo-petro-y-los-nombres-que-suenan-para-sus-ministerios\\\/#breadcrumb\",\"itemListElement\":[{\"@type\":\"ListItem\",\"position\":1,\"name\":\"Portada\",\"item\":\"https:\\\/\\\/contrastes.com.co\\\/web\\\/\"},{\"@type\":\"ListItem\",\"position\":2,\"name\":\"Gustavo Petro y los nombres que suenan para sus ministerios\"}]},{\"@type\":\"WebSite\",\"@id\":\"https:\\\/\\\/contrastes.com.co\\\/web\\\/#website\",\"url\":\"https:\\\/\\\/contrastes.com.co\\\/web\\\/\",\"name\":\"Contrastes\",\"description\":\"Periodismo de Conciencia\",\"publisher\":{\"@id\":\"https:\\\/\\\/contrastes.com.co\\\/web\\\/#organization\"},\"potentialAction\":[{\"@type\":\"SearchAction\",\"target\":{\"@type\":\"EntryPoint\",\"urlTemplate\":\"https:\\\/\\\/contrastes.com.co\\\/web\\\/?s={search_term_string}\"},\"query-input\":{\"@type\":\"PropertyValueSpecification\",\"valueRequired\":true,\"valueName\":\"search_term_string\"}}],\"inLanguage\":\"es\"},{\"@type\":\"Organization\",\"@id\":\"https:\\\/\\\/contrastes.com.co\\\/web\\\/#organization\",\"name\":\"Contrastes\",\"url\":\"https:\\\/\\\/contrastes.com.co\\\/web\\\/\",\"logo\":{\"@type\":\"ImageObject\",\"inLanguage\":\"es\",\"@id\":\"https:\\\/\\\/contrastes.com.co\\\/web\\\/#\\\/schema\\\/logo\\\/image\\\/\",\"url\":\"https:\\\/\\\/contrastes.com.co\\\/web\\\/wp-content\\\/uploads\\\/2025\\\/04\\\/15CONTRASTES3.png\",\"contentUrl\":\"https:\\\/\\\/contrastes.com.co\\\/web\\\/wp-content\\\/uploads\\\/2025\\\/04\\\/15CONTRASTES3.png\",\"width\":1536,\"height\":231,\"caption\":\"Contrastes\"},\"image\":{\"@id\":\"https:\\\/\\\/contrastes.com.co\\\/web\\\/#\\\/schema\\\/logo\\\/image\\\/\"},\"sameAs\":[\"https:\\\/\\\/www.facebook.com\\\/guillo.pantoja.1\"]},{\"@type\":\"Person\",\"@id\":\"https:\\\/\\\/contrastes.com.co\\\/web\\\/#\\\/schema\\\/person\\\/62ef7a62dc4da6de450c71fc2e95ed02\",\"name\":\"Editor\",\"image\":{\"@type\":\"ImageObject\",\"inLanguage\":\"es\",\"@id\":\"https:\\\/\\\/secure.gravatar.com\\\/avatar\\\/7bbb4f718d74bbf600dc556253bb04fd7ac8593751d6e2e3b85432d98aefae80?s=96&d=mm&r=g\",\"url\":\"https:\\\/\\\/secure.gravatar.com\\\/avatar\\\/7bbb4f718d74bbf600dc556253bb04fd7ac8593751d6e2e3b85432d98aefae80?s=96&d=mm&r=g\",\"contentUrl\":\"https:\\\/\\\/secure.gravatar.com\\\/avatar\\\/7bbb4f718d74bbf600dc556253bb04fd7ac8593751d6e2e3b85432d98aefae80?s=96&d=mm&r=g\",\"caption\":\"Editor\"},\"sameAs\":[\"https:\\\/\\\/contrastes.com.co\\\/web\"],\"url\":\"https:\\\/\\\/contrastes.com.co\\\/web\\\/author\\\/jdbobadilla\\\/\"}]}<\/script>\n<!-- \/ Yoast SEO plugin. -->","yoast_head_json":{"title":"Gustavo Petro y los nombres que suenan para sus ministerios - Constrastes","description":"Estos son algunos de los nombres que empiezan a sonar para ocupar los cargos ministeriales del ahora presidente electo Gustavo Petro. Alejandro Gaviria, exministro de Salud y Luis Gilberto Murillo, son varios de los nombres que podr\u00edan ocupar las sillas desde el 7 de agosto en el gabinete.\u00a0\u00a0","robots":{"index":"index","follow":"follow","max-snippet":"max-snippet:-1","max-image-preview":"max-image-preview:large","max-video-preview":"max-video-preview:-1"},"canonical":"https:\/\/contrastes.com.co\/web\/2022\/06\/22\/gustavo-petro-y-los-nombres-que-suenan-para-sus-ministerios\/","og_locale":"es_ES","og_type":"article","og_title":"Gustavo Petro y los nombres que suenan para sus ministerios - Constrastes","og_description":"Estos son algunos de los nombres que empiezan a sonar para ocupar los cargos ministeriales del ahora presidente electo Gustavo Petro. Alejandro Gaviria, exministro de Salud y Luis Gilberto Murillo, son varios de los nombres que podr\u00edan ocupar las sillas desde el 7 de agosto en el gabinete.\u00a0\u00a0","og_url":"https:\/\/contrastes.com.co\/web\/2022\/06\/22\/gustavo-petro-y-los-nombres-que-suenan-para-sus-ministerios\/","og_site_name":"Constrastes","article_publisher":"https:\/\/www.facebook.com\/guillo.pantoja.1","article_published_time":"2022-06-22T23:02:19+00:00","author":"Editor","twitter_card":"summary_large_image","twitter_misc":{"Escrito por":"Editor"},"schema":{"@context":"https:\/\/schema.org","@graph":[{"@type":"Article","@id":"https:\/\/contrastes.com.co\/web\/2022\/06\/22\/gustavo-petro-y-los-nombres-que-suenan-para-sus-ministerios\/#article","isPartOf":{"@id":"https:\/\/contrastes.com.co\/web\/2022\/06\/22\/gustavo-petro-y-los-nombres-que-suenan-para-sus-ministerios\/"},"author":{"name":"Editor","@id":"https:\/\/contrastes.com.co\/web\/#\/schema\/person\/62ef7a62dc4da6de450c71fc2e95ed02"},"headline":"Gustavo Petro y los nombres que suenan para sus ministerios","datePublished":"2022-06-22T23:02:19+00:00","mainEntityOfPage":{"@id":"https:\/\/contrastes.com.co\/web\/2022\/06\/22\/gustavo-petro-y-los-nombres-que-suenan-para-sus-ministerios\/"},"wordCount":70,"commentCount":0,"publisher":{"@id":"https:\/\/contrastes.com.co\/web\/#organization"},"image":{"@id":"https:\/\/contrastes.com.co\/web\/2022\/06\/22\/gustavo-petro-y-los-nombres-que-suenan-para-sus-ministerios\/#primaryimage"},"thumbnailUrl":"","keywords":["Alejandro Gaviria","exministro de Salud","Gustavo Petro","Luis Gilberto Murillo","Presidencia de la Rep\u00fablica"],"articleSection":["Pa\u00eds","Televisi\u00f3n-Web"],"inLanguage":"es","potentialAction":[{"@type":"CommentAction","name":"Comment","target":["https:\/\/contrastes.com.co\/web\/2022\/06\/22\/gustavo-petro-y-los-nombres-que-suenan-para-sus-ministerios\/#respond"]}]},{"@type":"WebPage","@id":"https:\/\/contrastes.com.co\/web\/2022\/06\/22\/gustavo-petro-y-los-nombres-que-suenan-para-sus-ministerios\/","url":"https:\/\/contrastes.com.co\/web\/2022\/06\/22\/gustavo-petro-y-los-nombres-que-suenan-para-sus-ministerios\/","name":"Gustavo Petro y los nombres que suenan para sus ministerios - Constrastes","isPartOf":{"@id":"https:\/\/contrastes.com.co\/web\/#website"},"primaryImageOfPage":{"@id":"https:\/\/contrastes.com.co\/web\/2022\/06\/22\/gustavo-petro-y-los-nombres-que-suenan-para-sus-ministerios\/#primaryimage"},"image":{"@id":"https:\/\/contrastes.com.co\/web\/2022\/06\/22\/gustavo-petro-y-los-nombres-que-suenan-para-sus-ministerios\/#primaryimage"},"thumbnailUrl":"","datePublished":"2022-06-22T23:02:19+00:00","description":"Estos son algunos de los nombres que empiezan a sonar para ocupar los cargos ministeriales del ahora presidente electo Gustavo Petro. Alejandro Gaviria, exministro de Salud y Luis Gilberto Murillo, son varios de los nombres que podr\u00edan ocupar las sillas desde el 7 de agosto en el gabinete.\u00a0\u00a0","breadcrumb":{"@id":"https:\/\/contrastes.com.co\/web\/2022\/06\/22\/gustavo-petro-y-los-nombres-que-suenan-para-sus-ministerios\/#breadcrumb"},"inLanguage":"es","potentialAction":[{"@type":"ReadAction","target":["https:\/\/contrastes.com.co\/web\/2022\/06\/22\/gustavo-petro-y-los-nombres-que-suenan-para-sus-ministerios\/"]}]},{"@type":"ImageObject","inLanguage":"es","@id":"https:\/\/contrastes.com.co\/web\/2022\/06\/22\/gustavo-petro-y-los-nombres-que-suenan-para-sus-ministerios\/#primaryimage","url":"","contentUrl":""},{"@type":"BreadcrumbList","@id":"https:\/\/contrastes.com.co\/web\/2022\/06\/22\/gustavo-petro-y-los-nombres-que-suenan-para-sus-ministerios\/#breadcrumb","itemListElement":[{"@type":"ListItem","position":1,"name":"Portada","item":"https:\/\/contrastes.com.co\/web\/"},{"@type":"ListItem","position":2,"name":"Gustavo Petro y los nombres que suenan para sus ministerios"}]},{"@type":"WebSite","@id":"https:\/\/contrastes.com.co\/web\/#website","url":"https:\/\/contrastes.com.co\/web\/","name":"Contrastes","description":"Periodismo de Conciencia","publisher":{"@id":"https:\/\/contrastes.com.co\/web\/#organization"},"potentialAction":[{"@type":"SearchAction","target":{"@type":"EntryPoint","urlTemplate":"https:\/\/contrastes.com.co\/web\/?s={search_term_string}"},"query-input":{"@type":"PropertyValueSpecification","valueRequired":true,"valueName":"search_term_string"}}],"inLanguage":"es"},{"@type":"Organization","@id":"https:\/\/contrastes.com.co\/web\/#organization","name":"Contrastes","url":"https:\/\/contrastes.com.co\/web\/","logo":{"@type":"ImageObject","inLanguage":"es","@id":"https:\/\/contrastes.com.co\/web\/#\/schema\/logo\/image\/","url":"https:\/\/contrastes.com.co\/web\/wp-content\/uploads\/2025\/04\/15CONTRASTES3.png","contentUrl":"https:\/\/contrastes.com.co\/web\/wp-content\/uploads\/2025\/04\/15CONTRASTES3.png","width":1536,"height":231,"caption":"Contrastes"},"image":{"@id":"https:\/\/contrastes.com.co\/web\/#\/schema\/logo\/image\/"},"sameAs":["https:\/\/www.facebook.com\/guillo.pantoja.1"]},{"@type":"Person","@id":"https:\/\/contrastes.com.co\/web\/#\/schema\/person\/62ef7a62dc4da6de450c71fc2e95ed02","name":"Editor","image":{"@type":"ImageObject","inLanguage":"es","@id":"https:\/\/secure.gravatar.com\/avatar\/7bbb4f718d74bbf600dc556253bb04fd7ac8593751d6e2e3b85432d98aefae80?s=96&d=mm&r=g","url":"https:\/\/secure.gravatar.com\/avatar\/7bbb4f718d74bbf600dc556253bb04fd7ac8593751d6e2e3b85432d98aefae80?s=96&d=mm&r=g","contentUrl":"https:\/\/secure.gravatar.com\/avatar\/7bbb4f718d74bbf600dc556253bb04fd7ac8593751d6e2e3b85432d98aefae80?s=96&d=mm&r=g","caption":"Editor"},"sameAs":["https:\/\/contrastes.com.co\/web"],"url":"https:\/\/contrastes.com.co\/web\/author\/jdbobadilla\/"}]}},"blog_post_layout_featured_media_urls":{"thumbnail":"","full":""},"categories_names":{"101":{"name":"Pa\u00eds","link":"https:\/\/contrastes.com.co\/web\/category\/pais\/"},"4940":{"name":"Televisi\u00f3n-Web","link":"https:\/\/contrastes.com.co\/web\/category\/television-web\/"}},"tags_names":{"4818":{"name":"Alejandro Gaviria","link":"https:\/\/contrastes.com.co\/web\/tag\/alejandro-gaviria\/"},"6106":{"name":"exministro de Salud","link":"https:\/\/contrastes.com.co\/web\/tag\/exministro-de-salud\/"},"4847":{"name":"Gustavo Petro","link":"https:\/\/contrastes.com.co\/web\/tag\/gustavo-petro\/"},"6107":{"name":"Luis Gilberto Murillo","link":"https:\/\/contrastes.com.co\/web\/tag\/luis-gilberto-murillo\/"},"3847":{"name":"Presidencia de la Rep\u00fablica","link":"https:\/\/contrastes.com.co\/web\/tag\/presidencia-de-la-republica\/"}},"comments_number":"0","wpmagazine_modules_lite_featured_media_urls":{"thumbnail":"","cvmm-medium":"","cvmm-medium-plus":"","cvmm-portrait":"","cvmm-medium-square":"","cvmm-large":"","cvmm-small":"","full":""},"_links":{"self":[{"href":"https:\/\/contrastes.com.co\/web\/wp-json\/wp\/v2\/posts\/10182","targetHints":{"allow":["GET"]}}],"collection":[{"href":"https:\/\/contrastes.com.co\/web\/wp-json\/wp\/v2\/posts"}],"about":[{"href":"https:\/\/contrastes.com.co\/web\/wp-json\/wp\/v2\/types\/post"}],"author":[{"embeddable":true,"href":"https:\/\/contrastes.com.co\/web\/wp-json\/wp\/v2\/users\/1"}],"replies":[{"embeddable":true,"href":"https:\/\/contrastes.com.co\/web\/wp-json\/wp\/v2\/comments?post=10182"}],"version-history":[{"count":0,"href":"https:\/\/contrastes.com.co\/web\/wp-json\/wp\/v2\/posts\/10182\/revisions"}],"wp:attachment":[{"href":"https:\/\/contrastes.com.co\/web\/wp-json\/wp\/v2\/media?parent=10182"}],"wp:term":[{"taxonomy":"category","embeddable":true,"href":"https:\/\/contrastes.com.co\/web\/wp-json\/wp\/v2\/categories?post=10182"},{"taxonomy":"post_tag","embeddable":true,"href":"https:\/\/contrastes.com.co\/web\/wp-json\/wp\/v2\/tags?post=10182"}],"curies":[{"name":"wp","href":"https:\/\/api.w.org\/{rel}","templated":true}]}}