{"id":10251,"date":"2022-07-06T12:45:22","date_gmt":"2022-07-06T17:45:22","guid":{"rendered":"https:\/\/contrastes.com.co\/digital\/?p=10251"},"modified":"2022-07-06T12:45:22","modified_gmt":"2022-07-06T17:45:22","slug":"barranquilla-la-ciudad-de-colombia-mas-premiada-a-nivel-mundial","status":"publish","type":"post","link":"https:\/\/contrastes.com.co\/web\/2022\/07\/06\/barranquilla-la-ciudad-de-colombia-mas-premiada-a-nivel-mundial\/","title":{"rendered":"Barranquilla, la ciudad de Colombia m\u00e1s premiada a nivel mundial"},"content":{"rendered":"<p><strong>*Barranquilla, la ciudad de Colombia m\u00e1s premiada a nivel mundial<\/strong><\/p>\n<blockquote><p><strong>Con estos reconocimientos, Barranquilla reitera su liderazgo en diferentes proyectos e iniciativas que cada d\u00eda refuerzan su visi\u00f3n internacional con ascendencia local y nacional en pro de la comunidad y el medio ambiente.<\/strong><\/p><\/blockquote>\n<p><img decoding=\"async\" class=\"alignleft  wp-image-8529\" src=\"https:\/\/contrastes.com.co\/digital\/wp-content\/uploads\/2022\/03\/e-capitular.png\" alt=\"e capitular\" width=\"50\" height=\"50\" \/>n los \u00faltimos a\u00f1os, Barranquilla se ha posicionado como un referente en Colombia y en Latinoam\u00e9rica: ocupa los primeros lugares en indicadores de desarrollo social y econ\u00f3mico; atrae inversi\u00f3n extranjera, y realiza apuestas ambiciosas que apuntan a la transformaci\u00f3n, bienestar de la comunidad y preservaci\u00f3n del medioambiente.<\/p>\n<p>De hecho, la comunidad internacional ha puesto sus ojos en la capital del Atl\u00e1ntico. Cada vez son m\u00e1s las organizaciones de talla de la ONU, el BID y la Uni\u00f3n Europea, entre otras, que reconocen a Barranquilla como pionera en diversas iniciativas pensadas en la comunidad local, nacional y migrante, as\u00ed como en el medioambiente.<\/p>\n<p>De esta manera, y con una visi\u00f3n clara de proyecci\u00f3n internacional, Barranquilla, ha recibido, entre otros, los siguientes reconocimientos:<\/p>\n<h3><strong>*Todos al Parque, en el top 5<\/strong><\/h3>\n<p><img fetchpriority=\"high\" decoding=\"async\" class=\"size-full wp-image-10258 aligncenter\" src=\"https:\/\/contrastes.com.co\/digital\/wp-content\/uploads\/2022\/07\/parque-quilla.jpg\" alt=\"parques quilla\" width=\"1080\" height=\"540\" \/><\/p>\n<p>252 parques y cerca de 1.500.000 metros cuadrados recuperados hacen posible que hoy Barranquilla reciba el reconocimiento de la comunidad internacional como una de las ciudades l\u00edderes, sostenibles e inclusivas del mundo gracias a programas emblem\u00e1ticos como Todos al Parque.<\/p>\n<p>El <strong>World Resources Institute (WRI)<\/strong> escogi\u00f3 a Barranquilla como <strong>una de las 5 finalistas al Prize for Cities<\/strong>, un reconocimiento que busca crear una red de agentes de cambio que a trav\u00e9s de iniciativas pioneras logren una transformaci\u00f3n urbana sostenible, camino por el que viene transitando la ciudad desde hace muchos a\u00f1os.<\/p>\n<p>Por ser semifinalista, junto a ciudades como Par\u00eds (Francia), Odisha (India), Peshawar (Pakist\u00e1n) e Ilo\u00edlo (Filipinas), la ciudad recibi\u00f3 25.000 d\u00f3lares para fortalecer esta estrategia.<\/p>\n<h3><strong>*Mejor experiencia de acogida a poblaci\u00f3n migrante<\/strong><\/h3>\n<p><img decoding=\"async\" class=\"size-full wp-image-10257 aligncenter\" src=\"https:\/\/contrastes.com.co\/digital\/wp-content\/uploads\/2022\/07\/migrantes-quilla.jpg\" alt=\"migrantes quilla\" width=\"1080\" height=\"751\" \/><\/p>\n<p>En el marco del <strong>Foro Urbano Mundial<\/strong> realizado en Polonia entre el 26 y 30 de junio pasado, el <strong>Programa de Naciones Unidas para los Asentamientos Humanos (ONU-H\u00e1bitat)<\/strong> entreg\u00f3 al alcalde Jaime Pumarejo Heins el reconocimiento oficial al Centro de Integraci\u00f3n Local para Migrantes como la mejor pr\u00e1ctica postulada al concurso \u2018Pr\u00e1cticas Locales, Reconocimientos Globales\u2019, de la <strong>Organizaci\u00f3n de las Naciones Unidas<\/strong>.<\/p>\n<p>Entre m\u00e1s de 60 centros postulados en esta categor\u00eda, la capital del Atl\u00e1ntico se llev\u00f3 el primer lugar gracias a su tit\u00e1nica labor con la que ya ha atendido a 86.000 ciudadanos en 2 a\u00f1os con toda una oferta institucional que abarca distintas \u00e1reas como salud, educaci\u00f3n, empleo, gesti\u00f3n social, entre otras, ratificando \u201cla naturaleza de ciudad acogedora y de puertas abiertas que caracteriza a Barranquilla\u201d, tal como lo ha se\u00f1alado el alcalde Pumarejo.<\/p>\n<h3><strong>*Empleo para poblaci\u00f3n migrante<\/strong><\/h3>\n<p><img loading=\"lazy\" decoding=\"async\" class=\"size-full wp-image-10256 aligncenter\" src=\"https:\/\/contrastes.com.co\/digital\/wp-content\/uploads\/2022\/07\/empleo-quilla.jpg\" alt=\"empleo migrantes quilla\" width=\"1080\" height=\"718\" \/><\/p>\n<p>Como resultado de una convocatoria internacional promovida por el<strong> Mayors Migration Council<\/strong>, la estrategia de fomento a la <strong>empleabilidad de la poblaci\u00f3n migrante \u2018Todos Somos Barranquilla\u2019 result\u00f3 ganadora del Fondo de Ciudades Globales para una Respuesta Inclusiva a la Pandemia<\/strong>, junto con Beirut (L\u00edbano), Freetown (Sierra Leona), Lima (Per\u00fa) y M\u00e9xico.<\/p>\n<p>Gracias al Fondo, que otorg\u00f3 174.000 d\u00f3lares para fortalecer la ruta de empleabilidad del Centro de Oportunidades, el programa ha impactado a m\u00e1s de 100 migrantes con beneficios como orientaci\u00f3n, asistencia individual, formaci\u00f3n y asesor\u00eda psicosocial, as\u00ed como la entrega de kits de bioseguridad, auxilios de transporte, conectividad, alimentaci\u00f3n y prendas de vestir para entrevistas de trabajo, entre otros aspectos en busca de lograr una vinculaci\u00f3n y sostenibilidad laboral de los participantes.<\/p>\n<h3><strong>*El malec\u00f3n, en el top del dise\u00f1o mundial<\/strong><\/h3>\n<p><img loading=\"lazy\" decoding=\"async\" class=\"size-full wp-image-10255 aligncenter\" src=\"https:\/\/contrastes.com.co\/digital\/wp-content\/uploads\/2022\/07\/malecon-quilla.jpg\" alt=\"malecon quilla\" width=\"1080\" height=\"416\" \/><\/p>\n<p>Con el recibimiento del <strong>premio International Architecture &amp; Design Awards 2022, en la categor\u00eda Recreation Landscape Design Built<\/strong>, entregado por <strong>Architecture &amp; Design Community<\/strong>, Barranquilla se ratifica como una ciudad que define su futuro a partir del aprovechamiento de sus recursos naturales y el desarrollo social y econ\u00f3mico de sus habitantes.<\/p>\n<p>El Gran Malec\u00f3n es uno de los proyectos emblema de la Biodiverciudad y sigue siendo el espacio p\u00fablico m\u00e1s visitado de Colombia, que a la fecha supera los 20 millones de visitantes desde su creaci\u00f3n, en 2017.<\/p>\n<h3><strong>*Alumbrado P\u00fablico, Premio de Eficiencia Energ\u00e9tica<\/strong><\/h3>\n<p><img loading=\"lazy\" decoding=\"async\" class=\"size-full wp-image-10253 aligncenter\" src=\"https:\/\/contrastes.com.co\/digital\/wp-content\/uploads\/2022\/07\/alumbrado.jpg\" alt=\"alumbrado quilla\" width=\"1080\" height=\"608\" \/><\/p>\n<p>Barranquilla es la primera ciudad en Am\u00e9rica Latina en lograr una cobertura del 100 % en alumbrado p\u00fablico led desde 2019. Por ello, recientemente, la <strong>Asociaci\u00f3n Nacional de Empresas de Servicios P\u00fablicos y Comunicaciones (Andesco)<\/strong>, en conjunto con entidades gubernamentales del sector energ\u00e9tico, entregaron a la ciudad el <strong>Premio de Eficiencia Energ\u00e9tica<\/strong>.<\/p>\n<p>En su prop\u00f3sito de convertirse en la Biodiverciudad de Colombia, Barranquilla, a trav\u00e9s del programa de modernizaci\u00f3n del alumbrado p\u00fablico, ha logrado reducir sus emisiones de carbono y ahorrarse hasta un 35 % del consumo de energ\u00eda.<\/p>\n<h3><strong>*Barranquilla, la \u00fanica en Am\u00e9rica Latina reconocida como Ciudad \u00c1rbol<\/strong><\/h3>\n<p><img loading=\"lazy\" decoding=\"async\" class=\"size-full wp-image-10254 aligncenter\" src=\"https:\/\/contrastes.com.co\/digital\/wp-content\/uploads\/2022\/07\/ciudad-arbol.jpg\" alt=\"ciudad arbol quilla\" width=\"1048\" height=\"700\" \/><\/p>\n<p>Por tercera vez consecutiva, Barranquilla recibi\u00f3 esta distinci\u00f3n por parte de la <strong>Fundaci\u00f3n Arbor Day y la Organizaci\u00f3n de las Naciones Unidas para la Agricultura y la Alimentaci\u00f3n (FAO)<\/strong>, gracias a la excelente gesti\u00f3n de sus sistemas forestales.<\/p>\n<p>La capital del Atl\u00e1ntico lidera la gesti\u00f3n en sus \u00e1rboles urbanos, aportando a la soluci\u00f3n de problemas ambientales con m\u00e1s de 1.500.000 metros cuadrados recuperados en parques, bulevares, zonas verdes y otros espacios p\u00fablicos que ratifican a Barranquilla como una ciudad verde.<\/p>\n<p>Con estos reconocimientos, Barranquilla reitera su liderazgo en diferentes proyectos e iniciativas que cada d\u00eda refuerzan su visi\u00f3n internacional con ascendencia local y nacional en pro de la comunidad y el medio ambiente.<\/p>\n","protected":false},"excerpt":{"rendered":"<p>En los \u00faltimos a\u00f1os, Barranquilla se ha posicionado como un referente en Colombia y en Latinoam\u00e9rica: ocupa los primeros lugares en indicadores de desarrollo social y econ\u00f3mico; atrae inversi\u00f3n extranjera, y realiza apuestas ambiciosas que apuntan a la transformaci\u00f3n, bienestar de la comunidad y preservaci\u00f3n del medioambiente.<\/p>\n","protected":false},"author":1,"featured_media":10252,"comment_status":"open","ping_status":"open","sticky":false,"template":"","format":"standard","meta":{"footnotes":""},"categories":[2668,24],"tags":[267,6218,6219],"class_list":["post-10251","post","type-post","status-publish","format-standard","has-post-thumbnail","hentry","category-reconocimientos","category-region","tag-distrito-de-barranquilla","tag-premios-y-distinciones","tag-reconocimiento-mundial"],"yoast_head":"<!-- This site is optimized with the Yoast SEO plugin v27.7 - https:\/\/yoast.com\/product\/yoast-seo-wordpress\/ -->\n<title>Barranquilla, la ciudad de Colombia m\u00e1s premiada a nivel mundial - Constrastes<\/title>\n<meta name=\"description\" content=\"En los \u00faltimos a\u00f1os, Barranquilla se ha posicionado como un referente en Colombia y en Latinoam\u00e9rica: ocupa los primeros lugares en indicadores de desarrollo social y econ\u00f3mico; atrae inversi\u00f3n extranjera, y realiza apuestas ambiciosas que apuntan a la transformaci\u00f3n, bienestar de la comunidad y preservaci\u00f3n del medioambiente.\" \/>\n<meta name=\"robots\" content=\"index, follow, max-snippet:-1, max-image-preview:large, max-video-preview:-1\" \/>\n<link rel=\"canonical\" href=\"https:\/\/contrastes.com.co\/web\/2022\/07\/06\/barranquilla-la-ciudad-de-colombia-mas-premiada-a-nivel-mundial\/\" \/>\n<meta property=\"og:locale\" content=\"es_ES\" \/>\n<meta property=\"og:type\" content=\"article\" \/>\n<meta property=\"og:title\" content=\"Barranquilla, la ciudad de Colombia m\u00e1s premiada a nivel mundial - Constrastes\" \/>\n<meta property=\"og:description\" content=\"En los \u00faltimos a\u00f1os, Barranquilla se ha posicionado como un referente en Colombia y en Latinoam\u00e9rica: ocupa los primeros lugares en indicadores de desarrollo social y econ\u00f3mico; atrae inversi\u00f3n extranjera, y realiza apuestas ambiciosas que apuntan a la transformaci\u00f3n, bienestar de la comunidad y preservaci\u00f3n del medioambiente.\" \/>\n<meta property=\"og:url\" content=\"https:\/\/contrastes.com.co\/web\/2022\/07\/06\/barranquilla-la-ciudad-de-colombia-mas-premiada-a-nivel-mundial\/\" \/>\n<meta property=\"og:site_name\" content=\"Constrastes\" \/>\n<meta property=\"article:publisher\" content=\"https:\/\/www.facebook.com\/guillo.pantoja.1\" \/>\n<meta property=\"article:published_time\" content=\"2022-07-06T17:45:22+00:00\" \/>\n<meta name=\"author\" content=\"Editor\" \/>\n<meta name=\"twitter:card\" content=\"summary_large_image\" \/>\n<meta name=\"twitter:label1\" content=\"Escrito por\" \/>\n\t<meta name=\"twitter:data1\" content=\"Editor\" \/>\n\t<meta name=\"twitter:label2\" content=\"Tiempo de lectura\" \/>\n\t<meta name=\"twitter:data2\" content=\"5 minutos\" \/>\n<script type=\"application\/ld+json\" class=\"yoast-schema-graph\">{\"@context\":\"https:\\\/\\\/schema.org\",\"@graph\":[{\"@type\":\"Article\",\"@id\":\"https:\\\/\\\/contrastes.com.co\\\/web\\\/2022\\\/07\\\/06\\\/barranquilla-la-ciudad-de-colombia-mas-premiada-a-nivel-mundial\\\/#article\",\"isPartOf\":{\"@id\":\"https:\\\/\\\/contrastes.com.co\\\/web\\\/2022\\\/07\\\/06\\\/barranquilla-la-ciudad-de-colombia-mas-premiada-a-nivel-mundial\\\/\"},\"author\":{\"name\":\"Editor\",\"@id\":\"https:\\\/\\\/contrastes.com.co\\\/web\\\/#\\\/schema\\\/person\\\/62ef7a62dc4da6de450c71fc2e95ed02\"},\"headline\":\"Barranquilla, la ciudad de Colombia m\u00e1s premiada a nivel mundial\",\"datePublished\":\"2022-07-06T17:45:22+00:00\",\"mainEntityOfPage\":{\"@id\":\"https:\\\/\\\/contrastes.com.co\\\/web\\\/2022\\\/07\\\/06\\\/barranquilla-la-ciudad-de-colombia-mas-premiada-a-nivel-mundial\\\/\"},\"wordCount\":944,\"commentCount\":0,\"publisher\":{\"@id\":\"https:\\\/\\\/contrastes.com.co\\\/web\\\/#organization\"},\"image\":{\"@id\":\"https:\\\/\\\/contrastes.com.co\\\/web\\\/2022\\\/07\\\/06\\\/barranquilla-la-ciudad-de-colombia-mas-premiada-a-nivel-mundial\\\/#primaryimage\"},\"thumbnailUrl\":\"\",\"keywords\":[\"distrito de barranquilla\",\"premios y distinciones\",\"reconocimiento mundial\"],\"articleSection\":[\"Reconocimientos\",\"Regi\u00f3n\"],\"inLanguage\":\"es\",\"potentialAction\":[{\"@type\":\"CommentAction\",\"name\":\"Comment\",\"target\":[\"https:\\\/\\\/contrastes.com.co\\\/web\\\/2022\\\/07\\\/06\\\/barranquilla-la-ciudad-de-colombia-mas-premiada-a-nivel-mundial\\\/#respond\"]}]},{\"@type\":\"WebPage\",\"@id\":\"https:\\\/\\\/contrastes.com.co\\\/web\\\/2022\\\/07\\\/06\\\/barranquilla-la-ciudad-de-colombia-mas-premiada-a-nivel-mundial\\\/\",\"url\":\"https:\\\/\\\/contrastes.com.co\\\/web\\\/2022\\\/07\\\/06\\\/barranquilla-la-ciudad-de-colombia-mas-premiada-a-nivel-mundial\\\/\",\"name\":\"Barranquilla, la ciudad de Colombia m\u00e1s premiada a nivel mundial - Constrastes\",\"isPartOf\":{\"@id\":\"https:\\\/\\\/contrastes.com.co\\\/web\\\/#website\"},\"primaryImageOfPage\":{\"@id\":\"https:\\\/\\\/contrastes.com.co\\\/web\\\/2022\\\/07\\\/06\\\/barranquilla-la-ciudad-de-colombia-mas-premiada-a-nivel-mundial\\\/#primaryimage\"},\"image\":{\"@id\":\"https:\\\/\\\/contrastes.com.co\\\/web\\\/2022\\\/07\\\/06\\\/barranquilla-la-ciudad-de-colombia-mas-premiada-a-nivel-mundial\\\/#primaryimage\"},\"thumbnailUrl\":\"\",\"datePublished\":\"2022-07-06T17:45:22+00:00\",\"description\":\"En los \u00faltimos a\u00f1os, Barranquilla se ha posicionado como un referente en Colombia y en Latinoam\u00e9rica: ocupa los primeros lugares en indicadores de desarrollo social y econ\u00f3mico; atrae inversi\u00f3n extranjera, y realiza apuestas ambiciosas que apuntan a la transformaci\u00f3n, bienestar de la comunidad y preservaci\u00f3n del medioambiente.\",\"breadcrumb\":{\"@id\":\"https:\\\/\\\/contrastes.com.co\\\/web\\\/2022\\\/07\\\/06\\\/barranquilla-la-ciudad-de-colombia-mas-premiada-a-nivel-mundial\\\/#breadcrumb\"},\"inLanguage\":\"es\",\"potentialAction\":[{\"@type\":\"ReadAction\",\"target\":[\"https:\\\/\\\/contrastes.com.co\\\/web\\\/2022\\\/07\\\/06\\\/barranquilla-la-ciudad-de-colombia-mas-premiada-a-nivel-mundial\\\/\"]}]},{\"@type\":\"ImageObject\",\"inLanguage\":\"es\",\"@id\":\"https:\\\/\\\/contrastes.com.co\\\/web\\\/2022\\\/07\\\/06\\\/barranquilla-la-ciudad-de-colombia-mas-premiada-a-nivel-mundial\\\/#primaryimage\",\"url\":\"\",\"contentUrl\":\"\"},{\"@type\":\"BreadcrumbList\",\"@id\":\"https:\\\/\\\/contrastes.com.co\\\/web\\\/2022\\\/07\\\/06\\\/barranquilla-la-ciudad-de-colombia-mas-premiada-a-nivel-mundial\\\/#breadcrumb\",\"itemListElement\":[{\"@type\":\"ListItem\",\"position\":1,\"name\":\"Portada\",\"item\":\"https:\\\/\\\/contrastes.com.co\\\/web\\\/\"},{\"@type\":\"ListItem\",\"position\":2,\"name\":\"Barranquilla, la ciudad de Colombia m\u00e1s premiada a nivel mundial\"}]},{\"@type\":\"WebSite\",\"@id\":\"https:\\\/\\\/contrastes.com.co\\\/web\\\/#website\",\"url\":\"https:\\\/\\\/contrastes.com.co\\\/web\\\/\",\"name\":\"Contrastes\",\"description\":\"Periodismo de Conciencia\",\"publisher\":{\"@id\":\"https:\\\/\\\/contrastes.com.co\\\/web\\\/#organization\"},\"potentialAction\":[{\"@type\":\"SearchAction\",\"target\":{\"@type\":\"EntryPoint\",\"urlTemplate\":\"https:\\\/\\\/contrastes.com.co\\\/web\\\/?s={search_term_string}\"},\"query-input\":{\"@type\":\"PropertyValueSpecification\",\"valueRequired\":true,\"valueName\":\"search_term_string\"}}],\"inLanguage\":\"es\"},{\"@type\":\"Organization\",\"@id\":\"https:\\\/\\\/contrastes.com.co\\\/web\\\/#organization\",\"name\":\"Contrastes\",\"url\":\"https:\\\/\\\/contrastes.com.co\\\/web\\\/\",\"logo\":{\"@type\":\"ImageObject\",\"inLanguage\":\"es\",\"@id\":\"https:\\\/\\\/contrastes.com.co\\\/web\\\/#\\\/schema\\\/logo\\\/image\\\/\",\"url\":\"https:\\\/\\\/contrastes.com.co\\\/web\\\/wp-content\\\/uploads\\\/2025\\\/04\\\/15CONTRASTES3.png\",\"contentUrl\":\"https:\\\/\\\/contrastes.com.co\\\/web\\\/wp-content\\\/uploads\\\/2025\\\/04\\\/15CONTRASTES3.png\",\"width\":1536,\"height\":231,\"caption\":\"Contrastes\"},\"image\":{\"@id\":\"https:\\\/\\\/contrastes.com.co\\\/web\\\/#\\\/schema\\\/logo\\\/image\\\/\"},\"sameAs\":[\"https:\\\/\\\/www.facebook.com\\\/guillo.pantoja.1\"]},{\"@type\":\"Person\",\"@id\":\"https:\\\/\\\/contrastes.com.co\\\/web\\\/#\\\/schema\\\/person\\\/62ef7a62dc4da6de450c71fc2e95ed02\",\"name\":\"Editor\",\"image\":{\"@type\":\"ImageObject\",\"inLanguage\":\"es\",\"@id\":\"https:\\\/\\\/secure.gravatar.com\\\/avatar\\\/7bbb4f718d74bbf600dc556253bb04fd7ac8593751d6e2e3b85432d98aefae80?s=96&d=mm&r=g\",\"url\":\"https:\\\/\\\/secure.gravatar.com\\\/avatar\\\/7bbb4f718d74bbf600dc556253bb04fd7ac8593751d6e2e3b85432d98aefae80?s=96&d=mm&r=g\",\"contentUrl\":\"https:\\\/\\\/secure.gravatar.com\\\/avatar\\\/7bbb4f718d74bbf600dc556253bb04fd7ac8593751d6e2e3b85432d98aefae80?s=96&d=mm&r=g\",\"caption\":\"Editor\"},\"sameAs\":[\"https:\\\/\\\/contrastes.com.co\\\/web\"],\"url\":\"https:\\\/\\\/contrastes.com.co\\\/web\\\/author\\\/jdbobadilla\\\/\"}]}<\/script>\n<!-- \/ Yoast SEO plugin. -->","yoast_head_json":{"title":"Barranquilla, la ciudad de Colombia m\u00e1s premiada a nivel mundial - Constrastes","description":"En los \u00faltimos a\u00f1os, Barranquilla se ha posicionado como un referente en Colombia y en Latinoam\u00e9rica: ocupa los primeros lugares en indicadores de desarrollo social y econ\u00f3mico; atrae inversi\u00f3n extranjera, y realiza apuestas ambiciosas que apuntan a la transformaci\u00f3n, bienestar de la comunidad y preservaci\u00f3n del medioambiente.","robots":{"index":"index","follow":"follow","max-snippet":"max-snippet:-1","max-image-preview":"max-image-preview:large","max-video-preview":"max-video-preview:-1"},"canonical":"https:\/\/contrastes.com.co\/web\/2022\/07\/06\/barranquilla-la-ciudad-de-colombia-mas-premiada-a-nivel-mundial\/","og_locale":"es_ES","og_type":"article","og_title":"Barranquilla, la ciudad de Colombia m\u00e1s premiada a nivel mundial - Constrastes","og_description":"En los \u00faltimos a\u00f1os, Barranquilla se ha posicionado como un referente en Colombia y en Latinoam\u00e9rica: ocupa los primeros lugares en indicadores de desarrollo social y econ\u00f3mico; atrae inversi\u00f3n extranjera, y realiza apuestas ambiciosas que apuntan a la transformaci\u00f3n, bienestar de la comunidad y preservaci\u00f3n del medioambiente.","og_url":"https:\/\/contrastes.com.co\/web\/2022\/07\/06\/barranquilla-la-ciudad-de-colombia-mas-premiada-a-nivel-mundial\/","og_site_name":"Constrastes","article_publisher":"https:\/\/www.facebook.com\/guillo.pantoja.1","article_published_time":"2022-07-06T17:45:22+00:00","author":"Editor","twitter_card":"summary_large_image","twitter_misc":{"Escrito por":"Editor","Tiempo de lectura":"5 minutos"},"schema":{"@context":"https:\/\/schema.org","@graph":[{"@type":"Article","@id":"https:\/\/contrastes.com.co\/web\/2022\/07\/06\/barranquilla-la-ciudad-de-colombia-mas-premiada-a-nivel-mundial\/#article","isPartOf":{"@id":"https:\/\/contrastes.com.co\/web\/2022\/07\/06\/barranquilla-la-ciudad-de-colombia-mas-premiada-a-nivel-mundial\/"},"author":{"name":"Editor","@id":"https:\/\/contrastes.com.co\/web\/#\/schema\/person\/62ef7a62dc4da6de450c71fc2e95ed02"},"headline":"Barranquilla, la ciudad de Colombia m\u00e1s premiada a nivel mundial","datePublished":"2022-07-06T17:45:22+00:00","mainEntityOfPage":{"@id":"https:\/\/contrastes.com.co\/web\/2022\/07\/06\/barranquilla-la-ciudad-de-colombia-mas-premiada-a-nivel-mundial\/"},"wordCount":944,"commentCount":0,"publisher":{"@id":"https:\/\/contrastes.com.co\/web\/#organization"},"image":{"@id":"https:\/\/contrastes.com.co\/web\/2022\/07\/06\/barranquilla-la-ciudad-de-colombia-mas-premiada-a-nivel-mundial\/#primaryimage"},"thumbnailUrl":"","keywords":["distrito de barranquilla","premios y distinciones","reconocimiento mundial"],"articleSection":["Reconocimientos","Regi\u00f3n"],"inLanguage":"es","potentialAction":[{"@type":"CommentAction","name":"Comment","target":["https:\/\/contrastes.com.co\/web\/2022\/07\/06\/barranquilla-la-ciudad-de-colombia-mas-premiada-a-nivel-mundial\/#respond"]}]},{"@type":"WebPage","@id":"https:\/\/contrastes.com.co\/web\/2022\/07\/06\/barranquilla-la-ciudad-de-colombia-mas-premiada-a-nivel-mundial\/","url":"https:\/\/contrastes.com.co\/web\/2022\/07\/06\/barranquilla-la-ciudad-de-colombia-mas-premiada-a-nivel-mundial\/","name":"Barranquilla, la ciudad de Colombia m\u00e1s premiada a nivel mundial - Constrastes","isPartOf":{"@id":"https:\/\/contrastes.com.co\/web\/#website"},"primaryImageOfPage":{"@id":"https:\/\/contrastes.com.co\/web\/2022\/07\/06\/barranquilla-la-ciudad-de-colombia-mas-premiada-a-nivel-mundial\/#primaryimage"},"image":{"@id":"https:\/\/contrastes.com.co\/web\/2022\/07\/06\/barranquilla-la-ciudad-de-colombia-mas-premiada-a-nivel-mundial\/#primaryimage"},"thumbnailUrl":"","datePublished":"2022-07-06T17:45:22+00:00","description":"En los \u00faltimos a\u00f1os, Barranquilla se ha posicionado como un referente en Colombia y en Latinoam\u00e9rica: ocupa los primeros lugares en indicadores de desarrollo social y econ\u00f3mico; atrae inversi\u00f3n extranjera, y realiza apuestas ambiciosas que apuntan a la transformaci\u00f3n, bienestar de la comunidad y preservaci\u00f3n del medioambiente.","breadcrumb":{"@id":"https:\/\/contrastes.com.co\/web\/2022\/07\/06\/barranquilla-la-ciudad-de-colombia-mas-premiada-a-nivel-mundial\/#breadcrumb"},"inLanguage":"es","potentialAction":[{"@type":"ReadAction","target":["https:\/\/contrastes.com.co\/web\/2022\/07\/06\/barranquilla-la-ciudad-de-colombia-mas-premiada-a-nivel-mundial\/"]}]},{"@type":"ImageObject","inLanguage":"es","@id":"https:\/\/contrastes.com.co\/web\/2022\/07\/06\/barranquilla-la-ciudad-de-colombia-mas-premiada-a-nivel-mundial\/#primaryimage","url":"","contentUrl":""},{"@type":"BreadcrumbList","@id":"https:\/\/contrastes.com.co\/web\/2022\/07\/06\/barranquilla-la-ciudad-de-colombia-mas-premiada-a-nivel-mundial\/#breadcrumb","itemListElement":[{"@type":"ListItem","position":1,"name":"Portada","item":"https:\/\/contrastes.com.co\/web\/"},{"@type":"ListItem","position":2,"name":"Barranquilla, la ciudad de Colombia m\u00e1s premiada a nivel mundial"}]},{"@type":"WebSite","@id":"https:\/\/contrastes.com.co\/web\/#website","url":"https:\/\/contrastes.com.co\/web\/","name":"Contrastes","description":"Periodismo de Conciencia","publisher":{"@id":"https:\/\/contrastes.com.co\/web\/#organization"},"potentialAction":[{"@type":"SearchAction","target":{"@type":"EntryPoint","urlTemplate":"https:\/\/contrastes.com.co\/web\/?s={search_term_string}"},"query-input":{"@type":"PropertyValueSpecification","valueRequired":true,"valueName":"search_term_string"}}],"inLanguage":"es"},{"@type":"Organization","@id":"https:\/\/contrastes.com.co\/web\/#organization","name":"Contrastes","url":"https:\/\/contrastes.com.co\/web\/","logo":{"@type":"ImageObject","inLanguage":"es","@id":"https:\/\/contrastes.com.co\/web\/#\/schema\/logo\/image\/","url":"https:\/\/contrastes.com.co\/web\/wp-content\/uploads\/2025\/04\/15CONTRASTES3.png","contentUrl":"https:\/\/contrastes.com.co\/web\/wp-content\/uploads\/2025\/04\/15CONTRASTES3.png","width":1536,"height":231,"caption":"Contrastes"},"image":{"@id":"https:\/\/contrastes.com.co\/web\/#\/schema\/logo\/image\/"},"sameAs":["https:\/\/www.facebook.com\/guillo.pantoja.1"]},{"@type":"Person","@id":"https:\/\/contrastes.com.co\/web\/#\/schema\/person\/62ef7a62dc4da6de450c71fc2e95ed02","name":"Editor","image":{"@type":"ImageObject","inLanguage":"es","@id":"https:\/\/secure.gravatar.com\/avatar\/7bbb4f718d74bbf600dc556253bb04fd7ac8593751d6e2e3b85432d98aefae80?s=96&d=mm&r=g","url":"https:\/\/secure.gravatar.com\/avatar\/7bbb4f718d74bbf600dc556253bb04fd7ac8593751d6e2e3b85432d98aefae80?s=96&d=mm&r=g","contentUrl":"https:\/\/secure.gravatar.com\/avatar\/7bbb4f718d74bbf600dc556253bb04fd7ac8593751d6e2e3b85432d98aefae80?s=96&d=mm&r=g","caption":"Editor"},"sameAs":["https:\/\/contrastes.com.co\/web"],"url":"https:\/\/contrastes.com.co\/web\/author\/jdbobadilla\/"}]}},"blog_post_layout_featured_media_urls":{"thumbnail":"","full":""},"categories_names":{"2668":{"name":"Reconocimientos","link":"https:\/\/contrastes.com.co\/web\/category\/reconocimientos\/"},"24":{"name":"Regi\u00f3n","link":"https:\/\/contrastes.com.co\/web\/category\/region\/"}},"tags_names":{"267":{"name":"distrito de barranquilla","link":"https:\/\/contrastes.com.co\/web\/tag\/distrito-de-barranquilla\/"},"6218":{"name":"premios y distinciones","link":"https:\/\/contrastes.com.co\/web\/tag\/premios-y-distinciones\/"},"6219":{"name":"reconocimiento mundial","link":"https:\/\/contrastes.com.co\/web\/tag\/reconocimiento-mundial\/"}},"comments_number":"0","wpmagazine_modules_lite_featured_media_urls":{"thumbnail":"","cvmm-medium":"","cvmm-medium-plus":"","cvmm-portrait":"","cvmm-medium-square":"","cvmm-large":"","cvmm-small":"","full":""},"_links":{"self":[{"href":"https:\/\/contrastes.com.co\/web\/wp-json\/wp\/v2\/posts\/10251","targetHints":{"allow":["GET"]}}],"collection":[{"href":"https:\/\/contrastes.com.co\/web\/wp-json\/wp\/v2\/posts"}],"about":[{"href":"https:\/\/contrastes.com.co\/web\/wp-json\/wp\/v2\/types\/post"}],"author":[{"embeddable":true,"href":"https:\/\/contrastes.com.co\/web\/wp-json\/wp\/v2\/users\/1"}],"replies":[{"embeddable":true,"href":"https:\/\/contrastes.com.co\/web\/wp-json\/wp\/v2\/comments?post=10251"}],"version-history":[{"count":0,"href":"https:\/\/contrastes.com.co\/web\/wp-json\/wp\/v2\/posts\/10251\/revisions"}],"wp:attachment":[{"href":"https:\/\/contrastes.com.co\/web\/wp-json\/wp\/v2\/media?parent=10251"}],"wp:term":[{"taxonomy":"category","embeddable":true,"href":"https:\/\/contrastes.com.co\/web\/wp-json\/wp\/v2\/categories?post=10251"},{"taxonomy":"post_tag","embeddable":true,"href":"https:\/\/contrastes.com.co\/web\/wp-json\/wp\/v2\/tags?post=10251"}],"curies":[{"name":"wp","href":"https:\/\/api.w.org\/{rel}","templated":true}]}}