{"id":10324,"date":"2022-07-14T18:20:33","date_gmt":"2022-07-14T23:20:33","guid":{"rendered":"https:\/\/contrastes.com.co\/digital\/?p=10324"},"modified":"2022-07-14T18:20:33","modified_gmt":"2022-07-14T23:20:33","slug":"la-seleccion-atlantico-sub-23-sumo-su-tercer-empate-en-bogota","status":"publish","type":"post","link":"https:\/\/contrastes.com.co\/web\/2022\/07\/14\/la-seleccion-atlantico-sub-23-sumo-su-tercer-empate-en-bogota\/","title":{"rendered":"La Selecci\u00f3n Atl\u00e1ntico Sub-23 sum\u00f3 su tercer empate en Bogot\u00e1\u00a0  \u00a0\u00a0"},"content":{"rendered":"<p><span data-contrast=\"auto\">La Selecci\u00f3n Atl\u00e1ntico Sub-23 igual\u00f3 2-2 contra Boyac\u00e1 en Bogot\u00e1 por la tercera fecha del Zonal Clasificatorio del Campeonato Nacional de F\u00fatbol.<\/span><span data-ccp-props=\"{&quot;201341983&quot;:0,&quot;335559739&quot;:160,&quot;335559740&quot;:259}\">\u00a0<\/span><\/p>\n<p><span data-contrast=\"auto\">Juan Andr\u00e9s Mesa abri\u00f3 el marcador para los boyacenses al minuto 7 en la sede deportiva de la Federaci\u00f3n Colombiana de F\u00fatbol.<\/span><span data-ccp-props=\"{&quot;201341983&quot;:0,&quot;335559739&quot;:160,&quot;335559740&quot;:259}\">\u00a0<\/span><\/p>\n<p><span data-contrast=\"auto\">El mediocampista Wanderley Lobo empat\u00f3 al 39\u2019 con un zurdazo que se meti\u00f3 cerca del palo derecho del arco.<\/span><span data-ccp-props=\"{&quot;201341983&quot;:0,&quot;335559739&quot;:160,&quot;335559740&quot;:259}\">\u00a0<\/span><\/p>\n<p><img fetchpriority=\"high\" decoding=\"async\" class=\"size-full wp-image-10326 aligncenter\" src=\"https:\/\/contrastes.com.co\/digital\/wp-content\/uploads\/2022\/07\/PORTADA.jpg\" alt=\"\" width=\"1200\" height=\"783\" \/><\/p>\n<p><span data-contrast=\"auto\">Los boyacenses se pusieron arriba en el marcador nuevamente, cuando Javier Ariza marc\u00f3 el 2-1 al minuto 10 del segundo tiempo.<\/span><span data-ccp-props=\"{&quot;201341983&quot;:0,&quot;335559739&quot;:160,&quot;335559740&quot;:259}\">\u00a0<\/span><\/p>\n<p><span data-contrast=\"auto\">El conjunto dirigido por Calixto Chiquillo logr\u00f3 el empate definitivo gracias al centrocampista Neider San Juan, quien anot\u00f3 con su pie derecho tras aprovechar un rebote del arquero al minuto 30.<\/span><span data-ccp-props=\"{&quot;201341983&quot;:0,&quot;335559739&quot;:160,&quot;335559740&quot;:259}\">\u00a0<\/span><\/p>\n<p><span data-contrast=\"auto\">Esta es la tercera igualdad de Atl\u00e1ntico en el Zonal, en el que ya hab\u00eda enfrentado a Guaviare (1-1) y Norte de Santander (1-1).<\/span><span data-ccp-props=\"{&quot;201341983&quot;:0,&quot;335559739&quot;:160,&quot;335559740&quot;:259}\">\u00a0<\/span><\/p>\n<p><img decoding=\"async\" class=\"size-full wp-image-10328 aligncenter\" src=\"https:\/\/contrastes.com.co\/digital\/wp-content\/uploads\/2022\/07\/ATL.2.jpg\" alt=\"\" width=\"1200\" height=\"783\" \/><\/p>\n<p><span data-contrast=\"auto\">De esta forma el seleccionado atlanticense se mantiene por fuera de la zona de clasificaci\u00f3n, al ubicarse en la cuarta posici\u00f3n con 3 unidades. Por ahora es superado por Santander (7), Norte de Santander (7) y Boyac\u00e1 (5). Los tres primeros clasificar\u00e1n.<\/span><span data-ccp-props=\"{&quot;201341983&quot;:0,&quot;335559739&quot;:160,&quot;335559740&quot;:259}\">\u00a0<\/span><\/p>\n<p><span data-contrast=\"auto\">Atl\u00e1ntico el viernes en la cuarta jornada enfrentar\u00e1 a Magdalena, que est\u00e1 en la \u00faltima casilla sin puntos. El juego comenzar\u00e1 a la 1:00 p.m.<\/span><span data-ccp-props=\"{&quot;201341983&quot;:0,&quot;335559739&quot;:160,&quot;335559740&quot;:259}\">\u00a0<\/span><\/p>\n<p><img decoding=\"async\" class=\"size-full wp-image-10327 aligncenter\" src=\"https:\/\/contrastes.com.co\/digital\/wp-content\/uploads\/2022\/07\/ATL.1.jpg\" alt=\"\" width=\"1200\" height=\"783\" \/><\/p>\n<p><span data-contrast=\"auto\">Fotos: Danilsa Chac\u00f3n\u00a0 &#8211; Liga de F\u00fatbol del Atl\u00e1ntico<\/span><span data-ccp-props=\"{&quot;201341983&quot;:0,&quot;335559739&quot;:160,&quot;335559740&quot;:259}\">\u00a0<\/span><\/p>\n","protected":false},"excerpt":{"rendered":"<p>La Selecci\u00f3n Atl\u00e1ntico Sub-23 igual\u00f3 2-2 contra Boyac\u00e1 en Bogot\u00e1 por la tercera fecha del Zonal Clasificatorio del Campeonato Nacional de F\u00fatbol.\u00a0 Juan Andr\u00e9s Mesa abri\u00f3 el marcador para los boyacenses al minuto 7 en la sede deportiva de la Federaci\u00f3n Colombiana de F\u00fatbol.\u00a0 El mediocampista Wanderley Lobo empat\u00f3 al 39\u2019 con un zurdazo que [&hellip;]<\/p>\n","protected":false},"author":1,"featured_media":10325,"comment_status":"open","ping_status":"open","sticky":false,"template":"","format":"standard","meta":{"footnotes":""},"categories":[151,24],"tags":[6100,291,4159,152,6255],"class_list":["post-10324","post","type-post","status-publish","format-standard","has-post-thumbnail","hentry","category-deportes","category-region","tag-alfredo-de-la-hoz","tag-colombia","tag-dimayor","tag-futbol","tag-seleccion-atlantico"],"yoast_head":"<!-- This site is optimized with the Yoast SEO plugin v27.7 - https:\/\/yoast.com\/product\/yoast-seo-wordpress\/ -->\n<title>La Selecci\u00f3n Atl\u00e1ntico Sub-23 sum\u00f3 su tercer empate en Bogot\u00e1\u00a0 \u00a0\u00a0 - Constrastes<\/title>\n<meta name=\"description\" content=\"La Selecci\u00f3n Atl\u00e1ntico Sub-23 igual\u00f3 2-2 contra Boyac\u00e1 en Bogot\u00e1 por la tercera fecha del Zonal Clasificatorio del Campeonato Nacional de F\u00fatbol.\u00a0\" \/>\n<meta name=\"robots\" content=\"index, follow, max-snippet:-1, max-image-preview:large, max-video-preview:-1\" \/>\n<link rel=\"canonical\" href=\"https:\/\/contrastes.com.co\/web\/2022\/07\/14\/la-seleccion-atlantico-sub-23-sumo-su-tercer-empate-en-bogota\/\" \/>\n<meta property=\"og:locale\" content=\"es_ES\" \/>\n<meta property=\"og:type\" content=\"article\" \/>\n<meta property=\"og:title\" content=\"La Selecci\u00f3n Atl\u00e1ntico Sub-23 sum\u00f3 su tercer empate en Bogot\u00e1\u00a0 \u00a0\u00a0 - Constrastes\" \/>\n<meta property=\"og:description\" content=\"La Selecci\u00f3n Atl\u00e1ntico Sub-23 igual\u00f3 2-2 contra Boyac\u00e1 en Bogot\u00e1 por la tercera fecha del Zonal Clasificatorio del Campeonato Nacional de F\u00fatbol.\u00a0\" \/>\n<meta property=\"og:url\" content=\"https:\/\/contrastes.com.co\/web\/2022\/07\/14\/la-seleccion-atlantico-sub-23-sumo-su-tercer-empate-en-bogota\/\" \/>\n<meta property=\"og:site_name\" content=\"Constrastes\" \/>\n<meta property=\"article:publisher\" content=\"https:\/\/www.facebook.com\/guillo.pantoja.1\" \/>\n<meta property=\"article:published_time\" content=\"2022-07-14T23:20:33+00:00\" \/>\n<meta name=\"author\" content=\"Editor\" \/>\n<meta name=\"twitter:card\" content=\"summary_large_image\" \/>\n<meta name=\"twitter:label1\" content=\"Escrito por\" \/>\n\t<meta name=\"twitter:data1\" content=\"Editor\" \/>\n\t<meta name=\"twitter:label2\" content=\"Tiempo de lectura\" \/>\n\t<meta name=\"twitter:data2\" content=\"1 minuto\" \/>\n<script type=\"application\/ld+json\" class=\"yoast-schema-graph\">{\"@context\":\"https:\\\/\\\/schema.org\",\"@graph\":[{\"@type\":\"Article\",\"@id\":\"https:\\\/\\\/contrastes.com.co\\\/web\\\/2022\\\/07\\\/14\\\/la-seleccion-atlantico-sub-23-sumo-su-tercer-empate-en-bogota\\\/#article\",\"isPartOf\":{\"@id\":\"https:\\\/\\\/contrastes.com.co\\\/web\\\/2022\\\/07\\\/14\\\/la-seleccion-atlantico-sub-23-sumo-su-tercer-empate-en-bogota\\\/\"},\"author\":{\"name\":\"Editor\",\"@id\":\"https:\\\/\\\/contrastes.com.co\\\/web\\\/#\\\/schema\\\/person\\\/62ef7a62dc4da6de450c71fc2e95ed02\"},\"headline\":\"La Selecci\u00f3n Atl\u00e1ntico Sub-23 sum\u00f3 su tercer empate en Bogot\u00e1\u00a0 \u00a0\u00a0\",\"datePublished\":\"2022-07-14T23:20:33+00:00\",\"mainEntityOfPage\":{\"@id\":\"https:\\\/\\\/contrastes.com.co\\\/web\\\/2022\\\/07\\\/14\\\/la-seleccion-atlantico-sub-23-sumo-su-tercer-empate-en-bogota\\\/\"},\"wordCount\":234,\"commentCount\":0,\"publisher\":{\"@id\":\"https:\\\/\\\/contrastes.com.co\\\/web\\\/#organization\"},\"image\":{\"@id\":\"https:\\\/\\\/contrastes.com.co\\\/web\\\/2022\\\/07\\\/14\\\/la-seleccion-atlantico-sub-23-sumo-su-tercer-empate-en-bogota\\\/#primaryimage\"},\"thumbnailUrl\":\"\",\"keywords\":[\"Alfredo de La Hoz\",\"Colombia\",\"Dimayor\",\"futbol\",\"seleccion atlantico\"],\"articleSection\":[\"Deportes\",\"Regi\u00f3n\"],\"inLanguage\":\"es\",\"potentialAction\":[{\"@type\":\"CommentAction\",\"name\":\"Comment\",\"target\":[\"https:\\\/\\\/contrastes.com.co\\\/web\\\/2022\\\/07\\\/14\\\/la-seleccion-atlantico-sub-23-sumo-su-tercer-empate-en-bogota\\\/#respond\"]}]},{\"@type\":\"WebPage\",\"@id\":\"https:\\\/\\\/contrastes.com.co\\\/web\\\/2022\\\/07\\\/14\\\/la-seleccion-atlantico-sub-23-sumo-su-tercer-empate-en-bogota\\\/\",\"url\":\"https:\\\/\\\/contrastes.com.co\\\/web\\\/2022\\\/07\\\/14\\\/la-seleccion-atlantico-sub-23-sumo-su-tercer-empate-en-bogota\\\/\",\"name\":\"La Selecci\u00f3n Atl\u00e1ntico Sub-23 sum\u00f3 su tercer empate en Bogot\u00e1\u00a0 \u00a0\u00a0 - Constrastes\",\"isPartOf\":{\"@id\":\"https:\\\/\\\/contrastes.com.co\\\/web\\\/#website\"},\"primaryImageOfPage\":{\"@id\":\"https:\\\/\\\/contrastes.com.co\\\/web\\\/2022\\\/07\\\/14\\\/la-seleccion-atlantico-sub-23-sumo-su-tercer-empate-en-bogota\\\/#primaryimage\"},\"image\":{\"@id\":\"https:\\\/\\\/contrastes.com.co\\\/web\\\/2022\\\/07\\\/14\\\/la-seleccion-atlantico-sub-23-sumo-su-tercer-empate-en-bogota\\\/#primaryimage\"},\"thumbnailUrl\":\"\",\"datePublished\":\"2022-07-14T23:20:33+00:00\",\"description\":\"La Selecci\u00f3n Atl\u00e1ntico Sub-23 igual\u00f3 2-2 contra Boyac\u00e1 en Bogot\u00e1 por la tercera fecha del Zonal Clasificatorio del Campeonato Nacional de F\u00fatbol.\u00a0\",\"breadcrumb\":{\"@id\":\"https:\\\/\\\/contrastes.com.co\\\/web\\\/2022\\\/07\\\/14\\\/la-seleccion-atlantico-sub-23-sumo-su-tercer-empate-en-bogota\\\/#breadcrumb\"},\"inLanguage\":\"es\",\"potentialAction\":[{\"@type\":\"ReadAction\",\"target\":[\"https:\\\/\\\/contrastes.com.co\\\/web\\\/2022\\\/07\\\/14\\\/la-seleccion-atlantico-sub-23-sumo-su-tercer-empate-en-bogota\\\/\"]}]},{\"@type\":\"ImageObject\",\"inLanguage\":\"es\",\"@id\":\"https:\\\/\\\/contrastes.com.co\\\/web\\\/2022\\\/07\\\/14\\\/la-seleccion-atlantico-sub-23-sumo-su-tercer-empate-en-bogota\\\/#primaryimage\",\"url\":\"\",\"contentUrl\":\"\"},{\"@type\":\"BreadcrumbList\",\"@id\":\"https:\\\/\\\/contrastes.com.co\\\/web\\\/2022\\\/07\\\/14\\\/la-seleccion-atlantico-sub-23-sumo-su-tercer-empate-en-bogota\\\/#breadcrumb\",\"itemListElement\":[{\"@type\":\"ListItem\",\"position\":1,\"name\":\"Portada\",\"item\":\"https:\\\/\\\/contrastes.com.co\\\/web\\\/\"},{\"@type\":\"ListItem\",\"position\":2,\"name\":\"La Selecci\u00f3n Atl\u00e1ntico Sub-23 sum\u00f3 su tercer empate en Bogot\u00e1\u00a0 \u00a0\u00a0\"}]},{\"@type\":\"WebSite\",\"@id\":\"https:\\\/\\\/contrastes.com.co\\\/web\\\/#website\",\"url\":\"https:\\\/\\\/contrastes.com.co\\\/web\\\/\",\"name\":\"Contrastes\",\"description\":\"Periodismo de Conciencia\",\"publisher\":{\"@id\":\"https:\\\/\\\/contrastes.com.co\\\/web\\\/#organization\"},\"potentialAction\":[{\"@type\":\"SearchAction\",\"target\":{\"@type\":\"EntryPoint\",\"urlTemplate\":\"https:\\\/\\\/contrastes.com.co\\\/web\\\/?s={search_term_string}\"},\"query-input\":{\"@type\":\"PropertyValueSpecification\",\"valueRequired\":true,\"valueName\":\"search_term_string\"}}],\"inLanguage\":\"es\"},{\"@type\":\"Organization\",\"@id\":\"https:\\\/\\\/contrastes.com.co\\\/web\\\/#organization\",\"name\":\"Contrastes\",\"url\":\"https:\\\/\\\/contrastes.com.co\\\/web\\\/\",\"logo\":{\"@type\":\"ImageObject\",\"inLanguage\":\"es\",\"@id\":\"https:\\\/\\\/contrastes.com.co\\\/web\\\/#\\\/schema\\\/logo\\\/image\\\/\",\"url\":\"https:\\\/\\\/contrastes.com.co\\\/web\\\/wp-content\\\/uploads\\\/2025\\\/04\\\/15CONTRASTES3.png\",\"contentUrl\":\"https:\\\/\\\/contrastes.com.co\\\/web\\\/wp-content\\\/uploads\\\/2025\\\/04\\\/15CONTRASTES3.png\",\"width\":1536,\"height\":231,\"caption\":\"Contrastes\"},\"image\":{\"@id\":\"https:\\\/\\\/contrastes.com.co\\\/web\\\/#\\\/schema\\\/logo\\\/image\\\/\"},\"sameAs\":[\"https:\\\/\\\/www.facebook.com\\\/guillo.pantoja.1\"]},{\"@type\":\"Person\",\"@id\":\"https:\\\/\\\/contrastes.com.co\\\/web\\\/#\\\/schema\\\/person\\\/62ef7a62dc4da6de450c71fc2e95ed02\",\"name\":\"Editor\",\"image\":{\"@type\":\"ImageObject\",\"inLanguage\":\"es\",\"@id\":\"https:\\\/\\\/secure.gravatar.com\\\/avatar\\\/7bbb4f718d74bbf600dc556253bb04fd7ac8593751d6e2e3b85432d98aefae80?s=96&d=mm&r=g\",\"url\":\"https:\\\/\\\/secure.gravatar.com\\\/avatar\\\/7bbb4f718d74bbf600dc556253bb04fd7ac8593751d6e2e3b85432d98aefae80?s=96&d=mm&r=g\",\"contentUrl\":\"https:\\\/\\\/secure.gravatar.com\\\/avatar\\\/7bbb4f718d74bbf600dc556253bb04fd7ac8593751d6e2e3b85432d98aefae80?s=96&d=mm&r=g\",\"caption\":\"Editor\"},\"sameAs\":[\"https:\\\/\\\/contrastes.com.co\\\/web\"],\"url\":\"https:\\\/\\\/contrastes.com.co\\\/web\\\/author\\\/jdbobadilla\\\/\"}]}<\/script>\n<!-- \/ Yoast SEO plugin. -->","yoast_head_json":{"title":"La Selecci\u00f3n Atl\u00e1ntico Sub-23 sum\u00f3 su tercer empate en Bogot\u00e1\u00a0 \u00a0\u00a0 - Constrastes","description":"La Selecci\u00f3n Atl\u00e1ntico Sub-23 igual\u00f3 2-2 contra Boyac\u00e1 en Bogot\u00e1 por la tercera fecha del Zonal Clasificatorio del Campeonato Nacional de F\u00fatbol.\u00a0","robots":{"index":"index","follow":"follow","max-snippet":"max-snippet:-1","max-image-preview":"max-image-preview:large","max-video-preview":"max-video-preview:-1"},"canonical":"https:\/\/contrastes.com.co\/web\/2022\/07\/14\/la-seleccion-atlantico-sub-23-sumo-su-tercer-empate-en-bogota\/","og_locale":"es_ES","og_type":"article","og_title":"La Selecci\u00f3n Atl\u00e1ntico Sub-23 sum\u00f3 su tercer empate en Bogot\u00e1\u00a0 \u00a0\u00a0 - Constrastes","og_description":"La Selecci\u00f3n Atl\u00e1ntico Sub-23 igual\u00f3 2-2 contra Boyac\u00e1 en Bogot\u00e1 por la tercera fecha del Zonal Clasificatorio del Campeonato Nacional de F\u00fatbol.\u00a0","og_url":"https:\/\/contrastes.com.co\/web\/2022\/07\/14\/la-seleccion-atlantico-sub-23-sumo-su-tercer-empate-en-bogota\/","og_site_name":"Constrastes","article_publisher":"https:\/\/www.facebook.com\/guillo.pantoja.1","article_published_time":"2022-07-14T23:20:33+00:00","author":"Editor","twitter_card":"summary_large_image","twitter_misc":{"Escrito por":"Editor","Tiempo de lectura":"1 minuto"},"schema":{"@context":"https:\/\/schema.org","@graph":[{"@type":"Article","@id":"https:\/\/contrastes.com.co\/web\/2022\/07\/14\/la-seleccion-atlantico-sub-23-sumo-su-tercer-empate-en-bogota\/#article","isPartOf":{"@id":"https:\/\/contrastes.com.co\/web\/2022\/07\/14\/la-seleccion-atlantico-sub-23-sumo-su-tercer-empate-en-bogota\/"},"author":{"name":"Editor","@id":"https:\/\/contrastes.com.co\/web\/#\/schema\/person\/62ef7a62dc4da6de450c71fc2e95ed02"},"headline":"La Selecci\u00f3n Atl\u00e1ntico Sub-23 sum\u00f3 su tercer empate en Bogot\u00e1\u00a0 \u00a0\u00a0","datePublished":"2022-07-14T23:20:33+00:00","mainEntityOfPage":{"@id":"https:\/\/contrastes.com.co\/web\/2022\/07\/14\/la-seleccion-atlantico-sub-23-sumo-su-tercer-empate-en-bogota\/"},"wordCount":234,"commentCount":0,"publisher":{"@id":"https:\/\/contrastes.com.co\/web\/#organization"},"image":{"@id":"https:\/\/contrastes.com.co\/web\/2022\/07\/14\/la-seleccion-atlantico-sub-23-sumo-su-tercer-empate-en-bogota\/#primaryimage"},"thumbnailUrl":"","keywords":["Alfredo de La Hoz","Colombia","Dimayor","futbol","seleccion atlantico"],"articleSection":["Deportes","Regi\u00f3n"],"inLanguage":"es","potentialAction":[{"@type":"CommentAction","name":"Comment","target":["https:\/\/contrastes.com.co\/web\/2022\/07\/14\/la-seleccion-atlantico-sub-23-sumo-su-tercer-empate-en-bogota\/#respond"]}]},{"@type":"WebPage","@id":"https:\/\/contrastes.com.co\/web\/2022\/07\/14\/la-seleccion-atlantico-sub-23-sumo-su-tercer-empate-en-bogota\/","url":"https:\/\/contrastes.com.co\/web\/2022\/07\/14\/la-seleccion-atlantico-sub-23-sumo-su-tercer-empate-en-bogota\/","name":"La Selecci\u00f3n Atl\u00e1ntico Sub-23 sum\u00f3 su tercer empate en Bogot\u00e1\u00a0 \u00a0\u00a0 - Constrastes","isPartOf":{"@id":"https:\/\/contrastes.com.co\/web\/#website"},"primaryImageOfPage":{"@id":"https:\/\/contrastes.com.co\/web\/2022\/07\/14\/la-seleccion-atlantico-sub-23-sumo-su-tercer-empate-en-bogota\/#primaryimage"},"image":{"@id":"https:\/\/contrastes.com.co\/web\/2022\/07\/14\/la-seleccion-atlantico-sub-23-sumo-su-tercer-empate-en-bogota\/#primaryimage"},"thumbnailUrl":"","datePublished":"2022-07-14T23:20:33+00:00","description":"La Selecci\u00f3n Atl\u00e1ntico Sub-23 igual\u00f3 2-2 contra Boyac\u00e1 en Bogot\u00e1 por la tercera fecha del Zonal Clasificatorio del Campeonato Nacional de F\u00fatbol.\u00a0","breadcrumb":{"@id":"https:\/\/contrastes.com.co\/web\/2022\/07\/14\/la-seleccion-atlantico-sub-23-sumo-su-tercer-empate-en-bogota\/#breadcrumb"},"inLanguage":"es","potentialAction":[{"@type":"ReadAction","target":["https:\/\/contrastes.com.co\/web\/2022\/07\/14\/la-seleccion-atlantico-sub-23-sumo-su-tercer-empate-en-bogota\/"]}]},{"@type":"ImageObject","inLanguage":"es","@id":"https:\/\/contrastes.com.co\/web\/2022\/07\/14\/la-seleccion-atlantico-sub-23-sumo-su-tercer-empate-en-bogota\/#primaryimage","url":"","contentUrl":""},{"@type":"BreadcrumbList","@id":"https:\/\/contrastes.com.co\/web\/2022\/07\/14\/la-seleccion-atlantico-sub-23-sumo-su-tercer-empate-en-bogota\/#breadcrumb","itemListElement":[{"@type":"ListItem","position":1,"name":"Portada","item":"https:\/\/contrastes.com.co\/web\/"},{"@type":"ListItem","position":2,"name":"La Selecci\u00f3n Atl\u00e1ntico Sub-23 sum\u00f3 su tercer empate en Bogot\u00e1\u00a0 \u00a0\u00a0"}]},{"@type":"WebSite","@id":"https:\/\/contrastes.com.co\/web\/#website","url":"https:\/\/contrastes.com.co\/web\/","name":"Contrastes","description":"Periodismo de Conciencia","publisher":{"@id":"https:\/\/contrastes.com.co\/web\/#organization"},"potentialAction":[{"@type":"SearchAction","target":{"@type":"EntryPoint","urlTemplate":"https:\/\/contrastes.com.co\/web\/?s={search_term_string}"},"query-input":{"@type":"PropertyValueSpecification","valueRequired":true,"valueName":"search_term_string"}}],"inLanguage":"es"},{"@type":"Organization","@id":"https:\/\/contrastes.com.co\/web\/#organization","name":"Contrastes","url":"https:\/\/contrastes.com.co\/web\/","logo":{"@type":"ImageObject","inLanguage":"es","@id":"https:\/\/contrastes.com.co\/web\/#\/schema\/logo\/image\/","url":"https:\/\/contrastes.com.co\/web\/wp-content\/uploads\/2025\/04\/15CONTRASTES3.png","contentUrl":"https:\/\/contrastes.com.co\/web\/wp-content\/uploads\/2025\/04\/15CONTRASTES3.png","width":1536,"height":231,"caption":"Contrastes"},"image":{"@id":"https:\/\/contrastes.com.co\/web\/#\/schema\/logo\/image\/"},"sameAs":["https:\/\/www.facebook.com\/guillo.pantoja.1"]},{"@type":"Person","@id":"https:\/\/contrastes.com.co\/web\/#\/schema\/person\/62ef7a62dc4da6de450c71fc2e95ed02","name":"Editor","image":{"@type":"ImageObject","inLanguage":"es","@id":"https:\/\/secure.gravatar.com\/avatar\/7bbb4f718d74bbf600dc556253bb04fd7ac8593751d6e2e3b85432d98aefae80?s=96&d=mm&r=g","url":"https:\/\/secure.gravatar.com\/avatar\/7bbb4f718d74bbf600dc556253bb04fd7ac8593751d6e2e3b85432d98aefae80?s=96&d=mm&r=g","contentUrl":"https:\/\/secure.gravatar.com\/avatar\/7bbb4f718d74bbf600dc556253bb04fd7ac8593751d6e2e3b85432d98aefae80?s=96&d=mm&r=g","caption":"Editor"},"sameAs":["https:\/\/contrastes.com.co\/web"],"url":"https:\/\/contrastes.com.co\/web\/author\/jdbobadilla\/"}]}},"blog_post_layout_featured_media_urls":{"thumbnail":"","full":""},"categories_names":{"151":{"name":"Deportes","link":"https:\/\/contrastes.com.co\/web\/category\/deportes\/"},"24":{"name":"Regi\u00f3n","link":"https:\/\/contrastes.com.co\/web\/category\/region\/"}},"tags_names":{"6100":{"name":"Alfredo de La Hoz","link":"https:\/\/contrastes.com.co\/web\/tag\/alfredo-de-la-hoz\/"},"291":{"name":"Colombia","link":"https:\/\/contrastes.com.co\/web\/tag\/colombia\/"},"4159":{"name":"Dimayor","link":"https:\/\/contrastes.com.co\/web\/tag\/dimayor\/"},"152":{"name":"futbol","link":"https:\/\/contrastes.com.co\/web\/tag\/futbol\/"},"6255":{"name":"seleccion atlantico","link":"https:\/\/contrastes.com.co\/web\/tag\/seleccion-atlantico\/"}},"comments_number":"0","wpmagazine_modules_lite_featured_media_urls":{"thumbnail":"","cvmm-medium":"","cvmm-medium-plus":"","cvmm-portrait":"","cvmm-medium-square":"","cvmm-large":"","cvmm-small":"","full":""},"_links":{"self":[{"href":"https:\/\/contrastes.com.co\/web\/wp-json\/wp\/v2\/posts\/10324","targetHints":{"allow":["GET"]}}],"collection":[{"href":"https:\/\/contrastes.com.co\/web\/wp-json\/wp\/v2\/posts"}],"about":[{"href":"https:\/\/contrastes.com.co\/web\/wp-json\/wp\/v2\/types\/post"}],"author":[{"embeddable":true,"href":"https:\/\/contrastes.com.co\/web\/wp-json\/wp\/v2\/users\/1"}],"replies":[{"embeddable":true,"href":"https:\/\/contrastes.com.co\/web\/wp-json\/wp\/v2\/comments?post=10324"}],"version-history":[{"count":0,"href":"https:\/\/contrastes.com.co\/web\/wp-json\/wp\/v2\/posts\/10324\/revisions"}],"wp:attachment":[{"href":"https:\/\/contrastes.com.co\/web\/wp-json\/wp\/v2\/media?parent=10324"}],"wp:term":[{"taxonomy":"category","embeddable":true,"href":"https:\/\/contrastes.com.co\/web\/wp-json\/wp\/v2\/categories?post=10324"},{"taxonomy":"post_tag","embeddable":true,"href":"https:\/\/contrastes.com.co\/web\/wp-json\/wp\/v2\/tags?post=10324"}],"curies":[{"name":"wp","href":"https:\/\/api.w.org\/{rel}","templated":true}]}}