{"id":10344,"date":"2022-07-18T18:13:43","date_gmt":"2022-07-18T23:13:43","guid":{"rendered":"https:\/\/contrastes.com.co\/digital\/?p=10344"},"modified":"2022-07-18T18:13:43","modified_gmt":"2022-07-18T23:13:43","slug":"fallecio-a-sus-66-anos-el-sonero-portorriqueno-hector-tricoche","status":"publish","type":"post","link":"https:\/\/contrastes.com.co\/web\/2022\/07\/18\/fallecio-a-sus-66-anos-el-sonero-portorriqueno-hector-tricoche\/","title":{"rendered":"Falleci\u00f3 a sus 66 a\u00f1os el sonero portorrique\u00f1o H\u00e9ctor Tricoche"},"content":{"rendered":"<p><strong>*Luto en la salsa por muerte del sonero boricua H\u00e9ctor Tricoche<\/strong><\/p>\n<blockquote><p><strong>El salsero puertorrique\u00f1o H\u00e9ctor Tricoche, exint\u00e9rprete de la orquesta de Tommy Olivencia, falleci\u00f3 la noche del domingo a sus 66 a\u00f1os, confirmaron este lunes familiares y colegas del artista.<\/strong><\/p><\/blockquote>\n<p><img decoding=\"async\" class=\"alignleft  wp-image-8558\" src=\"https:\/\/contrastes.com.co\/digital\/wp-content\/uploads\/2022\/03\/n-capitular.png\" alt=\"n capitular\" width=\"63\" height=\"63\" \/><strong>oel Tricoche Albertorio,<\/strong> nombre de pila del int\u00e9rprete de grandes \u00e9xitos como <strong>\u00abLobo domesticado\u00bb, \u00abPeriquito Pin Pin\u00bb y \u00abDoce rosas\u00bb,<\/strong> entre otros, muri\u00f3 en Springfield (Massachusetts, EE.UU.), indicaron sus hijas Sandra, Glenda, Victoria y Patricia Tricoche en un mensaje en Facebook.<\/p>\n<p>Se desconoce la causa de muerte del salsero, a quien se le conoc\u00eda como \u00abTrico\u00bb por su apellido y reconocido tambi\u00e9n por temas como \u00abNo me tires la primera piedra\u00bb y \u00abL\u00e1piz de Carm\u00edn\u00bb.<\/p>\n<p><iframe title=\"Hector Tricoche * Lobo Domesticado\" width=\"640\" height=\"480\" src=\"https:\/\/www.youtube.com\/embed\/xk7XmtgtfVI?feature=oembed\" frameborder=\"0\" allow=\"accelerometer; autoplay; clipboard-write; encrypted-media; gyroscope; picture-in-picture; web-share\" referrerpolicy=\"strict-origin-when-cross-origin\" allowfullscreen><\/iframe><\/p>\n<p>\u00abTriste noticia, otro gran cantante de nuestro g\u00e9nero que se nos va inesperadamente. Siempre me trat\u00f3 como un amigo, gran ser humano y cantante. Se nos fue el lobo domesticado. Vuela alto Trico!!\u00bb, sostuvo el salsero puertorrique\u00f1o V\u00edctor Manuelle en su cuenta de Facebook.<\/p>\n<p>Por su parte, Charlie Aponte, excantante de la legendaria orquesta El Gran Combo de Puerto Rico, resalt\u00f3 en las redes sociales: \u00abPerdimos uno de los cantantes de Salsa m\u00e1s admirados por su forma \u00fanica de interpretar los temas que cant\u00f3 con un estilo \u00fanico y sobre todo con la pasi\u00f3n total que sent\u00eda por la m\u00fasica\u00bb.<\/p>\n<p><iframe title=\"TOMMY OLIVENCIA  &amp;  HECTOR TRICOCHE  -  12 ROSAS\" width=\"640\" height=\"480\" src=\"https:\/\/www.youtube.com\/embed\/L4zqM2RgIkA?feature=oembed\" frameborder=\"0\" allow=\"accelerometer; autoplay; clipboard-write; encrypted-media; gyroscope; picture-in-picture; web-share\" referrerpolicy=\"strict-origin-when-cross-origin\" allowfullscreen><\/iframe><\/p>\n<p>\u00abMe identifiqu\u00e9 mucho con \u00e9l, pues varias veces que nos encontramos en actividades lo vimos compartir con su padre, al igual que yo tambi\u00e9n lo hice con mi pap\u00e1\u00bb, agreg\u00f3.<\/p>\n<p>A su vez, el tambi\u00e9n legendario salsero puertorrique\u00f1o Bobby Cruz expres\u00f3 que este lunes \u00abcomienza de luto con el anuncio de la partida de H\u00e9ctor Tricoche\u00bb, enviando sus condolencias a la familia del int\u00e9rprete.<\/p>\n<p>\u00abH\u00e9ctor ser\u00e1 siempre recordado por &#8216;Doce Rosas&#8217;, &#8216;Lobo Domesticado&#8217;, &#8216;Periquito Pin Pin&#8217;, &#8216;No me Tires la Primera Piedra&#8217;, &#8216;No Soy Autom\u00e1tico&#8217;. Pero su m\u00e1s grande legado fue su humildad y haber sido un gran ser humano\u00bb, resalt\u00f3.<\/p>\n<p>A su vez, el veterano pianista y director de la orquesta, La Sonora Ponce\u00f1a, Enrique \u00abPapo\u00bb Lucca sostuvo: \u00abcon sorpresa y enorme tristeza he recibido la noticia del fallecimiento de nuestro gran amigo y colega H\u00e9ctor Tricoche (QEPD)\u00bb.<\/p>\n<p>\u00abExpresando mi pesar a su familia, allegados y nuestras oraciones est\u00e1n con ustedes en este momento dif\u00edcil que est\u00e1n afrontando. Con profunda congoja, Enrique &#8216;Papo&#8217; Lucca y la Sonora Ponce\u00f1a\u00bb, abund\u00f3.<\/p>\n<p>Finalmente, el tambi\u00e9n cantante puertorrique\u00f1o Pedro Brull lament\u00f3 en un mensaje: \u00abAcaba de partir nuestro hermano H\u00e9ctor Tricoche al otro barrio. Fortaleza a su familia y a la clase salsera. Bendiciones\u00bb.<\/p>\n<p>Desde octubre de 2020, el g\u00e9nero de la salsa ha perdido a varios destacados artistas puertorrique\u00f1os, como Roberto Roena, Cano Estremera, Tito Rojas, Paquito Guzm\u00e1n, Ismael Rivera hijo, Tempo Alomar, Miguel \u00c1ngel Barcasnegras, mejor conocido como \u00abMe\u00f1ique\u00bb, y Jimmie Morales.<\/p>\n","protected":false},"excerpt":{"rendered":"<p>Noel Tricoche Albertorio, nombre de pila del int\u00e9rprete de grandes \u00e9xitos como \u00abLobo domesticado\u00bb, \u00abPeriquito Pin Pin\u00bb y \u00abDoce rosas\u00bb, entre otros, muri\u00f3 en Springfield (Massachusetts, EE.UU.), indicaron sus hijas Sandra, Glenda, Victoria y Patricia Tricoche en un mensaje en Facebook.<\/p>\n","protected":false},"author":1,"featured_media":10345,"comment_status":"open","ping_status":"open","sticky":false,"template":"","format":"standard","meta":{"footnotes":""},"categories":[88,2076,158,4940],"tags":[6258,6259,6260,6261,6262,2540,6263],"class_list":["post-10344","post","type-post","status-publish","format-standard","has-post-thumbnail","hentry","category-mundo","category-musica","category-personajes","category-television-web","tag-cantante","tag-exinterprete","tag-fallecio","tag-hector-tricoche","tag-orquesta-de-tommy-olivencia","tag-puerto-rico","tag-sonero"],"yoast_head":"<!-- This site is optimized with the Yoast SEO plugin v27.7 - https:\/\/yoast.com\/product\/yoast-seo-wordpress\/ -->\n<title>Falleci\u00f3 a sus 66 a\u00f1os el sonero portorrique\u00f1o H\u00e9ctor Tricoche - Constrastes<\/title>\n<meta name=\"description\" content=\"Noel Tricoche Albertorio, nombre de pila del int\u00e9rprete de grandes \u00e9xitos como &quot;Lobo domesticado&quot;, &quot;Periquito Pin Pin&quot; y &quot;Doce rosas&quot;, entre otros, muri\u00f3 en Springfield (Massachusetts, EE.UU.), indicaron sus hijas Sandra, Glenda, Victoria y Patricia Tricoche en un mensaje en Facebook.\" \/>\n<meta name=\"robots\" content=\"index, follow, max-snippet:-1, max-image-preview:large, max-video-preview:-1\" \/>\n<link rel=\"canonical\" href=\"https:\/\/contrastes.com.co\/web\/2022\/07\/18\/fallecio-a-sus-66-anos-el-sonero-portorriqueno-hector-tricoche\/\" \/>\n<meta property=\"og:locale\" content=\"es_ES\" \/>\n<meta property=\"og:type\" content=\"article\" \/>\n<meta property=\"og:title\" content=\"Falleci\u00f3 a sus 66 a\u00f1os el sonero portorrique\u00f1o H\u00e9ctor Tricoche - Constrastes\" \/>\n<meta property=\"og:description\" content=\"Noel Tricoche Albertorio, nombre de pila del int\u00e9rprete de grandes \u00e9xitos como &quot;Lobo domesticado&quot;, &quot;Periquito Pin Pin&quot; y &quot;Doce rosas&quot;, entre otros, muri\u00f3 en Springfield (Massachusetts, EE.UU.), indicaron sus hijas Sandra, Glenda, Victoria y Patricia Tricoche en un mensaje en Facebook.\" \/>\n<meta property=\"og:url\" content=\"https:\/\/contrastes.com.co\/web\/2022\/07\/18\/fallecio-a-sus-66-anos-el-sonero-portorriqueno-hector-tricoche\/\" \/>\n<meta property=\"og:site_name\" content=\"Constrastes\" \/>\n<meta property=\"article:publisher\" content=\"https:\/\/www.facebook.com\/guillo.pantoja.1\" \/>\n<meta property=\"article:published_time\" content=\"2022-07-18T23:13:43+00:00\" \/>\n<meta name=\"author\" content=\"Editor\" \/>\n<meta name=\"twitter:card\" content=\"summary_large_image\" \/>\n<meta name=\"twitter:label1\" content=\"Escrito por\" \/>\n\t<meta name=\"twitter:data1\" content=\"Editor\" \/>\n\t<meta name=\"twitter:label2\" content=\"Tiempo de lectura\" \/>\n\t<meta name=\"twitter:data2\" content=\"3 minutos\" \/>\n<script type=\"application\/ld+json\" class=\"yoast-schema-graph\">{\"@context\":\"https:\\\/\\\/schema.org\",\"@graph\":[{\"@type\":\"Article\",\"@id\":\"https:\\\/\\\/contrastes.com.co\\\/web\\\/2022\\\/07\\\/18\\\/fallecio-a-sus-66-anos-el-sonero-portorriqueno-hector-tricoche\\\/#article\",\"isPartOf\":{\"@id\":\"https:\\\/\\\/contrastes.com.co\\\/web\\\/2022\\\/07\\\/18\\\/fallecio-a-sus-66-anos-el-sonero-portorriqueno-hector-tricoche\\\/\"},\"author\":{\"name\":\"Editor\",\"@id\":\"https:\\\/\\\/contrastes.com.co\\\/web\\\/#\\\/schema\\\/person\\\/62ef7a62dc4da6de450c71fc2e95ed02\"},\"headline\":\"Falleci\u00f3 a sus 66 a\u00f1os el sonero portorrique\u00f1o H\u00e9ctor Tricoche\",\"datePublished\":\"2022-07-18T23:13:43+00:00\",\"mainEntityOfPage\":{\"@id\":\"https:\\\/\\\/contrastes.com.co\\\/web\\\/2022\\\/07\\\/18\\\/fallecio-a-sus-66-anos-el-sonero-portorriqueno-hector-tricoche\\\/\"},\"wordCount\":526,\"commentCount\":0,\"publisher\":{\"@id\":\"https:\\\/\\\/contrastes.com.co\\\/web\\\/#organization\"},\"image\":{\"@id\":\"https:\\\/\\\/contrastes.com.co\\\/web\\\/2022\\\/07\\\/18\\\/fallecio-a-sus-66-anos-el-sonero-portorriqueno-hector-tricoche\\\/#primaryimage\"},\"thumbnailUrl\":\"\",\"keywords\":[\"cantante\",\"exint\u00e9rprete\",\"falleci\u00f3\",\"H\u00e9ctor Tricoche\",\"orquesta de Tommy Olivencia\",\"Puerto Rico\",\"sonero\"],\"articleSection\":[\"Mundo\",\"M\u00fasica\",\"Personajes\",\"Televisi\u00f3n-Web\"],\"inLanguage\":\"es\",\"potentialAction\":[{\"@type\":\"CommentAction\",\"name\":\"Comment\",\"target\":[\"https:\\\/\\\/contrastes.com.co\\\/web\\\/2022\\\/07\\\/18\\\/fallecio-a-sus-66-anos-el-sonero-portorriqueno-hector-tricoche\\\/#respond\"]}]},{\"@type\":\"WebPage\",\"@id\":\"https:\\\/\\\/contrastes.com.co\\\/web\\\/2022\\\/07\\\/18\\\/fallecio-a-sus-66-anos-el-sonero-portorriqueno-hector-tricoche\\\/\",\"url\":\"https:\\\/\\\/contrastes.com.co\\\/web\\\/2022\\\/07\\\/18\\\/fallecio-a-sus-66-anos-el-sonero-portorriqueno-hector-tricoche\\\/\",\"name\":\"Falleci\u00f3 a sus 66 a\u00f1os el sonero portorrique\u00f1o H\u00e9ctor Tricoche - Constrastes\",\"isPartOf\":{\"@id\":\"https:\\\/\\\/contrastes.com.co\\\/web\\\/#website\"},\"primaryImageOfPage\":{\"@id\":\"https:\\\/\\\/contrastes.com.co\\\/web\\\/2022\\\/07\\\/18\\\/fallecio-a-sus-66-anos-el-sonero-portorriqueno-hector-tricoche\\\/#primaryimage\"},\"image\":{\"@id\":\"https:\\\/\\\/contrastes.com.co\\\/web\\\/2022\\\/07\\\/18\\\/fallecio-a-sus-66-anos-el-sonero-portorriqueno-hector-tricoche\\\/#primaryimage\"},\"thumbnailUrl\":\"\",\"datePublished\":\"2022-07-18T23:13:43+00:00\",\"description\":\"Noel Tricoche Albertorio, nombre de pila del int\u00e9rprete de grandes \u00e9xitos como \\\"Lobo domesticado\\\", \\\"Periquito Pin Pin\\\" y \\\"Doce rosas\\\", entre otros, muri\u00f3 en Springfield (Massachusetts, EE.UU.), indicaron sus hijas Sandra, Glenda, Victoria y Patricia Tricoche en un mensaje en Facebook.\",\"breadcrumb\":{\"@id\":\"https:\\\/\\\/contrastes.com.co\\\/web\\\/2022\\\/07\\\/18\\\/fallecio-a-sus-66-anos-el-sonero-portorriqueno-hector-tricoche\\\/#breadcrumb\"},\"inLanguage\":\"es\",\"potentialAction\":[{\"@type\":\"ReadAction\",\"target\":[\"https:\\\/\\\/contrastes.com.co\\\/web\\\/2022\\\/07\\\/18\\\/fallecio-a-sus-66-anos-el-sonero-portorriqueno-hector-tricoche\\\/\"]}]},{\"@type\":\"ImageObject\",\"inLanguage\":\"es\",\"@id\":\"https:\\\/\\\/contrastes.com.co\\\/web\\\/2022\\\/07\\\/18\\\/fallecio-a-sus-66-anos-el-sonero-portorriqueno-hector-tricoche\\\/#primaryimage\",\"url\":\"\",\"contentUrl\":\"\"},{\"@type\":\"BreadcrumbList\",\"@id\":\"https:\\\/\\\/contrastes.com.co\\\/web\\\/2022\\\/07\\\/18\\\/fallecio-a-sus-66-anos-el-sonero-portorriqueno-hector-tricoche\\\/#breadcrumb\",\"itemListElement\":[{\"@type\":\"ListItem\",\"position\":1,\"name\":\"Portada\",\"item\":\"https:\\\/\\\/contrastes.com.co\\\/web\\\/\"},{\"@type\":\"ListItem\",\"position\":2,\"name\":\"Falleci\u00f3 a sus 66 a\u00f1os el sonero portorrique\u00f1o H\u00e9ctor Tricoche\"}]},{\"@type\":\"WebSite\",\"@id\":\"https:\\\/\\\/contrastes.com.co\\\/web\\\/#website\",\"url\":\"https:\\\/\\\/contrastes.com.co\\\/web\\\/\",\"name\":\"Contrastes\",\"description\":\"Periodismo de Conciencia\",\"publisher\":{\"@id\":\"https:\\\/\\\/contrastes.com.co\\\/web\\\/#organization\"},\"potentialAction\":[{\"@type\":\"SearchAction\",\"target\":{\"@type\":\"EntryPoint\",\"urlTemplate\":\"https:\\\/\\\/contrastes.com.co\\\/web\\\/?s={search_term_string}\"},\"query-input\":{\"@type\":\"PropertyValueSpecification\",\"valueRequired\":true,\"valueName\":\"search_term_string\"}}],\"inLanguage\":\"es\"},{\"@type\":\"Organization\",\"@id\":\"https:\\\/\\\/contrastes.com.co\\\/web\\\/#organization\",\"name\":\"Contrastes\",\"url\":\"https:\\\/\\\/contrastes.com.co\\\/web\\\/\",\"logo\":{\"@type\":\"ImageObject\",\"inLanguage\":\"es\",\"@id\":\"https:\\\/\\\/contrastes.com.co\\\/web\\\/#\\\/schema\\\/logo\\\/image\\\/\",\"url\":\"https:\\\/\\\/contrastes.com.co\\\/web\\\/wp-content\\\/uploads\\\/2025\\\/04\\\/15CONTRASTES3.png\",\"contentUrl\":\"https:\\\/\\\/contrastes.com.co\\\/web\\\/wp-content\\\/uploads\\\/2025\\\/04\\\/15CONTRASTES3.png\",\"width\":1536,\"height\":231,\"caption\":\"Contrastes\"},\"image\":{\"@id\":\"https:\\\/\\\/contrastes.com.co\\\/web\\\/#\\\/schema\\\/logo\\\/image\\\/\"},\"sameAs\":[\"https:\\\/\\\/www.facebook.com\\\/guillo.pantoja.1\"]},{\"@type\":\"Person\",\"@id\":\"https:\\\/\\\/contrastes.com.co\\\/web\\\/#\\\/schema\\\/person\\\/62ef7a62dc4da6de450c71fc2e95ed02\",\"name\":\"Editor\",\"image\":{\"@type\":\"ImageObject\",\"inLanguage\":\"es\",\"@id\":\"https:\\\/\\\/secure.gravatar.com\\\/avatar\\\/7bbb4f718d74bbf600dc556253bb04fd7ac8593751d6e2e3b85432d98aefae80?s=96&d=mm&r=g\",\"url\":\"https:\\\/\\\/secure.gravatar.com\\\/avatar\\\/7bbb4f718d74bbf600dc556253bb04fd7ac8593751d6e2e3b85432d98aefae80?s=96&d=mm&r=g\",\"contentUrl\":\"https:\\\/\\\/secure.gravatar.com\\\/avatar\\\/7bbb4f718d74bbf600dc556253bb04fd7ac8593751d6e2e3b85432d98aefae80?s=96&d=mm&r=g\",\"caption\":\"Editor\"},\"sameAs\":[\"https:\\\/\\\/contrastes.com.co\\\/web\"],\"url\":\"https:\\\/\\\/contrastes.com.co\\\/web\\\/author\\\/jdbobadilla\\\/\"}]}<\/script>\n<!-- \/ Yoast SEO plugin. -->","yoast_head_json":{"title":"Falleci\u00f3 a sus 66 a\u00f1os el sonero portorrique\u00f1o H\u00e9ctor Tricoche - Constrastes","description":"Noel Tricoche Albertorio, nombre de pila del int\u00e9rprete de grandes \u00e9xitos como \"Lobo domesticado\", \"Periquito Pin Pin\" y \"Doce rosas\", entre otros, muri\u00f3 en Springfield (Massachusetts, EE.UU.), indicaron sus hijas Sandra, Glenda, Victoria y Patricia Tricoche en un mensaje en Facebook.","robots":{"index":"index","follow":"follow","max-snippet":"max-snippet:-1","max-image-preview":"max-image-preview:large","max-video-preview":"max-video-preview:-1"},"canonical":"https:\/\/contrastes.com.co\/web\/2022\/07\/18\/fallecio-a-sus-66-anos-el-sonero-portorriqueno-hector-tricoche\/","og_locale":"es_ES","og_type":"article","og_title":"Falleci\u00f3 a sus 66 a\u00f1os el sonero portorrique\u00f1o H\u00e9ctor Tricoche - Constrastes","og_description":"Noel Tricoche Albertorio, nombre de pila del int\u00e9rprete de grandes \u00e9xitos como \"Lobo domesticado\", \"Periquito Pin Pin\" y \"Doce rosas\", entre otros, muri\u00f3 en Springfield (Massachusetts, EE.UU.), indicaron sus hijas Sandra, Glenda, Victoria y Patricia Tricoche en un mensaje en Facebook.","og_url":"https:\/\/contrastes.com.co\/web\/2022\/07\/18\/fallecio-a-sus-66-anos-el-sonero-portorriqueno-hector-tricoche\/","og_site_name":"Constrastes","article_publisher":"https:\/\/www.facebook.com\/guillo.pantoja.1","article_published_time":"2022-07-18T23:13:43+00:00","author":"Editor","twitter_card":"summary_large_image","twitter_misc":{"Escrito por":"Editor","Tiempo de lectura":"3 minutos"},"schema":{"@context":"https:\/\/schema.org","@graph":[{"@type":"Article","@id":"https:\/\/contrastes.com.co\/web\/2022\/07\/18\/fallecio-a-sus-66-anos-el-sonero-portorriqueno-hector-tricoche\/#article","isPartOf":{"@id":"https:\/\/contrastes.com.co\/web\/2022\/07\/18\/fallecio-a-sus-66-anos-el-sonero-portorriqueno-hector-tricoche\/"},"author":{"name":"Editor","@id":"https:\/\/contrastes.com.co\/web\/#\/schema\/person\/62ef7a62dc4da6de450c71fc2e95ed02"},"headline":"Falleci\u00f3 a sus 66 a\u00f1os el sonero portorrique\u00f1o H\u00e9ctor Tricoche","datePublished":"2022-07-18T23:13:43+00:00","mainEntityOfPage":{"@id":"https:\/\/contrastes.com.co\/web\/2022\/07\/18\/fallecio-a-sus-66-anos-el-sonero-portorriqueno-hector-tricoche\/"},"wordCount":526,"commentCount":0,"publisher":{"@id":"https:\/\/contrastes.com.co\/web\/#organization"},"image":{"@id":"https:\/\/contrastes.com.co\/web\/2022\/07\/18\/fallecio-a-sus-66-anos-el-sonero-portorriqueno-hector-tricoche\/#primaryimage"},"thumbnailUrl":"","keywords":["cantante","exint\u00e9rprete","falleci\u00f3","H\u00e9ctor Tricoche","orquesta de Tommy Olivencia","Puerto Rico","sonero"],"articleSection":["Mundo","M\u00fasica","Personajes","Televisi\u00f3n-Web"],"inLanguage":"es","potentialAction":[{"@type":"CommentAction","name":"Comment","target":["https:\/\/contrastes.com.co\/web\/2022\/07\/18\/fallecio-a-sus-66-anos-el-sonero-portorriqueno-hector-tricoche\/#respond"]}]},{"@type":"WebPage","@id":"https:\/\/contrastes.com.co\/web\/2022\/07\/18\/fallecio-a-sus-66-anos-el-sonero-portorriqueno-hector-tricoche\/","url":"https:\/\/contrastes.com.co\/web\/2022\/07\/18\/fallecio-a-sus-66-anos-el-sonero-portorriqueno-hector-tricoche\/","name":"Falleci\u00f3 a sus 66 a\u00f1os el sonero portorrique\u00f1o H\u00e9ctor Tricoche - Constrastes","isPartOf":{"@id":"https:\/\/contrastes.com.co\/web\/#website"},"primaryImageOfPage":{"@id":"https:\/\/contrastes.com.co\/web\/2022\/07\/18\/fallecio-a-sus-66-anos-el-sonero-portorriqueno-hector-tricoche\/#primaryimage"},"image":{"@id":"https:\/\/contrastes.com.co\/web\/2022\/07\/18\/fallecio-a-sus-66-anos-el-sonero-portorriqueno-hector-tricoche\/#primaryimage"},"thumbnailUrl":"","datePublished":"2022-07-18T23:13:43+00:00","description":"Noel Tricoche Albertorio, nombre de pila del int\u00e9rprete de grandes \u00e9xitos como \"Lobo domesticado\", \"Periquito Pin Pin\" y \"Doce rosas\", entre otros, muri\u00f3 en Springfield (Massachusetts, EE.UU.), indicaron sus hijas Sandra, Glenda, Victoria y Patricia Tricoche en un mensaje en Facebook.","breadcrumb":{"@id":"https:\/\/contrastes.com.co\/web\/2022\/07\/18\/fallecio-a-sus-66-anos-el-sonero-portorriqueno-hector-tricoche\/#breadcrumb"},"inLanguage":"es","potentialAction":[{"@type":"ReadAction","target":["https:\/\/contrastes.com.co\/web\/2022\/07\/18\/fallecio-a-sus-66-anos-el-sonero-portorriqueno-hector-tricoche\/"]}]},{"@type":"ImageObject","inLanguage":"es","@id":"https:\/\/contrastes.com.co\/web\/2022\/07\/18\/fallecio-a-sus-66-anos-el-sonero-portorriqueno-hector-tricoche\/#primaryimage","url":"","contentUrl":""},{"@type":"BreadcrumbList","@id":"https:\/\/contrastes.com.co\/web\/2022\/07\/18\/fallecio-a-sus-66-anos-el-sonero-portorriqueno-hector-tricoche\/#breadcrumb","itemListElement":[{"@type":"ListItem","position":1,"name":"Portada","item":"https:\/\/contrastes.com.co\/web\/"},{"@type":"ListItem","position":2,"name":"Falleci\u00f3 a sus 66 a\u00f1os el sonero portorrique\u00f1o H\u00e9ctor Tricoche"}]},{"@type":"WebSite","@id":"https:\/\/contrastes.com.co\/web\/#website","url":"https:\/\/contrastes.com.co\/web\/","name":"Contrastes","description":"Periodismo de Conciencia","publisher":{"@id":"https:\/\/contrastes.com.co\/web\/#organization"},"potentialAction":[{"@type":"SearchAction","target":{"@type":"EntryPoint","urlTemplate":"https:\/\/contrastes.com.co\/web\/?s={search_term_string}"},"query-input":{"@type":"PropertyValueSpecification","valueRequired":true,"valueName":"search_term_string"}}],"inLanguage":"es"},{"@type":"Organization","@id":"https:\/\/contrastes.com.co\/web\/#organization","name":"Contrastes","url":"https:\/\/contrastes.com.co\/web\/","logo":{"@type":"ImageObject","inLanguage":"es","@id":"https:\/\/contrastes.com.co\/web\/#\/schema\/logo\/image\/","url":"https:\/\/contrastes.com.co\/web\/wp-content\/uploads\/2025\/04\/15CONTRASTES3.png","contentUrl":"https:\/\/contrastes.com.co\/web\/wp-content\/uploads\/2025\/04\/15CONTRASTES3.png","width":1536,"height":231,"caption":"Contrastes"},"image":{"@id":"https:\/\/contrastes.com.co\/web\/#\/schema\/logo\/image\/"},"sameAs":["https:\/\/www.facebook.com\/guillo.pantoja.1"]},{"@type":"Person","@id":"https:\/\/contrastes.com.co\/web\/#\/schema\/person\/62ef7a62dc4da6de450c71fc2e95ed02","name":"Editor","image":{"@type":"ImageObject","inLanguage":"es","@id":"https:\/\/secure.gravatar.com\/avatar\/7bbb4f718d74bbf600dc556253bb04fd7ac8593751d6e2e3b85432d98aefae80?s=96&d=mm&r=g","url":"https:\/\/secure.gravatar.com\/avatar\/7bbb4f718d74bbf600dc556253bb04fd7ac8593751d6e2e3b85432d98aefae80?s=96&d=mm&r=g","contentUrl":"https:\/\/secure.gravatar.com\/avatar\/7bbb4f718d74bbf600dc556253bb04fd7ac8593751d6e2e3b85432d98aefae80?s=96&d=mm&r=g","caption":"Editor"},"sameAs":["https:\/\/contrastes.com.co\/web"],"url":"https:\/\/contrastes.com.co\/web\/author\/jdbobadilla\/"}]}},"blog_post_layout_featured_media_urls":{"thumbnail":"","full":""},"categories_names":{"88":{"name":"Mundo","link":"https:\/\/contrastes.com.co\/web\/category\/mundo\/"},"2076":{"name":"M\u00fasica","link":"https:\/\/contrastes.com.co\/web\/category\/musica\/"},"158":{"name":"Personajes","link":"https:\/\/contrastes.com.co\/web\/category\/personajes\/"},"4940":{"name":"Televisi\u00f3n-Web","link":"https:\/\/contrastes.com.co\/web\/category\/television-web\/"}},"tags_names":{"6258":{"name":"cantante","link":"https:\/\/contrastes.com.co\/web\/tag\/cantante\/"},"6259":{"name":"exint\u00e9rprete","link":"https:\/\/contrastes.com.co\/web\/tag\/exinterprete\/"},"6260":{"name":"falleci\u00f3","link":"https:\/\/contrastes.com.co\/web\/tag\/fallecio\/"},"6261":{"name":"H\u00e9ctor Tricoche","link":"https:\/\/contrastes.com.co\/web\/tag\/hector-tricoche\/"},"6262":{"name":"orquesta de Tommy Olivencia","link":"https:\/\/contrastes.com.co\/web\/tag\/orquesta-de-tommy-olivencia\/"},"2540":{"name":"Puerto Rico","link":"https:\/\/contrastes.com.co\/web\/tag\/puerto-rico\/"},"6263":{"name":"sonero","link":"https:\/\/contrastes.com.co\/web\/tag\/sonero\/"}},"comments_number":"0","wpmagazine_modules_lite_featured_media_urls":{"thumbnail":"","cvmm-medium":"","cvmm-medium-plus":"","cvmm-portrait":"","cvmm-medium-square":"","cvmm-large":"","cvmm-small":"","full":""},"_links":{"self":[{"href":"https:\/\/contrastes.com.co\/web\/wp-json\/wp\/v2\/posts\/10344","targetHints":{"allow":["GET"]}}],"collection":[{"href":"https:\/\/contrastes.com.co\/web\/wp-json\/wp\/v2\/posts"}],"about":[{"href":"https:\/\/contrastes.com.co\/web\/wp-json\/wp\/v2\/types\/post"}],"author":[{"embeddable":true,"href":"https:\/\/contrastes.com.co\/web\/wp-json\/wp\/v2\/users\/1"}],"replies":[{"embeddable":true,"href":"https:\/\/contrastes.com.co\/web\/wp-json\/wp\/v2\/comments?post=10344"}],"version-history":[{"count":0,"href":"https:\/\/contrastes.com.co\/web\/wp-json\/wp\/v2\/posts\/10344\/revisions"}],"wp:attachment":[{"href":"https:\/\/contrastes.com.co\/web\/wp-json\/wp\/v2\/media?parent=10344"}],"wp:term":[{"taxonomy":"category","embeddable":true,"href":"https:\/\/contrastes.com.co\/web\/wp-json\/wp\/v2\/categories?post=10344"},{"taxonomy":"post_tag","embeddable":true,"href":"https:\/\/contrastes.com.co\/web\/wp-json\/wp\/v2\/tags?post=10344"}],"curies":[{"name":"wp","href":"https:\/\/api.w.org\/{rel}","templated":true}]}}