{"id":10496,"date":"2022-07-26T18:47:38","date_gmt":"2022-07-26T23:47:38","guid":{"rendered":"https:\/\/contrastes.com.co\/digital\/?p=10496"},"modified":"2022-07-26T18:47:38","modified_gmt":"2022-07-26T23:47:38","slug":"soledad-se-une-a-la-conmemoracion-del-dia-nacional-de-la-seguridad-y-salud-en-el-trabajo","status":"publish","type":"post","link":"https:\/\/contrastes.com.co\/web\/2022\/07\/26\/soledad-se-une-a-la-conmemoracion-del-dia-nacional-de-la-seguridad-y-salud-en-el-trabajo\/","title":{"rendered":"Soledad se une a la conmemoraci\u00f3n del D\u00eda Nacional de la Seguridad y Salud en el Trabajo"},"content":{"rendered":"<p><strong>*Soledad se une a la conmemoraci\u00f3n del D\u00eda Nacional de la Seguridad y Salud en el Trabajo<\/strong><\/p>\n<blockquote><p><strong>\u201cDesde la Secretar\u00eda de Salud exhortamos a los empleadores y trabajadores a generar conciencia de la importancia de tomar acciones partiendo de la prevenci\u00f3n y la promoci\u00f3n de actividades en pro del cuidado de las personas. Es prioritario promocionar la salud y la seguridad en el entorno laboral y consolidar la cultura de la prevenci\u00f3n\u00bb: Shirley Acu\u00f1a Casta\u00f1eda.<\/strong><\/p><\/blockquote>\n<p><img decoding=\"async\" class=\"alignleft  wp-image-8518\" src=\"https:\/\/contrastes.com.co\/digital\/wp-content\/uploads\/2022\/03\/c-capitular.png\" alt=\"c capitular\" width=\"60\" height=\"60\" \/>on motivo de la conmemoraci\u00f3n del <strong>Dia Nacional de la Seguridad y Salud en el Trabajo, la Alcald\u00eda de Soledad, a trav\u00e9s de la Secretar\u00eda de Salud y la Oficina de Salud P\u00fablica<\/strong>, desarrollar\u00e1 este jueves, 28 de julio, una jornada de servicios institucionales para trabajadores informales.<\/p>\n<p>En el <strong>Polideportivo del Hip\u00f3dromo<\/strong>, a partir de la 8 de la ma\u00f1ana, estar\u00e1 disponible la atenci\u00f3n relacionada con la protecci\u00f3n de la salud de los trabajadores, estilos de vida saludables en el \u00e1mbito laboral, f\u00edsico, mental y social.<\/p>\n<p>La actividad contar\u00e1 con la participaci\u00f3n de las <strong>Empresas Administradoras de Planes de Beneficio, EAPB, programa BEPS de Colpensiones, Bancolombia, Hospital Materno infantil y el Departamento Administrativo de la Competitividad<\/strong>, entidades que ofrecer\u00e1n servicios de afiliaci\u00f3n al sistema de seguridad social en salud, taller de finanzas, rumba terapia, vacunaci\u00f3n Covid-19, tamizaje de riesgo cardiovascular (peso, talla, toma de muestras duales para VIH\/S\u00edfilis y presi\u00f3n arterial) y caracterizaci\u00f3n sociodemogr\u00e1fica de la poblaci\u00f3n del sector informal, que permitir\u00e1 identificar el panorama de factores de riesgos a los que se encuentran expuestos, y el conocimiento de sus condiciones de salud y trabajo en cada uno de ellos.<\/p>\n<p>Cabe anotar que el 28 de julio de cada a\u00f1o se conmemora en Colombia el <strong>D\u00eda Nacional de Seguridad y Salud en el Trabajo,<\/strong> como homenaje p\u00f3stumo a los m\u00e1s de 120 trabajadores v\u00edctimas de un desprendimiento de tierra durante la construcci\u00f3n de la represa del Guavio, Cundinamarca, en 1983, por falta de medidas de promoci\u00f3n y prevenci\u00f3n en salud ocupacional.<\/p>\n<p>\u201cDesde la Secretar\u00eda de Salud exhortamos a los empleadores y trabajadores a generar conciencia de la importancia de tomar acciones partiendo de la prevenci\u00f3n y la promoci\u00f3n de actividades en pro del cuidado de las personas. Es prioritario promocionar la salud y la seguridad en el entorno laboral y consolidar la cultura de la prevenci\u00f3n\u00bb, indic\u00f3 la<strong> jefe de Salud P\u00fablica, Shirley Acu\u00f1a Casta\u00f1eda.<\/strong><\/p>\n","protected":false},"excerpt":{"rendered":"<p>Con motivo de la conmemoraci\u00f3n del Dia Nacional de la Seguridad y Salud en el Trabajo, la Alcald\u00eda de Soledad, a trav\u00e9s de la Secretar\u00eda de Salud y la Oficina de Salud P\u00fablica, desarrollar\u00e1 este jueves, 28 de julio, una jornada de servicios institucionales para trabajadores informales.<\/p>\n","protected":false},"author":1,"featured_media":10497,"comment_status":"open","ping_status":"open","sticky":false,"template":"","format":"standard","meta":{"footnotes":""},"categories":[23,25,6365],"tags":[28,6362,6363,51,6364],"class_list":["post-10496","post","type-post","status-publish","format-standard","has-post-thumbnail","hentry","category-locales","category-salud","category-trabajo","tag-alcaldia-de-soledad","tag-dia-nacional-de-la-seguridad-y-salud-en-el-trabajo","tag-jefe-de-salud-publica-soledad","tag-municipio-de-soledad","tag-shirly-acuna"],"yoast_head":"<!-- This site is optimized with the Yoast SEO plugin v27.7 - https:\/\/yoast.com\/product\/yoast-seo-wordpress\/ -->\n<title>Soledad se une a la conmemoraci\u00f3n del D\u00eda Nacional de la Seguridad y Salud en el Trabajo - Constrastes<\/title>\n<meta name=\"description\" content=\"Con motivo de la conmemoraci\u00f3n del Dia Nacional de la Seguridad y Salud en el Trabajo, la Alcald\u00eda de Soledad, a trav\u00e9s de la Secretar\u00eda de Salud y la Oficina de Salud P\u00fablica, desarrollar\u00e1 este jueves, 28 de julio, una jornada de servicios institucionales para trabajadores informales.\" \/>\n<meta name=\"robots\" content=\"index, follow, max-snippet:-1, max-image-preview:large, max-video-preview:-1\" \/>\n<link rel=\"canonical\" href=\"https:\/\/contrastes.com.co\/web\/2022\/07\/26\/soledad-se-une-a-la-conmemoracion-del-dia-nacional-de-la-seguridad-y-salud-en-el-trabajo\/\" \/>\n<meta property=\"og:locale\" content=\"es_ES\" \/>\n<meta property=\"og:type\" content=\"article\" \/>\n<meta property=\"og:title\" content=\"Soledad se une a la conmemoraci\u00f3n del D\u00eda Nacional de la Seguridad y Salud en el Trabajo - Constrastes\" \/>\n<meta property=\"og:description\" content=\"Con motivo de la conmemoraci\u00f3n del Dia Nacional de la Seguridad y Salud en el Trabajo, la Alcald\u00eda de Soledad, a trav\u00e9s de la Secretar\u00eda de Salud y la Oficina de Salud P\u00fablica, desarrollar\u00e1 este jueves, 28 de julio, una jornada de servicios institucionales para trabajadores informales.\" \/>\n<meta property=\"og:url\" content=\"https:\/\/contrastes.com.co\/web\/2022\/07\/26\/soledad-se-une-a-la-conmemoracion-del-dia-nacional-de-la-seguridad-y-salud-en-el-trabajo\/\" \/>\n<meta property=\"og:site_name\" content=\"Constrastes\" \/>\n<meta property=\"article:publisher\" content=\"https:\/\/www.facebook.com\/guillo.pantoja.1\" \/>\n<meta property=\"article:published_time\" content=\"2022-07-26T23:47:38+00:00\" \/>\n<meta name=\"author\" content=\"Editor\" \/>\n<meta name=\"twitter:card\" content=\"summary_large_image\" \/>\n<meta name=\"twitter:label1\" content=\"Escrito por\" \/>\n\t<meta name=\"twitter:data1\" content=\"Editor\" \/>\n\t<meta name=\"twitter:label2\" content=\"Tiempo de lectura\" \/>\n\t<meta name=\"twitter:data2\" content=\"2 minutos\" \/>\n<script type=\"application\/ld+json\" class=\"yoast-schema-graph\">{\"@context\":\"https:\\\/\\\/schema.org\",\"@graph\":[{\"@type\":\"Article\",\"@id\":\"https:\\\/\\\/contrastes.com.co\\\/web\\\/2022\\\/07\\\/26\\\/soledad-se-une-a-la-conmemoracion-del-dia-nacional-de-la-seguridad-y-salud-en-el-trabajo\\\/#article\",\"isPartOf\":{\"@id\":\"https:\\\/\\\/contrastes.com.co\\\/web\\\/2022\\\/07\\\/26\\\/soledad-se-une-a-la-conmemoracion-del-dia-nacional-de-la-seguridad-y-salud-en-el-trabajo\\\/\"},\"author\":{\"name\":\"Editor\",\"@id\":\"https:\\\/\\\/contrastes.com.co\\\/web\\\/#\\\/schema\\\/person\\\/62ef7a62dc4da6de450c71fc2e95ed02\"},\"headline\":\"Soledad se une a la conmemoraci\u00f3n del D\u00eda Nacional de la Seguridad y Salud en el Trabajo\",\"datePublished\":\"2022-07-26T23:47:38+00:00\",\"mainEntityOfPage\":{\"@id\":\"https:\\\/\\\/contrastes.com.co\\\/web\\\/2022\\\/07\\\/26\\\/soledad-se-une-a-la-conmemoracion-del-dia-nacional-de-la-seguridad-y-salud-en-el-trabajo\\\/\"},\"wordCount\":447,\"commentCount\":0,\"publisher\":{\"@id\":\"https:\\\/\\\/contrastes.com.co\\\/web\\\/#organization\"},\"image\":{\"@id\":\"https:\\\/\\\/contrastes.com.co\\\/web\\\/2022\\\/07\\\/26\\\/soledad-se-une-a-la-conmemoracion-del-dia-nacional-de-la-seguridad-y-salud-en-el-trabajo\\\/#primaryimage\"},\"thumbnailUrl\":\"\",\"keywords\":[\"alcaldia de Soledad\",\"Dia Nacional de la Seguridad y Salud en el Trabajo\",\"Jefe de Salud P\u00fablica Soledad\",\"municipio de soledad\",\"Shirly Acu\u00f1a\"],\"articleSection\":[\"Locales\",\"Salud\",\"Trabajo\"],\"inLanguage\":\"es\",\"potentialAction\":[{\"@type\":\"CommentAction\",\"name\":\"Comment\",\"target\":[\"https:\\\/\\\/contrastes.com.co\\\/web\\\/2022\\\/07\\\/26\\\/soledad-se-une-a-la-conmemoracion-del-dia-nacional-de-la-seguridad-y-salud-en-el-trabajo\\\/#respond\"]}]},{\"@type\":\"WebPage\",\"@id\":\"https:\\\/\\\/contrastes.com.co\\\/web\\\/2022\\\/07\\\/26\\\/soledad-se-une-a-la-conmemoracion-del-dia-nacional-de-la-seguridad-y-salud-en-el-trabajo\\\/\",\"url\":\"https:\\\/\\\/contrastes.com.co\\\/web\\\/2022\\\/07\\\/26\\\/soledad-se-une-a-la-conmemoracion-del-dia-nacional-de-la-seguridad-y-salud-en-el-trabajo\\\/\",\"name\":\"Soledad se une a la conmemoraci\u00f3n del D\u00eda Nacional de la Seguridad y Salud en el Trabajo - Constrastes\",\"isPartOf\":{\"@id\":\"https:\\\/\\\/contrastes.com.co\\\/web\\\/#website\"},\"primaryImageOfPage\":{\"@id\":\"https:\\\/\\\/contrastes.com.co\\\/web\\\/2022\\\/07\\\/26\\\/soledad-se-une-a-la-conmemoracion-del-dia-nacional-de-la-seguridad-y-salud-en-el-trabajo\\\/#primaryimage\"},\"image\":{\"@id\":\"https:\\\/\\\/contrastes.com.co\\\/web\\\/2022\\\/07\\\/26\\\/soledad-se-une-a-la-conmemoracion-del-dia-nacional-de-la-seguridad-y-salud-en-el-trabajo\\\/#primaryimage\"},\"thumbnailUrl\":\"\",\"datePublished\":\"2022-07-26T23:47:38+00:00\",\"description\":\"Con motivo de la conmemoraci\u00f3n del Dia Nacional de la Seguridad y Salud en el Trabajo, la Alcald\u00eda de Soledad, a trav\u00e9s de la Secretar\u00eda de Salud y la Oficina de Salud P\u00fablica, desarrollar\u00e1 este jueves, 28 de julio, una jornada de servicios institucionales para trabajadores informales.\",\"breadcrumb\":{\"@id\":\"https:\\\/\\\/contrastes.com.co\\\/web\\\/2022\\\/07\\\/26\\\/soledad-se-une-a-la-conmemoracion-del-dia-nacional-de-la-seguridad-y-salud-en-el-trabajo\\\/#breadcrumb\"},\"inLanguage\":\"es\",\"potentialAction\":[{\"@type\":\"ReadAction\",\"target\":[\"https:\\\/\\\/contrastes.com.co\\\/web\\\/2022\\\/07\\\/26\\\/soledad-se-une-a-la-conmemoracion-del-dia-nacional-de-la-seguridad-y-salud-en-el-trabajo\\\/\"]}]},{\"@type\":\"ImageObject\",\"inLanguage\":\"es\",\"@id\":\"https:\\\/\\\/contrastes.com.co\\\/web\\\/2022\\\/07\\\/26\\\/soledad-se-une-a-la-conmemoracion-del-dia-nacional-de-la-seguridad-y-salud-en-el-trabajo\\\/#primaryimage\",\"url\":\"\",\"contentUrl\":\"\"},{\"@type\":\"BreadcrumbList\",\"@id\":\"https:\\\/\\\/contrastes.com.co\\\/web\\\/2022\\\/07\\\/26\\\/soledad-se-une-a-la-conmemoracion-del-dia-nacional-de-la-seguridad-y-salud-en-el-trabajo\\\/#breadcrumb\",\"itemListElement\":[{\"@type\":\"ListItem\",\"position\":1,\"name\":\"Portada\",\"item\":\"https:\\\/\\\/contrastes.com.co\\\/web\\\/\"},{\"@type\":\"ListItem\",\"position\":2,\"name\":\"Soledad se une a la conmemoraci\u00f3n del D\u00eda Nacional de la Seguridad y Salud en el Trabajo\"}]},{\"@type\":\"WebSite\",\"@id\":\"https:\\\/\\\/contrastes.com.co\\\/web\\\/#website\",\"url\":\"https:\\\/\\\/contrastes.com.co\\\/web\\\/\",\"name\":\"Contrastes\",\"description\":\"Periodismo de Conciencia\",\"publisher\":{\"@id\":\"https:\\\/\\\/contrastes.com.co\\\/web\\\/#organization\"},\"potentialAction\":[{\"@type\":\"SearchAction\",\"target\":{\"@type\":\"EntryPoint\",\"urlTemplate\":\"https:\\\/\\\/contrastes.com.co\\\/web\\\/?s={search_term_string}\"},\"query-input\":{\"@type\":\"PropertyValueSpecification\",\"valueRequired\":true,\"valueName\":\"search_term_string\"}}],\"inLanguage\":\"es\"},{\"@type\":\"Organization\",\"@id\":\"https:\\\/\\\/contrastes.com.co\\\/web\\\/#organization\",\"name\":\"Contrastes\",\"url\":\"https:\\\/\\\/contrastes.com.co\\\/web\\\/\",\"logo\":{\"@type\":\"ImageObject\",\"inLanguage\":\"es\",\"@id\":\"https:\\\/\\\/contrastes.com.co\\\/web\\\/#\\\/schema\\\/logo\\\/image\\\/\",\"url\":\"https:\\\/\\\/contrastes.com.co\\\/web\\\/wp-content\\\/uploads\\\/2025\\\/04\\\/15CONTRASTES3.png\",\"contentUrl\":\"https:\\\/\\\/contrastes.com.co\\\/web\\\/wp-content\\\/uploads\\\/2025\\\/04\\\/15CONTRASTES3.png\",\"width\":1536,\"height\":231,\"caption\":\"Contrastes\"},\"image\":{\"@id\":\"https:\\\/\\\/contrastes.com.co\\\/web\\\/#\\\/schema\\\/logo\\\/image\\\/\"},\"sameAs\":[\"https:\\\/\\\/www.facebook.com\\\/guillo.pantoja.1\"]},{\"@type\":\"Person\",\"@id\":\"https:\\\/\\\/contrastes.com.co\\\/web\\\/#\\\/schema\\\/person\\\/62ef7a62dc4da6de450c71fc2e95ed02\",\"name\":\"Editor\",\"image\":{\"@type\":\"ImageObject\",\"inLanguage\":\"es\",\"@id\":\"https:\\\/\\\/secure.gravatar.com\\\/avatar\\\/7bbb4f718d74bbf600dc556253bb04fd7ac8593751d6e2e3b85432d98aefae80?s=96&d=mm&r=g\",\"url\":\"https:\\\/\\\/secure.gravatar.com\\\/avatar\\\/7bbb4f718d74bbf600dc556253bb04fd7ac8593751d6e2e3b85432d98aefae80?s=96&d=mm&r=g\",\"contentUrl\":\"https:\\\/\\\/secure.gravatar.com\\\/avatar\\\/7bbb4f718d74bbf600dc556253bb04fd7ac8593751d6e2e3b85432d98aefae80?s=96&d=mm&r=g\",\"caption\":\"Editor\"},\"sameAs\":[\"https:\\\/\\\/contrastes.com.co\\\/web\"],\"url\":\"https:\\\/\\\/contrastes.com.co\\\/web\\\/author\\\/jdbobadilla\\\/\"}]}<\/script>\n<!-- \/ Yoast SEO plugin. -->","yoast_head_json":{"title":"Soledad se une a la conmemoraci\u00f3n del D\u00eda Nacional de la Seguridad y Salud en el Trabajo - Constrastes","description":"Con motivo de la conmemoraci\u00f3n del Dia Nacional de la Seguridad y Salud en el Trabajo, la Alcald\u00eda de Soledad, a trav\u00e9s de la Secretar\u00eda de Salud y la Oficina de Salud P\u00fablica, desarrollar\u00e1 este jueves, 28 de julio, una jornada de servicios institucionales para trabajadores informales.","robots":{"index":"index","follow":"follow","max-snippet":"max-snippet:-1","max-image-preview":"max-image-preview:large","max-video-preview":"max-video-preview:-1"},"canonical":"https:\/\/contrastes.com.co\/web\/2022\/07\/26\/soledad-se-une-a-la-conmemoracion-del-dia-nacional-de-la-seguridad-y-salud-en-el-trabajo\/","og_locale":"es_ES","og_type":"article","og_title":"Soledad se une a la conmemoraci\u00f3n del D\u00eda Nacional de la Seguridad y Salud en el Trabajo - Constrastes","og_description":"Con motivo de la conmemoraci\u00f3n del Dia Nacional de la Seguridad y Salud en el Trabajo, la Alcald\u00eda de Soledad, a trav\u00e9s de la Secretar\u00eda de Salud y la Oficina de Salud P\u00fablica, desarrollar\u00e1 este jueves, 28 de julio, una jornada de servicios institucionales para trabajadores informales.","og_url":"https:\/\/contrastes.com.co\/web\/2022\/07\/26\/soledad-se-une-a-la-conmemoracion-del-dia-nacional-de-la-seguridad-y-salud-en-el-trabajo\/","og_site_name":"Constrastes","article_publisher":"https:\/\/www.facebook.com\/guillo.pantoja.1","article_published_time":"2022-07-26T23:47:38+00:00","author":"Editor","twitter_card":"summary_large_image","twitter_misc":{"Escrito por":"Editor","Tiempo de lectura":"2 minutos"},"schema":{"@context":"https:\/\/schema.org","@graph":[{"@type":"Article","@id":"https:\/\/contrastes.com.co\/web\/2022\/07\/26\/soledad-se-une-a-la-conmemoracion-del-dia-nacional-de-la-seguridad-y-salud-en-el-trabajo\/#article","isPartOf":{"@id":"https:\/\/contrastes.com.co\/web\/2022\/07\/26\/soledad-se-une-a-la-conmemoracion-del-dia-nacional-de-la-seguridad-y-salud-en-el-trabajo\/"},"author":{"name":"Editor","@id":"https:\/\/contrastes.com.co\/web\/#\/schema\/person\/62ef7a62dc4da6de450c71fc2e95ed02"},"headline":"Soledad se une a la conmemoraci\u00f3n del D\u00eda Nacional de la Seguridad y Salud en el Trabajo","datePublished":"2022-07-26T23:47:38+00:00","mainEntityOfPage":{"@id":"https:\/\/contrastes.com.co\/web\/2022\/07\/26\/soledad-se-une-a-la-conmemoracion-del-dia-nacional-de-la-seguridad-y-salud-en-el-trabajo\/"},"wordCount":447,"commentCount":0,"publisher":{"@id":"https:\/\/contrastes.com.co\/web\/#organization"},"image":{"@id":"https:\/\/contrastes.com.co\/web\/2022\/07\/26\/soledad-se-une-a-la-conmemoracion-del-dia-nacional-de-la-seguridad-y-salud-en-el-trabajo\/#primaryimage"},"thumbnailUrl":"","keywords":["alcaldia de Soledad","Dia Nacional de la Seguridad y Salud en el Trabajo","Jefe de Salud P\u00fablica Soledad","municipio de soledad","Shirly Acu\u00f1a"],"articleSection":["Locales","Salud","Trabajo"],"inLanguage":"es","potentialAction":[{"@type":"CommentAction","name":"Comment","target":["https:\/\/contrastes.com.co\/web\/2022\/07\/26\/soledad-se-une-a-la-conmemoracion-del-dia-nacional-de-la-seguridad-y-salud-en-el-trabajo\/#respond"]}]},{"@type":"WebPage","@id":"https:\/\/contrastes.com.co\/web\/2022\/07\/26\/soledad-se-une-a-la-conmemoracion-del-dia-nacional-de-la-seguridad-y-salud-en-el-trabajo\/","url":"https:\/\/contrastes.com.co\/web\/2022\/07\/26\/soledad-se-une-a-la-conmemoracion-del-dia-nacional-de-la-seguridad-y-salud-en-el-trabajo\/","name":"Soledad se une a la conmemoraci\u00f3n del D\u00eda Nacional de la Seguridad y Salud en el Trabajo - Constrastes","isPartOf":{"@id":"https:\/\/contrastes.com.co\/web\/#website"},"primaryImageOfPage":{"@id":"https:\/\/contrastes.com.co\/web\/2022\/07\/26\/soledad-se-une-a-la-conmemoracion-del-dia-nacional-de-la-seguridad-y-salud-en-el-trabajo\/#primaryimage"},"image":{"@id":"https:\/\/contrastes.com.co\/web\/2022\/07\/26\/soledad-se-une-a-la-conmemoracion-del-dia-nacional-de-la-seguridad-y-salud-en-el-trabajo\/#primaryimage"},"thumbnailUrl":"","datePublished":"2022-07-26T23:47:38+00:00","description":"Con motivo de la conmemoraci\u00f3n del Dia Nacional de la Seguridad y Salud en el Trabajo, la Alcald\u00eda de Soledad, a trav\u00e9s de la Secretar\u00eda de Salud y la Oficina de Salud P\u00fablica, desarrollar\u00e1 este jueves, 28 de julio, una jornada de servicios institucionales para trabajadores informales.","breadcrumb":{"@id":"https:\/\/contrastes.com.co\/web\/2022\/07\/26\/soledad-se-une-a-la-conmemoracion-del-dia-nacional-de-la-seguridad-y-salud-en-el-trabajo\/#breadcrumb"},"inLanguage":"es","potentialAction":[{"@type":"ReadAction","target":["https:\/\/contrastes.com.co\/web\/2022\/07\/26\/soledad-se-une-a-la-conmemoracion-del-dia-nacional-de-la-seguridad-y-salud-en-el-trabajo\/"]}]},{"@type":"ImageObject","inLanguage":"es","@id":"https:\/\/contrastes.com.co\/web\/2022\/07\/26\/soledad-se-une-a-la-conmemoracion-del-dia-nacional-de-la-seguridad-y-salud-en-el-trabajo\/#primaryimage","url":"","contentUrl":""},{"@type":"BreadcrumbList","@id":"https:\/\/contrastes.com.co\/web\/2022\/07\/26\/soledad-se-une-a-la-conmemoracion-del-dia-nacional-de-la-seguridad-y-salud-en-el-trabajo\/#breadcrumb","itemListElement":[{"@type":"ListItem","position":1,"name":"Portada","item":"https:\/\/contrastes.com.co\/web\/"},{"@type":"ListItem","position":2,"name":"Soledad se une a la conmemoraci\u00f3n del D\u00eda Nacional de la Seguridad y Salud en el Trabajo"}]},{"@type":"WebSite","@id":"https:\/\/contrastes.com.co\/web\/#website","url":"https:\/\/contrastes.com.co\/web\/","name":"Contrastes","description":"Periodismo de Conciencia","publisher":{"@id":"https:\/\/contrastes.com.co\/web\/#organization"},"potentialAction":[{"@type":"SearchAction","target":{"@type":"EntryPoint","urlTemplate":"https:\/\/contrastes.com.co\/web\/?s={search_term_string}"},"query-input":{"@type":"PropertyValueSpecification","valueRequired":true,"valueName":"search_term_string"}}],"inLanguage":"es"},{"@type":"Organization","@id":"https:\/\/contrastes.com.co\/web\/#organization","name":"Contrastes","url":"https:\/\/contrastes.com.co\/web\/","logo":{"@type":"ImageObject","inLanguage":"es","@id":"https:\/\/contrastes.com.co\/web\/#\/schema\/logo\/image\/","url":"https:\/\/contrastes.com.co\/web\/wp-content\/uploads\/2025\/04\/15CONTRASTES3.png","contentUrl":"https:\/\/contrastes.com.co\/web\/wp-content\/uploads\/2025\/04\/15CONTRASTES3.png","width":1536,"height":231,"caption":"Contrastes"},"image":{"@id":"https:\/\/contrastes.com.co\/web\/#\/schema\/logo\/image\/"},"sameAs":["https:\/\/www.facebook.com\/guillo.pantoja.1"]},{"@type":"Person","@id":"https:\/\/contrastes.com.co\/web\/#\/schema\/person\/62ef7a62dc4da6de450c71fc2e95ed02","name":"Editor","image":{"@type":"ImageObject","inLanguage":"es","@id":"https:\/\/secure.gravatar.com\/avatar\/7bbb4f718d74bbf600dc556253bb04fd7ac8593751d6e2e3b85432d98aefae80?s=96&d=mm&r=g","url":"https:\/\/secure.gravatar.com\/avatar\/7bbb4f718d74bbf600dc556253bb04fd7ac8593751d6e2e3b85432d98aefae80?s=96&d=mm&r=g","contentUrl":"https:\/\/secure.gravatar.com\/avatar\/7bbb4f718d74bbf600dc556253bb04fd7ac8593751d6e2e3b85432d98aefae80?s=96&d=mm&r=g","caption":"Editor"},"sameAs":["https:\/\/contrastes.com.co\/web"],"url":"https:\/\/contrastes.com.co\/web\/author\/jdbobadilla\/"}]}},"blog_post_layout_featured_media_urls":{"thumbnail":"","full":""},"categories_names":{"23":{"name":"Locales","link":"https:\/\/contrastes.com.co\/web\/category\/locales\/"},"25":{"name":"Salud","link":"https:\/\/contrastes.com.co\/web\/category\/salud\/"},"6365":{"name":"Trabajo","link":"https:\/\/contrastes.com.co\/web\/category\/trabajo\/"}},"tags_names":{"28":{"name":"alcaldia de Soledad","link":"https:\/\/contrastes.com.co\/web\/tag\/alcaldia-de-soledad\/"},"6362":{"name":"Dia Nacional de la Seguridad y Salud en el Trabajo","link":"https:\/\/contrastes.com.co\/web\/tag\/dia-nacional-de-la-seguridad-y-salud-en-el-trabajo\/"},"6363":{"name":"Jefe de Salud P\u00fablica Soledad","link":"https:\/\/contrastes.com.co\/web\/tag\/jefe-de-salud-publica-soledad\/"},"51":{"name":"municipio de soledad","link":"https:\/\/contrastes.com.co\/web\/tag\/municipio-de-soledad\/"},"6364":{"name":"Shirly Acu\u00f1a","link":"https:\/\/contrastes.com.co\/web\/tag\/shirly-acuna\/"}},"comments_number":"0","wpmagazine_modules_lite_featured_media_urls":{"thumbnail":"","cvmm-medium":"","cvmm-medium-plus":"","cvmm-portrait":"","cvmm-medium-square":"","cvmm-large":"","cvmm-small":"","full":""},"_links":{"self":[{"href":"https:\/\/contrastes.com.co\/web\/wp-json\/wp\/v2\/posts\/10496","targetHints":{"allow":["GET"]}}],"collection":[{"href":"https:\/\/contrastes.com.co\/web\/wp-json\/wp\/v2\/posts"}],"about":[{"href":"https:\/\/contrastes.com.co\/web\/wp-json\/wp\/v2\/types\/post"}],"author":[{"embeddable":true,"href":"https:\/\/contrastes.com.co\/web\/wp-json\/wp\/v2\/users\/1"}],"replies":[{"embeddable":true,"href":"https:\/\/contrastes.com.co\/web\/wp-json\/wp\/v2\/comments?post=10496"}],"version-history":[{"count":0,"href":"https:\/\/contrastes.com.co\/web\/wp-json\/wp\/v2\/posts\/10496\/revisions"}],"wp:attachment":[{"href":"https:\/\/contrastes.com.co\/web\/wp-json\/wp\/v2\/media?parent=10496"}],"wp:term":[{"taxonomy":"category","embeddable":true,"href":"https:\/\/contrastes.com.co\/web\/wp-json\/wp\/v2\/categories?post=10496"},{"taxonomy":"post_tag","embeddable":true,"href":"https:\/\/contrastes.com.co\/web\/wp-json\/wp\/v2\/tags?post=10496"}],"curies":[{"name":"wp","href":"https:\/\/api.w.org\/{rel}","templated":true}]}}