{"id":10518,"date":"2022-07-28T13:45:21","date_gmt":"2022-07-28T18:45:21","guid":{"rendered":"https:\/\/contrastes.com.co\/digital\/?p=10518"},"modified":"2022-07-28T13:45:21","modified_gmt":"2022-07-28T18:45:21","slug":"la-secretaria-de-gestion-social-de-soledad-realiza-el-lanzamiento-de-inscripcion-de-la-cuarta-fase-del-programa-familias-en-accion","status":"publish","type":"post","link":"https:\/\/contrastes.com.co\/web\/2022\/07\/28\/la-secretaria-de-gestion-social-de-soledad-realiza-el-lanzamiento-de-inscripcion-de-la-cuarta-fase-del-programa-familias-en-accion\/","title":{"rendered":"La secretar\u00eda de Gesti\u00f3n Social de Soledad realiza el lanzamiento de inscripci\u00f3n de la cuarta fase del programa Familias en Acci\u00f3n"},"content":{"rendered":"<p><strong>*La secretar\u00eda de Gesti\u00f3n Social de Soledad realiza el lanzamiento de inscripci\u00f3n de la cuarta fase del programa Familias en Acci\u00f3n<\/strong><\/p>\n<blockquote><p><strong>Las inscripciones estar\u00e1n abiertas a partir del martes 2 de agosto, en las instalaciones de Alcald\u00eda de Soledad, as\u00ed lo dio a conocer el secretario de Gesti\u00f3n Social de Soledad, Deiver Conrado.<\/strong><\/p><\/blockquote>\n<p><img decoding=\"async\" class=\"alignleft  wp-image-8529\" src=\"https:\/\/contrastes.com.co\/digital\/wp-content\/uploads\/2022\/03\/e-capitular.png\" alt=\"e capitular\" width=\"70\" height=\"70\" \/>ste jueves 28 de julio en el Museo Bolivariano del municipio de Soledad se realiz\u00f3 la socializaci\u00f3n para que aquellos ciudadanos interesados en ingresar o mantenerse dentro del programa de beneficios estatales \u2018Familias en Acci\u00f3n\u2019 conozcan lo relacionado con el tema. Las inscripciones estar\u00e1n abiertas a partir del martes 2 de agosto, en las instalaciones de Alcald\u00eda de Soledad, as\u00ed lo dio a conocer el <strong>secretario de Gesti\u00f3n Social de Soledad, Deiver Conrado<\/strong>.<\/p>\n<p>Cabe se\u00f1alar que en el municipio de Soledad se espera que este proceso conduzca a que al menos 62 mil familias de la localidad accedan al programa Familias en Acci\u00f3n, duplicando de esta manera el n\u00famero de hogares beneficiarios que en este momento asciende a 16 mil familias, de acuerdo a lo se\u00f1alado por el titular de la cartera de Gesti\u00f3n Social local.<\/p>\n<p>Familias en Acci\u00f3n es un programa a cargo de Prosperidad Social que les ofrece la posibilidad a las familias con ni\u00f1os, ni\u00f1as y adolescentes en condiciones de pobreza y pobreza extrema, recibir un incentivo econ\u00f3mico condicionado a la asistencia escolar y a atenciones de salud de los ni\u00f1os, ni\u00f1as y adolescentes.<\/p>\n<p>Pueden acceder las familias en situaci\u00f3n de pobreza y pobreza extrema, con ni\u00f1os, ni\u00f1as y adolescentes menores de 18 a\u00f1os, que cumplan con los criterios de focalizaci\u00f3n definidos por el programa.<\/p>\n","protected":false},"excerpt":{"rendered":"<p>Este jueves 28 de julio en el Museo Bolivariano del municipio de Soledad se realiz\u00f3 la socializaci\u00f3n para que aquellos ciudadanos interesados en ingresar o mantenerse dentro del programa de beneficios estatales \u2018Familias en Acci\u00f3n\u2019 conozcan lo relacionado con el tema. Las inscripciones estar\u00e1n abiertas a partir del martes 2 de agosto, en las instalaciones de Alcald\u00eda de Soledad, as\u00ed lo dio a conocer el secretario de Gesti\u00f3n Social de Soledad, Deiver Conrado.<\/p>\n","protected":false},"author":1,"featured_media":10519,"comment_status":"open","ping_status":"open","sticky":false,"template":"","format":"standard","meta":{"footnotes":""},"categories":[23,34],"tags":[6377,6378,6379,51,6231,985,6380,6381],"class_list":["post-10518","post","type-post","status-publish","format-standard","has-post-thumbnail","hentry","category-locales","category-programas-asistenciales","tag-cuarta-fase","tag-deiver-conrado","tag-lanzamiento-de-inscripcion","tag-municipio-de-soledad","tag-programa-familias-en-accion","tag-secretaria-de-gestion-social-de-soledad","tag-secretario-de-gestion-social-de-soledad","tag-socializacion"],"yoast_head":"<!-- This site is optimized with the Yoast SEO plugin v27.7 - https:\/\/yoast.com\/product\/yoast-seo-wordpress\/ -->\n<title>La secretar\u00eda de Gesti\u00f3n Social de Soledad realiza el lanzamiento de inscripci\u00f3n de la cuarta fase del programa Familias en Acci\u00f3n - Constrastes<\/title>\n<meta name=\"description\" content=\"Este jueves 28 de julio en el Museo Bolivariano del municipio de Soledad se realiz\u00f3 la socializaci\u00f3n para que aquellos ciudadanos interesados en ingresar o mantenerse dentro del programa de beneficios estatales \u2018Familias en Acci\u00f3n\u2019 conozcan lo relacionado con el tema. Las inscripciones estar\u00e1n abiertas a partir del martes 2 de agosto, en las instalaciones de Alcald\u00eda de Soledad, as\u00ed lo dio a conocer el secretario de Gesti\u00f3n Social de Soledad, Deiver Conrado.\" \/>\n<meta name=\"robots\" content=\"index, follow, max-snippet:-1, max-image-preview:large, max-video-preview:-1\" \/>\n<link rel=\"canonical\" href=\"https:\/\/contrastes.com.co\/web\/2022\/07\/28\/la-secretaria-de-gestion-social-de-soledad-realiza-el-lanzamiento-de-inscripcion-de-la-cuarta-fase-del-programa-familias-en-accion\/\" \/>\n<meta property=\"og:locale\" content=\"es_ES\" \/>\n<meta property=\"og:type\" content=\"article\" \/>\n<meta property=\"og:title\" content=\"La secretar\u00eda de Gesti\u00f3n Social de Soledad realiza el lanzamiento de inscripci\u00f3n de la cuarta fase del programa Familias en Acci\u00f3n - Constrastes\" \/>\n<meta property=\"og:description\" content=\"Este jueves 28 de julio en el Museo Bolivariano del municipio de Soledad se realiz\u00f3 la socializaci\u00f3n para que aquellos ciudadanos interesados en ingresar o mantenerse dentro del programa de beneficios estatales \u2018Familias en Acci\u00f3n\u2019 conozcan lo relacionado con el tema. Las inscripciones estar\u00e1n abiertas a partir del martes 2 de agosto, en las instalaciones de Alcald\u00eda de Soledad, as\u00ed lo dio a conocer el secretario de Gesti\u00f3n Social de Soledad, Deiver Conrado.\" \/>\n<meta property=\"og:url\" content=\"https:\/\/contrastes.com.co\/web\/2022\/07\/28\/la-secretaria-de-gestion-social-de-soledad-realiza-el-lanzamiento-de-inscripcion-de-la-cuarta-fase-del-programa-familias-en-accion\/\" \/>\n<meta property=\"og:site_name\" content=\"Constrastes\" \/>\n<meta property=\"article:publisher\" content=\"https:\/\/www.facebook.com\/guillo.pantoja.1\" \/>\n<meta property=\"article:published_time\" content=\"2022-07-28T18:45:21+00:00\" \/>\n<meta name=\"author\" content=\"Editor\" \/>\n<meta name=\"twitter:card\" content=\"summary_large_image\" \/>\n<meta name=\"twitter:label1\" content=\"Escrito por\" \/>\n\t<meta name=\"twitter:data1\" content=\"Editor\" \/>\n\t<meta name=\"twitter:label2\" content=\"Tiempo de lectura\" \/>\n\t<meta name=\"twitter:data2\" content=\"1 minuto\" \/>\n<script type=\"application\/ld+json\" class=\"yoast-schema-graph\">{\"@context\":\"https:\\\/\\\/schema.org\",\"@graph\":[{\"@type\":\"Article\",\"@id\":\"https:\\\/\\\/contrastes.com.co\\\/web\\\/2022\\\/07\\\/28\\\/la-secretaria-de-gestion-social-de-soledad-realiza-el-lanzamiento-de-inscripcion-de-la-cuarta-fase-del-programa-familias-en-accion\\\/#article\",\"isPartOf\":{\"@id\":\"https:\\\/\\\/contrastes.com.co\\\/web\\\/2022\\\/07\\\/28\\\/la-secretaria-de-gestion-social-de-soledad-realiza-el-lanzamiento-de-inscripcion-de-la-cuarta-fase-del-programa-familias-en-accion\\\/\"},\"author\":{\"name\":\"Editor\",\"@id\":\"https:\\\/\\\/contrastes.com.co\\\/web\\\/#\\\/schema\\\/person\\\/62ef7a62dc4da6de450c71fc2e95ed02\"},\"headline\":\"La secretar\u00eda de Gesti\u00f3n Social de Soledad realiza el lanzamiento de inscripci\u00f3n de la cuarta fase del programa Familias en Acci\u00f3n\",\"datePublished\":\"2022-07-28T18:45:21+00:00\",\"mainEntityOfPage\":{\"@id\":\"https:\\\/\\\/contrastes.com.co\\\/web\\\/2022\\\/07\\\/28\\\/la-secretaria-de-gestion-social-de-soledad-realiza-el-lanzamiento-de-inscripcion-de-la-cuarta-fase-del-programa-familias-en-accion\\\/\"},\"wordCount\":318,\"commentCount\":0,\"publisher\":{\"@id\":\"https:\\\/\\\/contrastes.com.co\\\/web\\\/#organization\"},\"image\":{\"@id\":\"https:\\\/\\\/contrastes.com.co\\\/web\\\/2022\\\/07\\\/28\\\/la-secretaria-de-gestion-social-de-soledad-realiza-el-lanzamiento-de-inscripcion-de-la-cuarta-fase-del-programa-familias-en-accion\\\/#primaryimage\"},\"thumbnailUrl\":\"\",\"keywords\":[\"cuarta fase\",\"Deiver Conrado\",\"lanzamiento de inscripci\u00f3n\",\"municipio de soledad\",\"programa Familias en Acci\u00f3n\",\"secretar\u00eda de Gesti\u00f3n Social de Soledad\",\"secretario de Gesti\u00f3n Social de Soledad\",\"socializaci\u00f3n\"],\"articleSection\":[\"Locales\",\"Programas Asistenciales\"],\"inLanguage\":\"es\",\"potentialAction\":[{\"@type\":\"CommentAction\",\"name\":\"Comment\",\"target\":[\"https:\\\/\\\/contrastes.com.co\\\/web\\\/2022\\\/07\\\/28\\\/la-secretaria-de-gestion-social-de-soledad-realiza-el-lanzamiento-de-inscripcion-de-la-cuarta-fase-del-programa-familias-en-accion\\\/#respond\"]}]},{\"@type\":\"WebPage\",\"@id\":\"https:\\\/\\\/contrastes.com.co\\\/web\\\/2022\\\/07\\\/28\\\/la-secretaria-de-gestion-social-de-soledad-realiza-el-lanzamiento-de-inscripcion-de-la-cuarta-fase-del-programa-familias-en-accion\\\/\",\"url\":\"https:\\\/\\\/contrastes.com.co\\\/web\\\/2022\\\/07\\\/28\\\/la-secretaria-de-gestion-social-de-soledad-realiza-el-lanzamiento-de-inscripcion-de-la-cuarta-fase-del-programa-familias-en-accion\\\/\",\"name\":\"La secretar\u00eda de Gesti\u00f3n Social de Soledad realiza el lanzamiento de inscripci\u00f3n de la cuarta fase del programa Familias en Acci\u00f3n - Constrastes\",\"isPartOf\":{\"@id\":\"https:\\\/\\\/contrastes.com.co\\\/web\\\/#website\"},\"primaryImageOfPage\":{\"@id\":\"https:\\\/\\\/contrastes.com.co\\\/web\\\/2022\\\/07\\\/28\\\/la-secretaria-de-gestion-social-de-soledad-realiza-el-lanzamiento-de-inscripcion-de-la-cuarta-fase-del-programa-familias-en-accion\\\/#primaryimage\"},\"image\":{\"@id\":\"https:\\\/\\\/contrastes.com.co\\\/web\\\/2022\\\/07\\\/28\\\/la-secretaria-de-gestion-social-de-soledad-realiza-el-lanzamiento-de-inscripcion-de-la-cuarta-fase-del-programa-familias-en-accion\\\/#primaryimage\"},\"thumbnailUrl\":\"\",\"datePublished\":\"2022-07-28T18:45:21+00:00\",\"description\":\"Este jueves 28 de julio en el Museo Bolivariano del municipio de Soledad se realiz\u00f3 la socializaci\u00f3n para que aquellos ciudadanos interesados en ingresar o mantenerse dentro del programa de beneficios estatales \u2018Familias en Acci\u00f3n\u2019 conozcan lo relacionado con el tema. Las inscripciones estar\u00e1n abiertas a partir del martes 2 de agosto, en las instalaciones de Alcald\u00eda de Soledad, as\u00ed lo dio a conocer el secretario de Gesti\u00f3n Social de Soledad, Deiver Conrado.\",\"breadcrumb\":{\"@id\":\"https:\\\/\\\/contrastes.com.co\\\/web\\\/2022\\\/07\\\/28\\\/la-secretaria-de-gestion-social-de-soledad-realiza-el-lanzamiento-de-inscripcion-de-la-cuarta-fase-del-programa-familias-en-accion\\\/#breadcrumb\"},\"inLanguage\":\"es\",\"potentialAction\":[{\"@type\":\"ReadAction\",\"target\":[\"https:\\\/\\\/contrastes.com.co\\\/web\\\/2022\\\/07\\\/28\\\/la-secretaria-de-gestion-social-de-soledad-realiza-el-lanzamiento-de-inscripcion-de-la-cuarta-fase-del-programa-familias-en-accion\\\/\"]}]},{\"@type\":\"ImageObject\",\"inLanguage\":\"es\",\"@id\":\"https:\\\/\\\/contrastes.com.co\\\/web\\\/2022\\\/07\\\/28\\\/la-secretaria-de-gestion-social-de-soledad-realiza-el-lanzamiento-de-inscripcion-de-la-cuarta-fase-del-programa-familias-en-accion\\\/#primaryimage\",\"url\":\"\",\"contentUrl\":\"\"},{\"@type\":\"BreadcrumbList\",\"@id\":\"https:\\\/\\\/contrastes.com.co\\\/web\\\/2022\\\/07\\\/28\\\/la-secretaria-de-gestion-social-de-soledad-realiza-el-lanzamiento-de-inscripcion-de-la-cuarta-fase-del-programa-familias-en-accion\\\/#breadcrumb\",\"itemListElement\":[{\"@type\":\"ListItem\",\"position\":1,\"name\":\"Portada\",\"item\":\"https:\\\/\\\/contrastes.com.co\\\/web\\\/\"},{\"@type\":\"ListItem\",\"position\":2,\"name\":\"La secretar\u00eda de Gesti\u00f3n Social de Soledad realiza el lanzamiento de inscripci\u00f3n de la cuarta fase del programa Familias en Acci\u00f3n\"}]},{\"@type\":\"WebSite\",\"@id\":\"https:\\\/\\\/contrastes.com.co\\\/web\\\/#website\",\"url\":\"https:\\\/\\\/contrastes.com.co\\\/web\\\/\",\"name\":\"Contrastes\",\"description\":\"Periodismo de Conciencia\",\"publisher\":{\"@id\":\"https:\\\/\\\/contrastes.com.co\\\/web\\\/#organization\"},\"potentialAction\":[{\"@type\":\"SearchAction\",\"target\":{\"@type\":\"EntryPoint\",\"urlTemplate\":\"https:\\\/\\\/contrastes.com.co\\\/web\\\/?s={search_term_string}\"},\"query-input\":{\"@type\":\"PropertyValueSpecification\",\"valueRequired\":true,\"valueName\":\"search_term_string\"}}],\"inLanguage\":\"es\"},{\"@type\":\"Organization\",\"@id\":\"https:\\\/\\\/contrastes.com.co\\\/web\\\/#organization\",\"name\":\"Contrastes\",\"url\":\"https:\\\/\\\/contrastes.com.co\\\/web\\\/\",\"logo\":{\"@type\":\"ImageObject\",\"inLanguage\":\"es\",\"@id\":\"https:\\\/\\\/contrastes.com.co\\\/web\\\/#\\\/schema\\\/logo\\\/image\\\/\",\"url\":\"https:\\\/\\\/contrastes.com.co\\\/web\\\/wp-content\\\/uploads\\\/2025\\\/04\\\/15CONTRASTES3.png\",\"contentUrl\":\"https:\\\/\\\/contrastes.com.co\\\/web\\\/wp-content\\\/uploads\\\/2025\\\/04\\\/15CONTRASTES3.png\",\"width\":1536,\"height\":231,\"caption\":\"Contrastes\"},\"image\":{\"@id\":\"https:\\\/\\\/contrastes.com.co\\\/web\\\/#\\\/schema\\\/logo\\\/image\\\/\"},\"sameAs\":[\"https:\\\/\\\/www.facebook.com\\\/guillo.pantoja.1\"]},{\"@type\":\"Person\",\"@id\":\"https:\\\/\\\/contrastes.com.co\\\/web\\\/#\\\/schema\\\/person\\\/62ef7a62dc4da6de450c71fc2e95ed02\",\"name\":\"Editor\",\"image\":{\"@type\":\"ImageObject\",\"inLanguage\":\"es\",\"@id\":\"https:\\\/\\\/secure.gravatar.com\\\/avatar\\\/7bbb4f718d74bbf600dc556253bb04fd7ac8593751d6e2e3b85432d98aefae80?s=96&d=mm&r=g\",\"url\":\"https:\\\/\\\/secure.gravatar.com\\\/avatar\\\/7bbb4f718d74bbf600dc556253bb04fd7ac8593751d6e2e3b85432d98aefae80?s=96&d=mm&r=g\",\"contentUrl\":\"https:\\\/\\\/secure.gravatar.com\\\/avatar\\\/7bbb4f718d74bbf600dc556253bb04fd7ac8593751d6e2e3b85432d98aefae80?s=96&d=mm&r=g\",\"caption\":\"Editor\"},\"sameAs\":[\"https:\\\/\\\/contrastes.com.co\\\/web\"],\"url\":\"https:\\\/\\\/contrastes.com.co\\\/web\\\/author\\\/jdbobadilla\\\/\"}]}<\/script>\n<!-- \/ Yoast SEO plugin. -->","yoast_head_json":{"title":"La secretar\u00eda de Gesti\u00f3n Social de Soledad realiza el lanzamiento de inscripci\u00f3n de la cuarta fase del programa Familias en Acci\u00f3n - Constrastes","description":"Este jueves 28 de julio en el Museo Bolivariano del municipio de Soledad se realiz\u00f3 la socializaci\u00f3n para que aquellos ciudadanos interesados en ingresar o mantenerse dentro del programa de beneficios estatales \u2018Familias en Acci\u00f3n\u2019 conozcan lo relacionado con el tema. Las inscripciones estar\u00e1n abiertas a partir del martes 2 de agosto, en las instalaciones de Alcald\u00eda de Soledad, as\u00ed lo dio a conocer el secretario de Gesti\u00f3n Social de Soledad, Deiver Conrado.","robots":{"index":"index","follow":"follow","max-snippet":"max-snippet:-1","max-image-preview":"max-image-preview:large","max-video-preview":"max-video-preview:-1"},"canonical":"https:\/\/contrastes.com.co\/web\/2022\/07\/28\/la-secretaria-de-gestion-social-de-soledad-realiza-el-lanzamiento-de-inscripcion-de-la-cuarta-fase-del-programa-familias-en-accion\/","og_locale":"es_ES","og_type":"article","og_title":"La secretar\u00eda de Gesti\u00f3n Social de Soledad realiza el lanzamiento de inscripci\u00f3n de la cuarta fase del programa Familias en Acci\u00f3n - Constrastes","og_description":"Este jueves 28 de julio en el Museo Bolivariano del municipio de Soledad se realiz\u00f3 la socializaci\u00f3n para que aquellos ciudadanos interesados en ingresar o mantenerse dentro del programa de beneficios estatales \u2018Familias en Acci\u00f3n\u2019 conozcan lo relacionado con el tema. Las inscripciones estar\u00e1n abiertas a partir del martes 2 de agosto, en las instalaciones de Alcald\u00eda de Soledad, as\u00ed lo dio a conocer el secretario de Gesti\u00f3n Social de Soledad, Deiver Conrado.","og_url":"https:\/\/contrastes.com.co\/web\/2022\/07\/28\/la-secretaria-de-gestion-social-de-soledad-realiza-el-lanzamiento-de-inscripcion-de-la-cuarta-fase-del-programa-familias-en-accion\/","og_site_name":"Constrastes","article_publisher":"https:\/\/www.facebook.com\/guillo.pantoja.1","article_published_time":"2022-07-28T18:45:21+00:00","author":"Editor","twitter_card":"summary_large_image","twitter_misc":{"Escrito por":"Editor","Tiempo de lectura":"1 minuto"},"schema":{"@context":"https:\/\/schema.org","@graph":[{"@type":"Article","@id":"https:\/\/contrastes.com.co\/web\/2022\/07\/28\/la-secretaria-de-gestion-social-de-soledad-realiza-el-lanzamiento-de-inscripcion-de-la-cuarta-fase-del-programa-familias-en-accion\/#article","isPartOf":{"@id":"https:\/\/contrastes.com.co\/web\/2022\/07\/28\/la-secretaria-de-gestion-social-de-soledad-realiza-el-lanzamiento-de-inscripcion-de-la-cuarta-fase-del-programa-familias-en-accion\/"},"author":{"name":"Editor","@id":"https:\/\/contrastes.com.co\/web\/#\/schema\/person\/62ef7a62dc4da6de450c71fc2e95ed02"},"headline":"La secretar\u00eda de Gesti\u00f3n Social de Soledad realiza el lanzamiento de inscripci\u00f3n de la cuarta fase del programa Familias en Acci\u00f3n","datePublished":"2022-07-28T18:45:21+00:00","mainEntityOfPage":{"@id":"https:\/\/contrastes.com.co\/web\/2022\/07\/28\/la-secretaria-de-gestion-social-de-soledad-realiza-el-lanzamiento-de-inscripcion-de-la-cuarta-fase-del-programa-familias-en-accion\/"},"wordCount":318,"commentCount":0,"publisher":{"@id":"https:\/\/contrastes.com.co\/web\/#organization"},"image":{"@id":"https:\/\/contrastes.com.co\/web\/2022\/07\/28\/la-secretaria-de-gestion-social-de-soledad-realiza-el-lanzamiento-de-inscripcion-de-la-cuarta-fase-del-programa-familias-en-accion\/#primaryimage"},"thumbnailUrl":"","keywords":["cuarta fase","Deiver Conrado","lanzamiento de inscripci\u00f3n","municipio de soledad","programa Familias en Acci\u00f3n","secretar\u00eda de Gesti\u00f3n Social de Soledad","secretario de Gesti\u00f3n Social de Soledad","socializaci\u00f3n"],"articleSection":["Locales","Programas Asistenciales"],"inLanguage":"es","potentialAction":[{"@type":"CommentAction","name":"Comment","target":["https:\/\/contrastes.com.co\/web\/2022\/07\/28\/la-secretaria-de-gestion-social-de-soledad-realiza-el-lanzamiento-de-inscripcion-de-la-cuarta-fase-del-programa-familias-en-accion\/#respond"]}]},{"@type":"WebPage","@id":"https:\/\/contrastes.com.co\/web\/2022\/07\/28\/la-secretaria-de-gestion-social-de-soledad-realiza-el-lanzamiento-de-inscripcion-de-la-cuarta-fase-del-programa-familias-en-accion\/","url":"https:\/\/contrastes.com.co\/web\/2022\/07\/28\/la-secretaria-de-gestion-social-de-soledad-realiza-el-lanzamiento-de-inscripcion-de-la-cuarta-fase-del-programa-familias-en-accion\/","name":"La secretar\u00eda de Gesti\u00f3n Social de Soledad realiza el lanzamiento de inscripci\u00f3n de la cuarta fase del programa Familias en Acci\u00f3n - Constrastes","isPartOf":{"@id":"https:\/\/contrastes.com.co\/web\/#website"},"primaryImageOfPage":{"@id":"https:\/\/contrastes.com.co\/web\/2022\/07\/28\/la-secretaria-de-gestion-social-de-soledad-realiza-el-lanzamiento-de-inscripcion-de-la-cuarta-fase-del-programa-familias-en-accion\/#primaryimage"},"image":{"@id":"https:\/\/contrastes.com.co\/web\/2022\/07\/28\/la-secretaria-de-gestion-social-de-soledad-realiza-el-lanzamiento-de-inscripcion-de-la-cuarta-fase-del-programa-familias-en-accion\/#primaryimage"},"thumbnailUrl":"","datePublished":"2022-07-28T18:45:21+00:00","description":"Este jueves 28 de julio en el Museo Bolivariano del municipio de Soledad se realiz\u00f3 la socializaci\u00f3n para que aquellos ciudadanos interesados en ingresar o mantenerse dentro del programa de beneficios estatales \u2018Familias en Acci\u00f3n\u2019 conozcan lo relacionado con el tema. Las inscripciones estar\u00e1n abiertas a partir del martes 2 de agosto, en las instalaciones de Alcald\u00eda de Soledad, as\u00ed lo dio a conocer el secretario de Gesti\u00f3n Social de Soledad, Deiver Conrado.","breadcrumb":{"@id":"https:\/\/contrastes.com.co\/web\/2022\/07\/28\/la-secretaria-de-gestion-social-de-soledad-realiza-el-lanzamiento-de-inscripcion-de-la-cuarta-fase-del-programa-familias-en-accion\/#breadcrumb"},"inLanguage":"es","potentialAction":[{"@type":"ReadAction","target":["https:\/\/contrastes.com.co\/web\/2022\/07\/28\/la-secretaria-de-gestion-social-de-soledad-realiza-el-lanzamiento-de-inscripcion-de-la-cuarta-fase-del-programa-familias-en-accion\/"]}]},{"@type":"ImageObject","inLanguage":"es","@id":"https:\/\/contrastes.com.co\/web\/2022\/07\/28\/la-secretaria-de-gestion-social-de-soledad-realiza-el-lanzamiento-de-inscripcion-de-la-cuarta-fase-del-programa-familias-en-accion\/#primaryimage","url":"","contentUrl":""},{"@type":"BreadcrumbList","@id":"https:\/\/contrastes.com.co\/web\/2022\/07\/28\/la-secretaria-de-gestion-social-de-soledad-realiza-el-lanzamiento-de-inscripcion-de-la-cuarta-fase-del-programa-familias-en-accion\/#breadcrumb","itemListElement":[{"@type":"ListItem","position":1,"name":"Portada","item":"https:\/\/contrastes.com.co\/web\/"},{"@type":"ListItem","position":2,"name":"La secretar\u00eda de Gesti\u00f3n Social de Soledad realiza el lanzamiento de inscripci\u00f3n de la cuarta fase del programa Familias en Acci\u00f3n"}]},{"@type":"WebSite","@id":"https:\/\/contrastes.com.co\/web\/#website","url":"https:\/\/contrastes.com.co\/web\/","name":"Contrastes","description":"Periodismo de Conciencia","publisher":{"@id":"https:\/\/contrastes.com.co\/web\/#organization"},"potentialAction":[{"@type":"SearchAction","target":{"@type":"EntryPoint","urlTemplate":"https:\/\/contrastes.com.co\/web\/?s={search_term_string}"},"query-input":{"@type":"PropertyValueSpecification","valueRequired":true,"valueName":"search_term_string"}}],"inLanguage":"es"},{"@type":"Organization","@id":"https:\/\/contrastes.com.co\/web\/#organization","name":"Contrastes","url":"https:\/\/contrastes.com.co\/web\/","logo":{"@type":"ImageObject","inLanguage":"es","@id":"https:\/\/contrastes.com.co\/web\/#\/schema\/logo\/image\/","url":"https:\/\/contrastes.com.co\/web\/wp-content\/uploads\/2025\/04\/15CONTRASTES3.png","contentUrl":"https:\/\/contrastes.com.co\/web\/wp-content\/uploads\/2025\/04\/15CONTRASTES3.png","width":1536,"height":231,"caption":"Contrastes"},"image":{"@id":"https:\/\/contrastes.com.co\/web\/#\/schema\/logo\/image\/"},"sameAs":["https:\/\/www.facebook.com\/guillo.pantoja.1"]},{"@type":"Person","@id":"https:\/\/contrastes.com.co\/web\/#\/schema\/person\/62ef7a62dc4da6de450c71fc2e95ed02","name":"Editor","image":{"@type":"ImageObject","inLanguage":"es","@id":"https:\/\/secure.gravatar.com\/avatar\/7bbb4f718d74bbf600dc556253bb04fd7ac8593751d6e2e3b85432d98aefae80?s=96&d=mm&r=g","url":"https:\/\/secure.gravatar.com\/avatar\/7bbb4f718d74bbf600dc556253bb04fd7ac8593751d6e2e3b85432d98aefae80?s=96&d=mm&r=g","contentUrl":"https:\/\/secure.gravatar.com\/avatar\/7bbb4f718d74bbf600dc556253bb04fd7ac8593751d6e2e3b85432d98aefae80?s=96&d=mm&r=g","caption":"Editor"},"sameAs":["https:\/\/contrastes.com.co\/web"],"url":"https:\/\/contrastes.com.co\/web\/author\/jdbobadilla\/"}]}},"blog_post_layout_featured_media_urls":{"thumbnail":"","full":""},"categories_names":{"23":{"name":"Locales","link":"https:\/\/contrastes.com.co\/web\/category\/locales\/"},"34":{"name":"Programas Asistenciales","link":"https:\/\/contrastes.com.co\/web\/category\/programas-asistenciales\/"}},"tags_names":{"6377":{"name":"cuarta fase","link":"https:\/\/contrastes.com.co\/web\/tag\/cuarta-fase\/"},"6378":{"name":"Deiver Conrado","link":"https:\/\/contrastes.com.co\/web\/tag\/deiver-conrado\/"},"6379":{"name":"lanzamiento de inscripci\u00f3n","link":"https:\/\/contrastes.com.co\/web\/tag\/lanzamiento-de-inscripcion\/"},"51":{"name":"municipio de soledad","link":"https:\/\/contrastes.com.co\/web\/tag\/municipio-de-soledad\/"},"6231":{"name":"programa Familias en Acci\u00f3n","link":"https:\/\/contrastes.com.co\/web\/tag\/programa-familias-en-accion\/"},"985":{"name":"secretar\u00eda de Gesti\u00f3n Social de Soledad","link":"https:\/\/contrastes.com.co\/web\/tag\/secretaria-de-gestion-social-de-soledad\/"},"6380":{"name":"secretario de Gesti\u00f3n Social de Soledad","link":"https:\/\/contrastes.com.co\/web\/tag\/secretario-de-gestion-social-de-soledad\/"},"6381":{"name":"socializaci\u00f3n","link":"https:\/\/contrastes.com.co\/web\/tag\/socializacion\/"}},"comments_number":"0","wpmagazine_modules_lite_featured_media_urls":{"thumbnail":"","cvmm-medium":"","cvmm-medium-plus":"","cvmm-portrait":"","cvmm-medium-square":"","cvmm-large":"","cvmm-small":"","full":""},"_links":{"self":[{"href":"https:\/\/contrastes.com.co\/web\/wp-json\/wp\/v2\/posts\/10518","targetHints":{"allow":["GET"]}}],"collection":[{"href":"https:\/\/contrastes.com.co\/web\/wp-json\/wp\/v2\/posts"}],"about":[{"href":"https:\/\/contrastes.com.co\/web\/wp-json\/wp\/v2\/types\/post"}],"author":[{"embeddable":true,"href":"https:\/\/contrastes.com.co\/web\/wp-json\/wp\/v2\/users\/1"}],"replies":[{"embeddable":true,"href":"https:\/\/contrastes.com.co\/web\/wp-json\/wp\/v2\/comments?post=10518"}],"version-history":[{"count":0,"href":"https:\/\/contrastes.com.co\/web\/wp-json\/wp\/v2\/posts\/10518\/revisions"}],"wp:attachment":[{"href":"https:\/\/contrastes.com.co\/web\/wp-json\/wp\/v2\/media?parent=10518"}],"wp:term":[{"taxonomy":"category","embeddable":true,"href":"https:\/\/contrastes.com.co\/web\/wp-json\/wp\/v2\/categories?post=10518"},{"taxonomy":"post_tag","embeddable":true,"href":"https:\/\/contrastes.com.co\/web\/wp-json\/wp\/v2\/tags?post=10518"}],"curies":[{"name":"wp","href":"https:\/\/api.w.org\/{rel}","templated":true}]}}