{"id":10534,"date":"2022-08-02T13:19:24","date_gmt":"2022-08-02T18:19:24","guid":{"rendered":"https:\/\/contrastes.com.co\/digital\/?p=10534"},"modified":"2022-08-02T13:19:24","modified_gmt":"2022-08-02T18:19:24","slug":"las-autoridades-avanzan-en-acciones-para-garantizar-la-seguridad-de-los-conductores-de-buses-de-transporte-publico","status":"publish","type":"post","link":"https:\/\/contrastes.com.co\/web\/2022\/08\/02\/las-autoridades-avanzan-en-acciones-para-garantizar-la-seguridad-de-los-conductores-de-buses-de-transporte-publico\/","title":{"rendered":"Las autoridades avanzan en acciones para garantizar la seguridad de los conductores de buses de transporte p\u00fablico"},"content":{"rendered":"<p><strong>*Las autoridades avanzan en acciones para garantizar la seguridad de los conductores de buses de transporte p\u00fablico<\/strong><\/p>\n<blockquote><p><strong>\u201cLa Polic\u00eda Nacional incrementar\u00e1 su pie de fuerza con 1.000 uniformados que estar\u00e1n en distintos lugares del \u00e1rea metropolitana de Barranquilla garantizando la seguridad de los conductores\u201d, se\u00f1al\u00f3 el alcalde de Soledad.<\/strong><\/p><\/blockquote>\n<p><img decoding=\"async\" class=\"alignleft  wp-image-8524\" src=\"https:\/\/contrastes.com.co\/digital\/wp-content\/uploads\/2022\/03\/l-capitular.png\" alt=\"l capitular\" width=\"74\" height=\"74\" \/>as autoridades policiales avanzan en acciones para garantizar la seguridad de los conductores de buses de transporte p\u00fablico en el \u00e1rea metropolitana de Barranquilla, y en virtud de lo anterior se llev\u00f3 a cabo un <strong>Consejo Metropolitano de Seguridad Ciudadana<\/strong> liderado por el <strong>subdirector Nacional de la Polic\u00eda, General Hoover Penilla<\/strong>, con la participaci\u00f3n de la <strong>gobernadora del Atl\u00e1ntico, Elsa Noguera; el alcalde de Soledad, Rodolfo Ucr\u00f3s Rosales; el alcalde de Barranquilla, Jaime Pumarejo, y representantes del Ej\u00e9rcito Nacional y de las empresas transportadoras.<\/strong><\/p>\n<p>El alcalde Ucr\u00f3s Rosales indic\u00f3 que se implementar\u00e1n acciones para neutralizar los hechos delictivos que se han presentado en el \u00e1rea metropolitana durante los \u00faltimos d\u00edas. \u201cLa Polic\u00eda Nacional incrementar\u00e1 su pie de fuerza con 1.000 uniformados que estar\u00e1n en distintos lugares del \u00e1rea metropolitana de Barranquilla garantizando la seguridad de los conductores\u201d, se\u00f1al\u00f3 el alcalde de Soledad.<\/p>\n<p>El mandatario precis\u00f3 que se incrementar\u00e1 el acompa\u00f1amiento en las rutas de los buses y, a su vez, 150 hombres del Ej\u00e9rcito fortalecer\u00e1n estas acciones. \u201cLa Fuerza A\u00e9rea, por su parte, realizar\u00e1 sobrevuelos en el \u00e1rea\u201d, agreg\u00f3 Ucr\u00f3s Rosales, quien afirm\u00f3 que tambi\u00e9n se trabaja en operativos de inteligencia militar y policial.<\/p>\n","protected":false},"excerpt":{"rendered":"<p>Las autoridades policiales avanzan en acciones para garantizar la seguridad de los conductores de buses de transporte p\u00fablico en el \u00e1rea metropolitana de Barranquilla, y en virtud de lo anterior se llev\u00f3 a cabo un Consejo Metropolitano de Seguridad Ciudadana liderado por el subdirector Nacional de la Polic\u00eda, General Hoover Penilla, con la participaci\u00f3n de la gobernadora del Atl\u00e1ntico, Elsa Noguera; el alcalde de Soledad, Rodolfo Ucr\u00f3s Rosales; el alcalde de Barranquilla, Jaime Pumarejo, y representantes del Ej\u00e9rcito Nacional y de las empresas transportadoras.<\/p>\n","protected":false},"author":1,"featured_media":10535,"comment_status":"open","ping_status":"open","sticky":false,"template":"","format":"standard","meta":{"footnotes":""},"categories":[1490,23,53],"tags":[1584,173,6392,1158,77,6393,6394,181,1152,51,1879,6395],"class_list":["post-10534","post","type-post","status-publish","format-standard","has-post-thumbnail","hentry","category-inseguridad","category-locales","category-seguridad-ciudadana","tag-alcalde-de-barranquilla","tag-alcalde-de-soledad","tag-consejo-metropolitano-de-seguridad-ciudadana","tag-ejercito-nacional","tag-elsa-noguera","tag-empresas-transportadoras","tag-general-hoover-penilla","tag-gobernadora-del-atlantico","tag-jaime-pumarejo","tag-municipio-de-soledad","tag-rodolfo-ucros-rosales","tag-subdirector-nacional-de-la-policia"],"yoast_head":"<!-- This site is optimized with the Yoast SEO plugin v27.7 - https:\/\/yoast.com\/product\/yoast-seo-wordpress\/ -->\n<title>Las autoridades avanzan en acciones para garantizar la seguridad de los conductores de buses de transporte p\u00fablico - Constrastes<\/title>\n<meta name=\"description\" content=\"Las autoridades policiales avanzan en acciones para garantizar la seguridad de los conductores de buses de transporte p\u00fablico en el \u00e1rea metropolitana de Barranquilla, y en virtud de lo anterior se llev\u00f3 a cabo un Consejo Metropolitano de Seguridad Ciudadana liderado por el subdirector Nacional de la Polic\u00eda, General Hoover Penilla, con la participaci\u00f3n de la gobernadora del Atl\u00e1ntico, Elsa Noguera; el alcalde de Soledad, Rodolfo Ucr\u00f3s Rosales; el alcalde de Barranquilla, Jaime Pumarejo, y representantes del Ej\u00e9rcito Nacional y de las empresas transportadoras.\" \/>\n<meta name=\"robots\" content=\"index, follow, max-snippet:-1, max-image-preview:large, max-video-preview:-1\" \/>\n<link rel=\"canonical\" href=\"https:\/\/contrastes.com.co\/web\/2022\/08\/02\/las-autoridades-avanzan-en-acciones-para-garantizar-la-seguridad-de-los-conductores-de-buses-de-transporte-publico\/\" \/>\n<meta property=\"og:locale\" content=\"es_ES\" \/>\n<meta property=\"og:type\" content=\"article\" \/>\n<meta property=\"og:title\" content=\"Las autoridades avanzan en acciones para garantizar la seguridad de los conductores de buses de transporte p\u00fablico - Constrastes\" \/>\n<meta property=\"og:description\" content=\"Las autoridades policiales avanzan en acciones para garantizar la seguridad de los conductores de buses de transporte p\u00fablico en el \u00e1rea metropolitana de Barranquilla, y en virtud de lo anterior se llev\u00f3 a cabo un Consejo Metropolitano de Seguridad Ciudadana liderado por el subdirector Nacional de la Polic\u00eda, General Hoover Penilla, con la participaci\u00f3n de la gobernadora del Atl\u00e1ntico, Elsa Noguera; el alcalde de Soledad, Rodolfo Ucr\u00f3s Rosales; el alcalde de Barranquilla, Jaime Pumarejo, y representantes del Ej\u00e9rcito Nacional y de las empresas transportadoras.\" \/>\n<meta property=\"og:url\" content=\"https:\/\/contrastes.com.co\/web\/2022\/08\/02\/las-autoridades-avanzan-en-acciones-para-garantizar-la-seguridad-de-los-conductores-de-buses-de-transporte-publico\/\" \/>\n<meta property=\"og:site_name\" content=\"Constrastes\" \/>\n<meta property=\"article:publisher\" content=\"https:\/\/www.facebook.com\/guillo.pantoja.1\" \/>\n<meta property=\"article:published_time\" content=\"2022-08-02T18:19:24+00:00\" \/>\n<meta name=\"author\" content=\"Editor\" \/>\n<meta name=\"twitter:card\" content=\"summary_large_image\" \/>\n<meta name=\"twitter:label1\" content=\"Escrito por\" \/>\n\t<meta name=\"twitter:data1\" content=\"Editor\" \/>\n\t<meta name=\"twitter:label2\" content=\"Tiempo de lectura\" \/>\n\t<meta name=\"twitter:data2\" content=\"1 minuto\" \/>\n<script type=\"application\/ld+json\" class=\"yoast-schema-graph\">{\"@context\":\"https:\\\/\\\/schema.org\",\"@graph\":[{\"@type\":\"Article\",\"@id\":\"https:\\\/\\\/contrastes.com.co\\\/web\\\/2022\\\/08\\\/02\\\/las-autoridades-avanzan-en-acciones-para-garantizar-la-seguridad-de-los-conductores-de-buses-de-transporte-publico\\\/#article\",\"isPartOf\":{\"@id\":\"https:\\\/\\\/contrastes.com.co\\\/web\\\/2022\\\/08\\\/02\\\/las-autoridades-avanzan-en-acciones-para-garantizar-la-seguridad-de-los-conductores-de-buses-de-transporte-publico\\\/\"},\"author\":{\"name\":\"Editor\",\"@id\":\"https:\\\/\\\/contrastes.com.co\\\/web\\\/#\\\/schema\\\/person\\\/62ef7a62dc4da6de450c71fc2e95ed02\"},\"headline\":\"Las autoridades avanzan en acciones para garantizar la seguridad de los conductores de buses de transporte p\u00fablico\",\"datePublished\":\"2022-08-02T18:19:24+00:00\",\"mainEntityOfPage\":{\"@id\":\"https:\\\/\\\/contrastes.com.co\\\/web\\\/2022\\\/08\\\/02\\\/las-autoridades-avanzan-en-acciones-para-garantizar-la-seguridad-de-los-conductores-de-buses-de-transporte-publico\\\/\"},\"wordCount\":280,\"commentCount\":0,\"publisher\":{\"@id\":\"https:\\\/\\\/contrastes.com.co\\\/web\\\/#organization\"},\"image\":{\"@id\":\"https:\\\/\\\/contrastes.com.co\\\/web\\\/2022\\\/08\\\/02\\\/las-autoridades-avanzan-en-acciones-para-garantizar-la-seguridad-de-los-conductores-de-buses-de-transporte-publico\\\/#primaryimage\"},\"thumbnailUrl\":\"\",\"keywords\":[\"alcalde de Barranquilla\",\"alcalde de Soledad\",\"Consejo Metropolitano de Seguridad Ciudadana\",\"ejercito nacional\",\"elsa noguera\",\"empresas transportadoras.\",\"General Hoover Penilla\",\"Gobernadora del Atl\u00e1ntico\",\"Jaime pumarejo\",\"municipio de soledad\",\"Rodolfo Ucr\u00f3s Rosales\",\"subdirector Nacional de la Polic\u00eda\"],\"articleSection\":[\"Inseguridad\",\"Locales\",\"Seguridad Ciudadana\"],\"inLanguage\":\"es\",\"potentialAction\":[{\"@type\":\"CommentAction\",\"name\":\"Comment\",\"target\":[\"https:\\\/\\\/contrastes.com.co\\\/web\\\/2022\\\/08\\\/02\\\/las-autoridades-avanzan-en-acciones-para-garantizar-la-seguridad-de-los-conductores-de-buses-de-transporte-publico\\\/#respond\"]}]},{\"@type\":\"WebPage\",\"@id\":\"https:\\\/\\\/contrastes.com.co\\\/web\\\/2022\\\/08\\\/02\\\/las-autoridades-avanzan-en-acciones-para-garantizar-la-seguridad-de-los-conductores-de-buses-de-transporte-publico\\\/\",\"url\":\"https:\\\/\\\/contrastes.com.co\\\/web\\\/2022\\\/08\\\/02\\\/las-autoridades-avanzan-en-acciones-para-garantizar-la-seguridad-de-los-conductores-de-buses-de-transporte-publico\\\/\",\"name\":\"Las autoridades avanzan en acciones para garantizar la seguridad de los conductores de buses de transporte p\u00fablico - Constrastes\",\"isPartOf\":{\"@id\":\"https:\\\/\\\/contrastes.com.co\\\/web\\\/#website\"},\"primaryImageOfPage\":{\"@id\":\"https:\\\/\\\/contrastes.com.co\\\/web\\\/2022\\\/08\\\/02\\\/las-autoridades-avanzan-en-acciones-para-garantizar-la-seguridad-de-los-conductores-de-buses-de-transporte-publico\\\/#primaryimage\"},\"image\":{\"@id\":\"https:\\\/\\\/contrastes.com.co\\\/web\\\/2022\\\/08\\\/02\\\/las-autoridades-avanzan-en-acciones-para-garantizar-la-seguridad-de-los-conductores-de-buses-de-transporte-publico\\\/#primaryimage\"},\"thumbnailUrl\":\"\",\"datePublished\":\"2022-08-02T18:19:24+00:00\",\"description\":\"Las autoridades policiales avanzan en acciones para garantizar la seguridad de los conductores de buses de transporte p\u00fablico en el \u00e1rea metropolitana de Barranquilla, y en virtud de lo anterior se llev\u00f3 a cabo un Consejo Metropolitano de Seguridad Ciudadana liderado por el subdirector Nacional de la Polic\u00eda, General Hoover Penilla, con la participaci\u00f3n de la gobernadora del Atl\u00e1ntico, Elsa Noguera; el alcalde de Soledad, Rodolfo Ucr\u00f3s Rosales; el alcalde de Barranquilla, Jaime Pumarejo, y representantes del Ej\u00e9rcito Nacional y de las empresas transportadoras.\",\"breadcrumb\":{\"@id\":\"https:\\\/\\\/contrastes.com.co\\\/web\\\/2022\\\/08\\\/02\\\/las-autoridades-avanzan-en-acciones-para-garantizar-la-seguridad-de-los-conductores-de-buses-de-transporte-publico\\\/#breadcrumb\"},\"inLanguage\":\"es\",\"potentialAction\":[{\"@type\":\"ReadAction\",\"target\":[\"https:\\\/\\\/contrastes.com.co\\\/web\\\/2022\\\/08\\\/02\\\/las-autoridades-avanzan-en-acciones-para-garantizar-la-seguridad-de-los-conductores-de-buses-de-transporte-publico\\\/\"]}]},{\"@type\":\"ImageObject\",\"inLanguage\":\"es\",\"@id\":\"https:\\\/\\\/contrastes.com.co\\\/web\\\/2022\\\/08\\\/02\\\/las-autoridades-avanzan-en-acciones-para-garantizar-la-seguridad-de-los-conductores-de-buses-de-transporte-publico\\\/#primaryimage\",\"url\":\"\",\"contentUrl\":\"\"},{\"@type\":\"BreadcrumbList\",\"@id\":\"https:\\\/\\\/contrastes.com.co\\\/web\\\/2022\\\/08\\\/02\\\/las-autoridades-avanzan-en-acciones-para-garantizar-la-seguridad-de-los-conductores-de-buses-de-transporte-publico\\\/#breadcrumb\",\"itemListElement\":[{\"@type\":\"ListItem\",\"position\":1,\"name\":\"Portada\",\"item\":\"https:\\\/\\\/contrastes.com.co\\\/web\\\/\"},{\"@type\":\"ListItem\",\"position\":2,\"name\":\"Las autoridades avanzan en acciones para garantizar la seguridad de los conductores de buses de transporte p\u00fablico\"}]},{\"@type\":\"WebSite\",\"@id\":\"https:\\\/\\\/contrastes.com.co\\\/web\\\/#website\",\"url\":\"https:\\\/\\\/contrastes.com.co\\\/web\\\/\",\"name\":\"Contrastes\",\"description\":\"Periodismo de Conciencia\",\"publisher\":{\"@id\":\"https:\\\/\\\/contrastes.com.co\\\/web\\\/#organization\"},\"potentialAction\":[{\"@type\":\"SearchAction\",\"target\":{\"@type\":\"EntryPoint\",\"urlTemplate\":\"https:\\\/\\\/contrastes.com.co\\\/web\\\/?s={search_term_string}\"},\"query-input\":{\"@type\":\"PropertyValueSpecification\",\"valueRequired\":true,\"valueName\":\"search_term_string\"}}],\"inLanguage\":\"es\"},{\"@type\":\"Organization\",\"@id\":\"https:\\\/\\\/contrastes.com.co\\\/web\\\/#organization\",\"name\":\"Contrastes\",\"url\":\"https:\\\/\\\/contrastes.com.co\\\/web\\\/\",\"logo\":{\"@type\":\"ImageObject\",\"inLanguage\":\"es\",\"@id\":\"https:\\\/\\\/contrastes.com.co\\\/web\\\/#\\\/schema\\\/logo\\\/image\\\/\",\"url\":\"https:\\\/\\\/contrastes.com.co\\\/web\\\/wp-content\\\/uploads\\\/2025\\\/04\\\/15CONTRASTES3.png\",\"contentUrl\":\"https:\\\/\\\/contrastes.com.co\\\/web\\\/wp-content\\\/uploads\\\/2025\\\/04\\\/15CONTRASTES3.png\",\"width\":1536,\"height\":231,\"caption\":\"Contrastes\"},\"image\":{\"@id\":\"https:\\\/\\\/contrastes.com.co\\\/web\\\/#\\\/schema\\\/logo\\\/image\\\/\"},\"sameAs\":[\"https:\\\/\\\/www.facebook.com\\\/guillo.pantoja.1\"]},{\"@type\":\"Person\",\"@id\":\"https:\\\/\\\/contrastes.com.co\\\/web\\\/#\\\/schema\\\/person\\\/62ef7a62dc4da6de450c71fc2e95ed02\",\"name\":\"Editor\",\"image\":{\"@type\":\"ImageObject\",\"inLanguage\":\"es\",\"@id\":\"https:\\\/\\\/secure.gravatar.com\\\/avatar\\\/7bbb4f718d74bbf600dc556253bb04fd7ac8593751d6e2e3b85432d98aefae80?s=96&d=mm&r=g\",\"url\":\"https:\\\/\\\/secure.gravatar.com\\\/avatar\\\/7bbb4f718d74bbf600dc556253bb04fd7ac8593751d6e2e3b85432d98aefae80?s=96&d=mm&r=g\",\"contentUrl\":\"https:\\\/\\\/secure.gravatar.com\\\/avatar\\\/7bbb4f718d74bbf600dc556253bb04fd7ac8593751d6e2e3b85432d98aefae80?s=96&d=mm&r=g\",\"caption\":\"Editor\"},\"sameAs\":[\"https:\\\/\\\/contrastes.com.co\\\/web\"],\"url\":\"https:\\\/\\\/contrastes.com.co\\\/web\\\/author\\\/jdbobadilla\\\/\"}]}<\/script>\n<!-- \/ Yoast SEO plugin. -->","yoast_head_json":{"title":"Las autoridades avanzan en acciones para garantizar la seguridad de los conductores de buses de transporte p\u00fablico - Constrastes","description":"Las autoridades policiales avanzan en acciones para garantizar la seguridad de los conductores de buses de transporte p\u00fablico en el \u00e1rea metropolitana de Barranquilla, y en virtud de lo anterior se llev\u00f3 a cabo un Consejo Metropolitano de Seguridad Ciudadana liderado por el subdirector Nacional de la Polic\u00eda, General Hoover Penilla, con la participaci\u00f3n de la gobernadora del Atl\u00e1ntico, Elsa Noguera; el alcalde de Soledad, Rodolfo Ucr\u00f3s Rosales; el alcalde de Barranquilla, Jaime Pumarejo, y representantes del Ej\u00e9rcito Nacional y de las empresas transportadoras.","robots":{"index":"index","follow":"follow","max-snippet":"max-snippet:-1","max-image-preview":"max-image-preview:large","max-video-preview":"max-video-preview:-1"},"canonical":"https:\/\/contrastes.com.co\/web\/2022\/08\/02\/las-autoridades-avanzan-en-acciones-para-garantizar-la-seguridad-de-los-conductores-de-buses-de-transporte-publico\/","og_locale":"es_ES","og_type":"article","og_title":"Las autoridades avanzan en acciones para garantizar la seguridad de los conductores de buses de transporte p\u00fablico - Constrastes","og_description":"Las autoridades policiales avanzan en acciones para garantizar la seguridad de los conductores de buses de transporte p\u00fablico en el \u00e1rea metropolitana de Barranquilla, y en virtud de lo anterior se llev\u00f3 a cabo un Consejo Metropolitano de Seguridad Ciudadana liderado por el subdirector Nacional de la Polic\u00eda, General Hoover Penilla, con la participaci\u00f3n de la gobernadora del Atl\u00e1ntico, Elsa Noguera; el alcalde de Soledad, Rodolfo Ucr\u00f3s Rosales; el alcalde de Barranquilla, Jaime Pumarejo, y representantes del Ej\u00e9rcito Nacional y de las empresas transportadoras.","og_url":"https:\/\/contrastes.com.co\/web\/2022\/08\/02\/las-autoridades-avanzan-en-acciones-para-garantizar-la-seguridad-de-los-conductores-de-buses-de-transporte-publico\/","og_site_name":"Constrastes","article_publisher":"https:\/\/www.facebook.com\/guillo.pantoja.1","article_published_time":"2022-08-02T18:19:24+00:00","author":"Editor","twitter_card":"summary_large_image","twitter_misc":{"Escrito por":"Editor","Tiempo de lectura":"1 minuto"},"schema":{"@context":"https:\/\/schema.org","@graph":[{"@type":"Article","@id":"https:\/\/contrastes.com.co\/web\/2022\/08\/02\/las-autoridades-avanzan-en-acciones-para-garantizar-la-seguridad-de-los-conductores-de-buses-de-transporte-publico\/#article","isPartOf":{"@id":"https:\/\/contrastes.com.co\/web\/2022\/08\/02\/las-autoridades-avanzan-en-acciones-para-garantizar-la-seguridad-de-los-conductores-de-buses-de-transporte-publico\/"},"author":{"name":"Editor","@id":"https:\/\/contrastes.com.co\/web\/#\/schema\/person\/62ef7a62dc4da6de450c71fc2e95ed02"},"headline":"Las autoridades avanzan en acciones para garantizar la seguridad de los conductores de buses de transporte p\u00fablico","datePublished":"2022-08-02T18:19:24+00:00","mainEntityOfPage":{"@id":"https:\/\/contrastes.com.co\/web\/2022\/08\/02\/las-autoridades-avanzan-en-acciones-para-garantizar-la-seguridad-de-los-conductores-de-buses-de-transporte-publico\/"},"wordCount":280,"commentCount":0,"publisher":{"@id":"https:\/\/contrastes.com.co\/web\/#organization"},"image":{"@id":"https:\/\/contrastes.com.co\/web\/2022\/08\/02\/las-autoridades-avanzan-en-acciones-para-garantizar-la-seguridad-de-los-conductores-de-buses-de-transporte-publico\/#primaryimage"},"thumbnailUrl":"","keywords":["alcalde de Barranquilla","alcalde de Soledad","Consejo Metropolitano de Seguridad Ciudadana","ejercito nacional","elsa noguera","empresas transportadoras.","General Hoover Penilla","Gobernadora del Atl\u00e1ntico","Jaime pumarejo","municipio de soledad","Rodolfo Ucr\u00f3s Rosales","subdirector Nacional de la Polic\u00eda"],"articleSection":["Inseguridad","Locales","Seguridad Ciudadana"],"inLanguage":"es","potentialAction":[{"@type":"CommentAction","name":"Comment","target":["https:\/\/contrastes.com.co\/web\/2022\/08\/02\/las-autoridades-avanzan-en-acciones-para-garantizar-la-seguridad-de-los-conductores-de-buses-de-transporte-publico\/#respond"]}]},{"@type":"WebPage","@id":"https:\/\/contrastes.com.co\/web\/2022\/08\/02\/las-autoridades-avanzan-en-acciones-para-garantizar-la-seguridad-de-los-conductores-de-buses-de-transporte-publico\/","url":"https:\/\/contrastes.com.co\/web\/2022\/08\/02\/las-autoridades-avanzan-en-acciones-para-garantizar-la-seguridad-de-los-conductores-de-buses-de-transporte-publico\/","name":"Las autoridades avanzan en acciones para garantizar la seguridad de los conductores de buses de transporte p\u00fablico - Constrastes","isPartOf":{"@id":"https:\/\/contrastes.com.co\/web\/#website"},"primaryImageOfPage":{"@id":"https:\/\/contrastes.com.co\/web\/2022\/08\/02\/las-autoridades-avanzan-en-acciones-para-garantizar-la-seguridad-de-los-conductores-de-buses-de-transporte-publico\/#primaryimage"},"image":{"@id":"https:\/\/contrastes.com.co\/web\/2022\/08\/02\/las-autoridades-avanzan-en-acciones-para-garantizar-la-seguridad-de-los-conductores-de-buses-de-transporte-publico\/#primaryimage"},"thumbnailUrl":"","datePublished":"2022-08-02T18:19:24+00:00","description":"Las autoridades policiales avanzan en acciones para garantizar la seguridad de los conductores de buses de transporte p\u00fablico en el \u00e1rea metropolitana de Barranquilla, y en virtud de lo anterior se llev\u00f3 a cabo un Consejo Metropolitano de Seguridad Ciudadana liderado por el subdirector Nacional de la Polic\u00eda, General Hoover Penilla, con la participaci\u00f3n de la gobernadora del Atl\u00e1ntico, Elsa Noguera; el alcalde de Soledad, Rodolfo Ucr\u00f3s Rosales; el alcalde de Barranquilla, Jaime Pumarejo, y representantes del Ej\u00e9rcito Nacional y de las empresas transportadoras.","breadcrumb":{"@id":"https:\/\/contrastes.com.co\/web\/2022\/08\/02\/las-autoridades-avanzan-en-acciones-para-garantizar-la-seguridad-de-los-conductores-de-buses-de-transporte-publico\/#breadcrumb"},"inLanguage":"es","potentialAction":[{"@type":"ReadAction","target":["https:\/\/contrastes.com.co\/web\/2022\/08\/02\/las-autoridades-avanzan-en-acciones-para-garantizar-la-seguridad-de-los-conductores-de-buses-de-transporte-publico\/"]}]},{"@type":"ImageObject","inLanguage":"es","@id":"https:\/\/contrastes.com.co\/web\/2022\/08\/02\/las-autoridades-avanzan-en-acciones-para-garantizar-la-seguridad-de-los-conductores-de-buses-de-transporte-publico\/#primaryimage","url":"","contentUrl":""},{"@type":"BreadcrumbList","@id":"https:\/\/contrastes.com.co\/web\/2022\/08\/02\/las-autoridades-avanzan-en-acciones-para-garantizar-la-seguridad-de-los-conductores-de-buses-de-transporte-publico\/#breadcrumb","itemListElement":[{"@type":"ListItem","position":1,"name":"Portada","item":"https:\/\/contrastes.com.co\/web\/"},{"@type":"ListItem","position":2,"name":"Las autoridades avanzan en acciones para garantizar la seguridad de los conductores de buses de transporte p\u00fablico"}]},{"@type":"WebSite","@id":"https:\/\/contrastes.com.co\/web\/#website","url":"https:\/\/contrastes.com.co\/web\/","name":"Contrastes","description":"Periodismo de Conciencia","publisher":{"@id":"https:\/\/contrastes.com.co\/web\/#organization"},"potentialAction":[{"@type":"SearchAction","target":{"@type":"EntryPoint","urlTemplate":"https:\/\/contrastes.com.co\/web\/?s={search_term_string}"},"query-input":{"@type":"PropertyValueSpecification","valueRequired":true,"valueName":"search_term_string"}}],"inLanguage":"es"},{"@type":"Organization","@id":"https:\/\/contrastes.com.co\/web\/#organization","name":"Contrastes","url":"https:\/\/contrastes.com.co\/web\/","logo":{"@type":"ImageObject","inLanguage":"es","@id":"https:\/\/contrastes.com.co\/web\/#\/schema\/logo\/image\/","url":"https:\/\/contrastes.com.co\/web\/wp-content\/uploads\/2025\/04\/15CONTRASTES3.png","contentUrl":"https:\/\/contrastes.com.co\/web\/wp-content\/uploads\/2025\/04\/15CONTRASTES3.png","width":1536,"height":231,"caption":"Contrastes"},"image":{"@id":"https:\/\/contrastes.com.co\/web\/#\/schema\/logo\/image\/"},"sameAs":["https:\/\/www.facebook.com\/guillo.pantoja.1"]},{"@type":"Person","@id":"https:\/\/contrastes.com.co\/web\/#\/schema\/person\/62ef7a62dc4da6de450c71fc2e95ed02","name":"Editor","image":{"@type":"ImageObject","inLanguage":"es","@id":"https:\/\/secure.gravatar.com\/avatar\/7bbb4f718d74bbf600dc556253bb04fd7ac8593751d6e2e3b85432d98aefae80?s=96&d=mm&r=g","url":"https:\/\/secure.gravatar.com\/avatar\/7bbb4f718d74bbf600dc556253bb04fd7ac8593751d6e2e3b85432d98aefae80?s=96&d=mm&r=g","contentUrl":"https:\/\/secure.gravatar.com\/avatar\/7bbb4f718d74bbf600dc556253bb04fd7ac8593751d6e2e3b85432d98aefae80?s=96&d=mm&r=g","caption":"Editor"},"sameAs":["https:\/\/contrastes.com.co\/web"],"url":"https:\/\/contrastes.com.co\/web\/author\/jdbobadilla\/"}]}},"blog_post_layout_featured_media_urls":{"thumbnail":"","full":""},"categories_names":{"1490":{"name":"Inseguridad","link":"https:\/\/contrastes.com.co\/web\/category\/inseguridad\/"},"23":{"name":"Locales","link":"https:\/\/contrastes.com.co\/web\/category\/locales\/"},"53":{"name":"Seguridad Ciudadana","link":"https:\/\/contrastes.com.co\/web\/category\/seguridad-ciudadana\/"}},"tags_names":{"1584":{"name":"alcalde de Barranquilla","link":"https:\/\/contrastes.com.co\/web\/tag\/alcalde-de-barranquilla\/"},"173":{"name":"alcalde de Soledad","link":"https:\/\/contrastes.com.co\/web\/tag\/alcalde-de-soledad\/"},"6392":{"name":"Consejo Metropolitano de Seguridad Ciudadana","link":"https:\/\/contrastes.com.co\/web\/tag\/consejo-metropolitano-de-seguridad-ciudadana\/"},"1158":{"name":"ejercito nacional","link":"https:\/\/contrastes.com.co\/web\/tag\/ejercito-nacional\/"},"77":{"name":"elsa noguera","link":"https:\/\/contrastes.com.co\/web\/tag\/elsa-noguera\/"},"6393":{"name":"empresas transportadoras.","link":"https:\/\/contrastes.com.co\/web\/tag\/empresas-transportadoras\/"},"6394":{"name":"General Hoover Penilla","link":"https:\/\/contrastes.com.co\/web\/tag\/general-hoover-penilla\/"},"181":{"name":"Gobernadora del Atl\u00e1ntico","link":"https:\/\/contrastes.com.co\/web\/tag\/gobernadora-del-atlantico\/"},"1152":{"name":"Jaime pumarejo","link":"https:\/\/contrastes.com.co\/web\/tag\/jaime-pumarejo\/"},"51":{"name":"municipio de soledad","link":"https:\/\/contrastes.com.co\/web\/tag\/municipio-de-soledad\/"},"1879":{"name":"Rodolfo Ucr\u00f3s Rosales","link":"https:\/\/contrastes.com.co\/web\/tag\/rodolfo-ucros-rosales\/"},"6395":{"name":"subdirector Nacional de la Polic\u00eda","link":"https:\/\/contrastes.com.co\/web\/tag\/subdirector-nacional-de-la-policia\/"}},"comments_number":"0","wpmagazine_modules_lite_featured_media_urls":{"thumbnail":"","cvmm-medium":"","cvmm-medium-plus":"","cvmm-portrait":"","cvmm-medium-square":"","cvmm-large":"","cvmm-small":"","full":""},"_links":{"self":[{"href":"https:\/\/contrastes.com.co\/web\/wp-json\/wp\/v2\/posts\/10534","targetHints":{"allow":["GET"]}}],"collection":[{"href":"https:\/\/contrastes.com.co\/web\/wp-json\/wp\/v2\/posts"}],"about":[{"href":"https:\/\/contrastes.com.co\/web\/wp-json\/wp\/v2\/types\/post"}],"author":[{"embeddable":true,"href":"https:\/\/contrastes.com.co\/web\/wp-json\/wp\/v2\/users\/1"}],"replies":[{"embeddable":true,"href":"https:\/\/contrastes.com.co\/web\/wp-json\/wp\/v2\/comments?post=10534"}],"version-history":[{"count":0,"href":"https:\/\/contrastes.com.co\/web\/wp-json\/wp\/v2\/posts\/10534\/revisions"}],"wp:attachment":[{"href":"https:\/\/contrastes.com.co\/web\/wp-json\/wp\/v2\/media?parent=10534"}],"wp:term":[{"taxonomy":"category","embeddable":true,"href":"https:\/\/contrastes.com.co\/web\/wp-json\/wp\/v2\/categories?post=10534"},{"taxonomy":"post_tag","embeddable":true,"href":"https:\/\/contrastes.com.co\/web\/wp-json\/wp\/v2\/tags?post=10534"}],"curies":[{"name":"wp","href":"https:\/\/api.w.org\/{rel}","templated":true}]}}