{"id":10537,"date":"2022-08-02T13:26:30","date_gmt":"2022-08-02T18:26:30","guid":{"rendered":"https:\/\/contrastes.com.co\/digital\/?p=10537"},"modified":"2022-08-02T13:26:30","modified_gmt":"2022-08-02T18:26:30","slug":"no-admitimos-ataques-contra-los-transportadores-gobernadora","status":"publish","type":"post","link":"https:\/\/contrastes.com.co\/web\/2022\/08\/02\/no-admitimos-ataques-contra-los-transportadores-gobernadora\/","title":{"rendered":"No admitimos ataques contra los transportadores\u00bb: Gobernadora"},"content":{"rendered":"<p><strong>*No admitimos ataques contra los transportadores\u00bb: Gobernadora<\/strong><\/p>\n<blockquote><p><strong>\u201cClaramente, lo que estamos viendo es un acto cobarde. \u00bfC\u00f3mo atentan contra la vida\u00a0 de una persona que sale a trabajar un fin de semana para poder llevar ingresos a sus casas? Es una situaci\u00f3n bien compleja\u201d, Elsa Noguera.<\/strong><\/p><\/blockquote>\n<p><img decoding=\"async\" class=\"alignleft  wp-image-8524\" src=\"https:\/\/contrastes.com.co\/digital\/wp-content\/uploads\/2022\/03\/l-capitular.png\" alt=\"l capitular\" width=\"60\" height=\"60\" \/>a gobernadora del Atl\u00e1ntico, Elsa Noguera, particip\u00f3 en un consejo extraordinario de seguridad, realizado en el municipio de Soledad, ante los ataques que vienen sufriendo los transportadores de Barranquilla y su \u00e1rea metropolitana.<\/p>\n<p>\u201cNo admitimos ataques contra los transportadores. Acompa\u00f1amos a los alcaldes de Barranquilla, Jaime Pumarejo, y de Soledad, Rodolfo Ucr\u00f3s, en el consejo de seguridad con el Gr. Hoover Penilla, subdirector de la Polic\u00eda, el Ej\u00e9rcito y dem\u00e1s organismos de seguridad en el que se tomaron medidas para protegerlos\u201c, afirm\u00f3 la Gobernadora.<\/p>\n<p>La mandataria departamental expres\u00f3 toda su solidaridad a los transportadores y sus familiares.<\/p>\n<p>\u201cClaramente, lo que estamos viendo es un acto cobarde. \u00bfC\u00f3mo atentan contra la vida\u00a0 de una persona que sale a trabajar un fin de semana para poder llevar ingresos a sus casas? Es una situaci\u00f3n bien compleja\u201d, agreg\u00f3 Noguera.<\/p>\n<p>La mandataria departamental expres\u00f3 su compromiso para apoyar al Distrito y a los municipios del departamento, y confirm\u00f3 su participaci\u00f3n en el consejo de seguridad que se llevar\u00e1 a cabo con el Ministro del Interior este martes 2 de agosto.<\/p>\n","protected":false},"excerpt":{"rendered":"<p>La gobernadora del Atl\u00e1ntico, Elsa Noguera, particip\u00f3 en un consejo extraordinario de seguridad, realizado en el municipio de Soledad, ante los ataques que vienen sufriendo los transportadores de Barranquilla y su \u00e1rea metropolitana.<\/p>\n","protected":false},"author":1,"featured_media":10538,"comment_status":"open","ping_status":"open","sticky":false,"template":"","format":"standard","meta":{"footnotes":""},"categories":[172,23,24,53],"tags":[3097,6396,77,181,51,6397],"class_list":["post-10537","post","type-post","status-publish","format-standard","has-post-thumbnail","hentry","category-judicial","category-locales","category-region","category-seguridad-ciudadana","tag-area-metropolitana-de-barranquilla","tag-consejo-extraordinario-de-seguridad","tag-elsa-noguera","tag-gobernadora-del-atlantico","tag-municipio-de-soledad","tag-transportadores-de-barranquilla"],"yoast_head":"<!-- This site is optimized with the Yoast SEO plugin v27.7 - https:\/\/yoast.com\/product\/yoast-seo-wordpress\/ -->\n<title>No admitimos ataques contra los transportadores&quot;: Gobernadora - Constrastes<\/title>\n<meta name=\"description\" content=\"La gobernadora del Atl\u00e1ntico, Elsa Noguera, particip\u00f3 en un consejo extraordinario de seguridad, realizado en el municipio de Soledad, ante los ataques que vienen sufriendo los transportadores de Barranquilla y su \u00e1rea metropolitana.\" \/>\n<meta name=\"robots\" content=\"index, follow, max-snippet:-1, max-image-preview:large, max-video-preview:-1\" \/>\n<link rel=\"canonical\" href=\"https:\/\/contrastes.com.co\/web\/2022\/08\/02\/no-admitimos-ataques-contra-los-transportadores-gobernadora\/\" \/>\n<meta property=\"og:locale\" content=\"es_ES\" \/>\n<meta property=\"og:type\" content=\"article\" \/>\n<meta property=\"og:title\" content=\"No admitimos ataques contra los transportadores&quot;: Gobernadora - Constrastes\" \/>\n<meta property=\"og:description\" content=\"La gobernadora del Atl\u00e1ntico, Elsa Noguera, particip\u00f3 en un consejo extraordinario de seguridad, realizado en el municipio de Soledad, ante los ataques que vienen sufriendo los transportadores de Barranquilla y su \u00e1rea metropolitana.\" \/>\n<meta property=\"og:url\" content=\"https:\/\/contrastes.com.co\/web\/2022\/08\/02\/no-admitimos-ataques-contra-los-transportadores-gobernadora\/\" \/>\n<meta property=\"og:site_name\" content=\"Constrastes\" \/>\n<meta property=\"article:publisher\" content=\"https:\/\/www.facebook.com\/guillo.pantoja.1\" \/>\n<meta property=\"article:published_time\" content=\"2022-08-02T18:26:30+00:00\" \/>\n<meta name=\"author\" content=\"Editor\" \/>\n<meta name=\"twitter:card\" content=\"summary_large_image\" \/>\n<meta name=\"twitter:label1\" content=\"Escrito por\" \/>\n\t<meta name=\"twitter:data1\" content=\"Editor\" \/>\n\t<meta name=\"twitter:label2\" content=\"Tiempo de lectura\" \/>\n\t<meta name=\"twitter:data2\" content=\"1 minuto\" \/>\n<script type=\"application\/ld+json\" class=\"yoast-schema-graph\">{\"@context\":\"https:\\\/\\\/schema.org\",\"@graph\":[{\"@type\":\"Article\",\"@id\":\"https:\\\/\\\/contrastes.com.co\\\/web\\\/2022\\\/08\\\/02\\\/no-admitimos-ataques-contra-los-transportadores-gobernadora\\\/#article\",\"isPartOf\":{\"@id\":\"https:\\\/\\\/contrastes.com.co\\\/web\\\/2022\\\/08\\\/02\\\/no-admitimos-ataques-contra-los-transportadores-gobernadora\\\/\"},\"author\":{\"name\":\"Editor\",\"@id\":\"https:\\\/\\\/contrastes.com.co\\\/web\\\/#\\\/schema\\\/person\\\/62ef7a62dc4da6de450c71fc2e95ed02\"},\"headline\":\"No admitimos ataques contra los transportadores\u00bb: Gobernadora\",\"datePublished\":\"2022-08-02T18:26:30+00:00\",\"mainEntityOfPage\":{\"@id\":\"https:\\\/\\\/contrastes.com.co\\\/web\\\/2022\\\/08\\\/02\\\/no-admitimos-ataques-contra-los-transportadores-gobernadora\\\/\"},\"wordCount\":239,\"commentCount\":0,\"publisher\":{\"@id\":\"https:\\\/\\\/contrastes.com.co\\\/web\\\/#organization\"},\"image\":{\"@id\":\"https:\\\/\\\/contrastes.com.co\\\/web\\\/2022\\\/08\\\/02\\\/no-admitimos-ataques-contra-los-transportadores-gobernadora\\\/#primaryimage\"},\"thumbnailUrl\":\"\",\"keywords\":[\"\u00c1rea Metropolitana de Barranquilla\",\"consejo extraordinario de seguridad\",\"elsa noguera\",\"Gobernadora del Atl\u00e1ntico\",\"municipio de soledad\",\"transportadores de Barranquilla\"],\"articleSection\":[\"Judicial\",\"Locales\",\"Regi\u00f3n\",\"Seguridad Ciudadana\"],\"inLanguage\":\"es\",\"potentialAction\":[{\"@type\":\"CommentAction\",\"name\":\"Comment\",\"target\":[\"https:\\\/\\\/contrastes.com.co\\\/web\\\/2022\\\/08\\\/02\\\/no-admitimos-ataques-contra-los-transportadores-gobernadora\\\/#respond\"]}]},{\"@type\":\"WebPage\",\"@id\":\"https:\\\/\\\/contrastes.com.co\\\/web\\\/2022\\\/08\\\/02\\\/no-admitimos-ataques-contra-los-transportadores-gobernadora\\\/\",\"url\":\"https:\\\/\\\/contrastes.com.co\\\/web\\\/2022\\\/08\\\/02\\\/no-admitimos-ataques-contra-los-transportadores-gobernadora\\\/\",\"name\":\"No admitimos ataques contra los transportadores\\\": Gobernadora - Constrastes\",\"isPartOf\":{\"@id\":\"https:\\\/\\\/contrastes.com.co\\\/web\\\/#website\"},\"primaryImageOfPage\":{\"@id\":\"https:\\\/\\\/contrastes.com.co\\\/web\\\/2022\\\/08\\\/02\\\/no-admitimos-ataques-contra-los-transportadores-gobernadora\\\/#primaryimage\"},\"image\":{\"@id\":\"https:\\\/\\\/contrastes.com.co\\\/web\\\/2022\\\/08\\\/02\\\/no-admitimos-ataques-contra-los-transportadores-gobernadora\\\/#primaryimage\"},\"thumbnailUrl\":\"\",\"datePublished\":\"2022-08-02T18:26:30+00:00\",\"description\":\"La gobernadora del Atl\u00e1ntico, Elsa Noguera, particip\u00f3 en un consejo extraordinario de seguridad, realizado en el municipio de Soledad, ante los ataques que vienen sufriendo los transportadores de Barranquilla y su \u00e1rea metropolitana.\",\"breadcrumb\":{\"@id\":\"https:\\\/\\\/contrastes.com.co\\\/web\\\/2022\\\/08\\\/02\\\/no-admitimos-ataques-contra-los-transportadores-gobernadora\\\/#breadcrumb\"},\"inLanguage\":\"es\",\"potentialAction\":[{\"@type\":\"ReadAction\",\"target\":[\"https:\\\/\\\/contrastes.com.co\\\/web\\\/2022\\\/08\\\/02\\\/no-admitimos-ataques-contra-los-transportadores-gobernadora\\\/\"]}]},{\"@type\":\"ImageObject\",\"inLanguage\":\"es\",\"@id\":\"https:\\\/\\\/contrastes.com.co\\\/web\\\/2022\\\/08\\\/02\\\/no-admitimos-ataques-contra-los-transportadores-gobernadora\\\/#primaryimage\",\"url\":\"\",\"contentUrl\":\"\"},{\"@type\":\"BreadcrumbList\",\"@id\":\"https:\\\/\\\/contrastes.com.co\\\/web\\\/2022\\\/08\\\/02\\\/no-admitimos-ataques-contra-los-transportadores-gobernadora\\\/#breadcrumb\",\"itemListElement\":[{\"@type\":\"ListItem\",\"position\":1,\"name\":\"Portada\",\"item\":\"https:\\\/\\\/contrastes.com.co\\\/web\\\/\"},{\"@type\":\"ListItem\",\"position\":2,\"name\":\"No admitimos ataques contra los transportadores\u00bb: Gobernadora\"}]},{\"@type\":\"WebSite\",\"@id\":\"https:\\\/\\\/contrastes.com.co\\\/web\\\/#website\",\"url\":\"https:\\\/\\\/contrastes.com.co\\\/web\\\/\",\"name\":\"Contrastes\",\"description\":\"Periodismo de Conciencia\",\"publisher\":{\"@id\":\"https:\\\/\\\/contrastes.com.co\\\/web\\\/#organization\"},\"potentialAction\":[{\"@type\":\"SearchAction\",\"target\":{\"@type\":\"EntryPoint\",\"urlTemplate\":\"https:\\\/\\\/contrastes.com.co\\\/web\\\/?s={search_term_string}\"},\"query-input\":{\"@type\":\"PropertyValueSpecification\",\"valueRequired\":true,\"valueName\":\"search_term_string\"}}],\"inLanguage\":\"es\"},{\"@type\":\"Organization\",\"@id\":\"https:\\\/\\\/contrastes.com.co\\\/web\\\/#organization\",\"name\":\"Contrastes\",\"url\":\"https:\\\/\\\/contrastes.com.co\\\/web\\\/\",\"logo\":{\"@type\":\"ImageObject\",\"inLanguage\":\"es\",\"@id\":\"https:\\\/\\\/contrastes.com.co\\\/web\\\/#\\\/schema\\\/logo\\\/image\\\/\",\"url\":\"https:\\\/\\\/contrastes.com.co\\\/web\\\/wp-content\\\/uploads\\\/2025\\\/04\\\/15CONTRASTES3.png\",\"contentUrl\":\"https:\\\/\\\/contrastes.com.co\\\/web\\\/wp-content\\\/uploads\\\/2025\\\/04\\\/15CONTRASTES3.png\",\"width\":1536,\"height\":231,\"caption\":\"Contrastes\"},\"image\":{\"@id\":\"https:\\\/\\\/contrastes.com.co\\\/web\\\/#\\\/schema\\\/logo\\\/image\\\/\"},\"sameAs\":[\"https:\\\/\\\/www.facebook.com\\\/guillo.pantoja.1\"]},{\"@type\":\"Person\",\"@id\":\"https:\\\/\\\/contrastes.com.co\\\/web\\\/#\\\/schema\\\/person\\\/62ef7a62dc4da6de450c71fc2e95ed02\",\"name\":\"Editor\",\"image\":{\"@type\":\"ImageObject\",\"inLanguage\":\"es\",\"@id\":\"https:\\\/\\\/secure.gravatar.com\\\/avatar\\\/7bbb4f718d74bbf600dc556253bb04fd7ac8593751d6e2e3b85432d98aefae80?s=96&d=mm&r=g\",\"url\":\"https:\\\/\\\/secure.gravatar.com\\\/avatar\\\/7bbb4f718d74bbf600dc556253bb04fd7ac8593751d6e2e3b85432d98aefae80?s=96&d=mm&r=g\",\"contentUrl\":\"https:\\\/\\\/secure.gravatar.com\\\/avatar\\\/7bbb4f718d74bbf600dc556253bb04fd7ac8593751d6e2e3b85432d98aefae80?s=96&d=mm&r=g\",\"caption\":\"Editor\"},\"sameAs\":[\"https:\\\/\\\/contrastes.com.co\\\/web\"],\"url\":\"https:\\\/\\\/contrastes.com.co\\\/web\\\/author\\\/jdbobadilla\\\/\"}]}<\/script>\n<!-- \/ Yoast SEO plugin. -->","yoast_head_json":{"title":"No admitimos ataques contra los transportadores\": Gobernadora - Constrastes","description":"La gobernadora del Atl\u00e1ntico, Elsa Noguera, particip\u00f3 en un consejo extraordinario de seguridad, realizado en el municipio de Soledad, ante los ataques que vienen sufriendo los transportadores de Barranquilla y su \u00e1rea metropolitana.","robots":{"index":"index","follow":"follow","max-snippet":"max-snippet:-1","max-image-preview":"max-image-preview:large","max-video-preview":"max-video-preview:-1"},"canonical":"https:\/\/contrastes.com.co\/web\/2022\/08\/02\/no-admitimos-ataques-contra-los-transportadores-gobernadora\/","og_locale":"es_ES","og_type":"article","og_title":"No admitimos ataques contra los transportadores\": Gobernadora - Constrastes","og_description":"La gobernadora del Atl\u00e1ntico, Elsa Noguera, particip\u00f3 en un consejo extraordinario de seguridad, realizado en el municipio de Soledad, ante los ataques que vienen sufriendo los transportadores de Barranquilla y su \u00e1rea metropolitana.","og_url":"https:\/\/contrastes.com.co\/web\/2022\/08\/02\/no-admitimos-ataques-contra-los-transportadores-gobernadora\/","og_site_name":"Constrastes","article_publisher":"https:\/\/www.facebook.com\/guillo.pantoja.1","article_published_time":"2022-08-02T18:26:30+00:00","author":"Editor","twitter_card":"summary_large_image","twitter_misc":{"Escrito por":"Editor","Tiempo de lectura":"1 minuto"},"schema":{"@context":"https:\/\/schema.org","@graph":[{"@type":"Article","@id":"https:\/\/contrastes.com.co\/web\/2022\/08\/02\/no-admitimos-ataques-contra-los-transportadores-gobernadora\/#article","isPartOf":{"@id":"https:\/\/contrastes.com.co\/web\/2022\/08\/02\/no-admitimos-ataques-contra-los-transportadores-gobernadora\/"},"author":{"name":"Editor","@id":"https:\/\/contrastes.com.co\/web\/#\/schema\/person\/62ef7a62dc4da6de450c71fc2e95ed02"},"headline":"No admitimos ataques contra los transportadores\u00bb: Gobernadora","datePublished":"2022-08-02T18:26:30+00:00","mainEntityOfPage":{"@id":"https:\/\/contrastes.com.co\/web\/2022\/08\/02\/no-admitimos-ataques-contra-los-transportadores-gobernadora\/"},"wordCount":239,"commentCount":0,"publisher":{"@id":"https:\/\/contrastes.com.co\/web\/#organization"},"image":{"@id":"https:\/\/contrastes.com.co\/web\/2022\/08\/02\/no-admitimos-ataques-contra-los-transportadores-gobernadora\/#primaryimage"},"thumbnailUrl":"","keywords":["\u00c1rea Metropolitana de Barranquilla","consejo extraordinario de seguridad","elsa noguera","Gobernadora del Atl\u00e1ntico","municipio de soledad","transportadores de Barranquilla"],"articleSection":["Judicial","Locales","Regi\u00f3n","Seguridad Ciudadana"],"inLanguage":"es","potentialAction":[{"@type":"CommentAction","name":"Comment","target":["https:\/\/contrastes.com.co\/web\/2022\/08\/02\/no-admitimos-ataques-contra-los-transportadores-gobernadora\/#respond"]}]},{"@type":"WebPage","@id":"https:\/\/contrastes.com.co\/web\/2022\/08\/02\/no-admitimos-ataques-contra-los-transportadores-gobernadora\/","url":"https:\/\/contrastes.com.co\/web\/2022\/08\/02\/no-admitimos-ataques-contra-los-transportadores-gobernadora\/","name":"No admitimos ataques contra los transportadores\": Gobernadora - Constrastes","isPartOf":{"@id":"https:\/\/contrastes.com.co\/web\/#website"},"primaryImageOfPage":{"@id":"https:\/\/contrastes.com.co\/web\/2022\/08\/02\/no-admitimos-ataques-contra-los-transportadores-gobernadora\/#primaryimage"},"image":{"@id":"https:\/\/contrastes.com.co\/web\/2022\/08\/02\/no-admitimos-ataques-contra-los-transportadores-gobernadora\/#primaryimage"},"thumbnailUrl":"","datePublished":"2022-08-02T18:26:30+00:00","description":"La gobernadora del Atl\u00e1ntico, Elsa Noguera, particip\u00f3 en un consejo extraordinario de seguridad, realizado en el municipio de Soledad, ante los ataques que vienen sufriendo los transportadores de Barranquilla y su \u00e1rea metropolitana.","breadcrumb":{"@id":"https:\/\/contrastes.com.co\/web\/2022\/08\/02\/no-admitimos-ataques-contra-los-transportadores-gobernadora\/#breadcrumb"},"inLanguage":"es","potentialAction":[{"@type":"ReadAction","target":["https:\/\/contrastes.com.co\/web\/2022\/08\/02\/no-admitimos-ataques-contra-los-transportadores-gobernadora\/"]}]},{"@type":"ImageObject","inLanguage":"es","@id":"https:\/\/contrastes.com.co\/web\/2022\/08\/02\/no-admitimos-ataques-contra-los-transportadores-gobernadora\/#primaryimage","url":"","contentUrl":""},{"@type":"BreadcrumbList","@id":"https:\/\/contrastes.com.co\/web\/2022\/08\/02\/no-admitimos-ataques-contra-los-transportadores-gobernadora\/#breadcrumb","itemListElement":[{"@type":"ListItem","position":1,"name":"Portada","item":"https:\/\/contrastes.com.co\/web\/"},{"@type":"ListItem","position":2,"name":"No admitimos ataques contra los transportadores\u00bb: Gobernadora"}]},{"@type":"WebSite","@id":"https:\/\/contrastes.com.co\/web\/#website","url":"https:\/\/contrastes.com.co\/web\/","name":"Contrastes","description":"Periodismo de Conciencia","publisher":{"@id":"https:\/\/contrastes.com.co\/web\/#organization"},"potentialAction":[{"@type":"SearchAction","target":{"@type":"EntryPoint","urlTemplate":"https:\/\/contrastes.com.co\/web\/?s={search_term_string}"},"query-input":{"@type":"PropertyValueSpecification","valueRequired":true,"valueName":"search_term_string"}}],"inLanguage":"es"},{"@type":"Organization","@id":"https:\/\/contrastes.com.co\/web\/#organization","name":"Contrastes","url":"https:\/\/contrastes.com.co\/web\/","logo":{"@type":"ImageObject","inLanguage":"es","@id":"https:\/\/contrastes.com.co\/web\/#\/schema\/logo\/image\/","url":"https:\/\/contrastes.com.co\/web\/wp-content\/uploads\/2025\/04\/15CONTRASTES3.png","contentUrl":"https:\/\/contrastes.com.co\/web\/wp-content\/uploads\/2025\/04\/15CONTRASTES3.png","width":1536,"height":231,"caption":"Contrastes"},"image":{"@id":"https:\/\/contrastes.com.co\/web\/#\/schema\/logo\/image\/"},"sameAs":["https:\/\/www.facebook.com\/guillo.pantoja.1"]},{"@type":"Person","@id":"https:\/\/contrastes.com.co\/web\/#\/schema\/person\/62ef7a62dc4da6de450c71fc2e95ed02","name":"Editor","image":{"@type":"ImageObject","inLanguage":"es","@id":"https:\/\/secure.gravatar.com\/avatar\/7bbb4f718d74bbf600dc556253bb04fd7ac8593751d6e2e3b85432d98aefae80?s=96&d=mm&r=g","url":"https:\/\/secure.gravatar.com\/avatar\/7bbb4f718d74bbf600dc556253bb04fd7ac8593751d6e2e3b85432d98aefae80?s=96&d=mm&r=g","contentUrl":"https:\/\/secure.gravatar.com\/avatar\/7bbb4f718d74bbf600dc556253bb04fd7ac8593751d6e2e3b85432d98aefae80?s=96&d=mm&r=g","caption":"Editor"},"sameAs":["https:\/\/contrastes.com.co\/web"],"url":"https:\/\/contrastes.com.co\/web\/author\/jdbobadilla\/"}]}},"blog_post_layout_featured_media_urls":{"thumbnail":"","full":""},"categories_names":{"172":{"name":"Judicial","link":"https:\/\/contrastes.com.co\/web\/category\/judicial\/"},"23":{"name":"Locales","link":"https:\/\/contrastes.com.co\/web\/category\/locales\/"},"24":{"name":"Regi\u00f3n","link":"https:\/\/contrastes.com.co\/web\/category\/region\/"},"53":{"name":"Seguridad Ciudadana","link":"https:\/\/contrastes.com.co\/web\/category\/seguridad-ciudadana\/"}},"tags_names":{"3097":{"name":"\u00c1rea Metropolitana de Barranquilla","link":"https:\/\/contrastes.com.co\/web\/tag\/area-metropolitana-de-barranquilla\/"},"6396":{"name":"consejo extraordinario de seguridad","link":"https:\/\/contrastes.com.co\/web\/tag\/consejo-extraordinario-de-seguridad\/"},"77":{"name":"elsa noguera","link":"https:\/\/contrastes.com.co\/web\/tag\/elsa-noguera\/"},"181":{"name":"Gobernadora del Atl\u00e1ntico","link":"https:\/\/contrastes.com.co\/web\/tag\/gobernadora-del-atlantico\/"},"51":{"name":"municipio de soledad","link":"https:\/\/contrastes.com.co\/web\/tag\/municipio-de-soledad\/"},"6397":{"name":"transportadores de Barranquilla","link":"https:\/\/contrastes.com.co\/web\/tag\/transportadores-de-barranquilla\/"}},"comments_number":"0","wpmagazine_modules_lite_featured_media_urls":{"thumbnail":"","cvmm-medium":"","cvmm-medium-plus":"","cvmm-portrait":"","cvmm-medium-square":"","cvmm-large":"","cvmm-small":"","full":""},"_links":{"self":[{"href":"https:\/\/contrastes.com.co\/web\/wp-json\/wp\/v2\/posts\/10537","targetHints":{"allow":["GET"]}}],"collection":[{"href":"https:\/\/contrastes.com.co\/web\/wp-json\/wp\/v2\/posts"}],"about":[{"href":"https:\/\/contrastes.com.co\/web\/wp-json\/wp\/v2\/types\/post"}],"author":[{"embeddable":true,"href":"https:\/\/contrastes.com.co\/web\/wp-json\/wp\/v2\/users\/1"}],"replies":[{"embeddable":true,"href":"https:\/\/contrastes.com.co\/web\/wp-json\/wp\/v2\/comments?post=10537"}],"version-history":[{"count":0,"href":"https:\/\/contrastes.com.co\/web\/wp-json\/wp\/v2\/posts\/10537\/revisions"}],"wp:attachment":[{"href":"https:\/\/contrastes.com.co\/web\/wp-json\/wp\/v2\/media?parent=10537"}],"wp:term":[{"taxonomy":"category","embeddable":true,"href":"https:\/\/contrastes.com.co\/web\/wp-json\/wp\/v2\/categories?post=10537"},{"taxonomy":"post_tag","embeddable":true,"href":"https:\/\/contrastes.com.co\/web\/wp-json\/wp\/v2\/tags?post=10537"}],"curies":[{"name":"wp","href":"https:\/\/api.w.org\/{rel}","templated":true}]}}