{"id":10635,"date":"2022-08-09T13:59:00","date_gmt":"2022-08-09T18:59:00","guid":{"rendered":"https:\/\/contrastes.com.co\/digital\/?p=10635"},"modified":"2022-08-09T13:59:00","modified_gmt":"2022-08-09T18:59:00","slug":"mintrabajo-propone-volver-a-pagar-horas-nocturnas-y-fenalco-advierte-que-causaria-que-menos-gente-tenga-empleos","status":"publish","type":"post","link":"https:\/\/contrastes.com.co\/web\/2022\/08\/09\/mintrabajo-propone-volver-a-pagar-horas-nocturnas-y-fenalco-advierte-que-causaria-que-menos-gente-tenga-empleos\/","title":{"rendered":"MinTrabajo propone volver a pagar horas nocturnas y Fenalco advierte que causar\u00eda que menos gente tenga empleos"},"content":{"rendered":"<p><strong>*MinTrabajo propone volver a pagar horas nocturnas y Fenalco advierte que causar\u00eda que menos gente tenga empleos<\/strong><\/p>\n<blockquote><p><strong>La Ministra de Trabajo declar\u00f3 este lunes \u201cesa ser\u00e1 una de las primeras tareas que har\u00e1\u201d.<\/strong><\/p><\/blockquote>\n<p><img decoding=\"async\" class=\"alignleft  wp-image-8524\" src=\"https:\/\/contrastes.com.co\/digital\/wp-content\/uploads\/2022\/03\/l-capitular.png\" alt=\"l capitular\" width=\"55\" height=\"55\" \/>a designada <strong>Ministra de Trabajo, Gloria Ram\u00edrez<\/strong>, plante\u00f3 hoy la posibilidad de que las horas nocturnas se vuelvan a pagar desde las 6:00 PM, tal\u00a0 como era antes de la ley 978 de 2002. En entrevista con la Revista Semana, habl\u00f3 de la posibilidad de \u201ccorregir eso\u201d, refiri\u00e9ndose a que en Colombia la jornada diurna \u201cla pusieron desde las 6 de la ma\u00f1ana hasta las 10 de la noche\u201d.<\/p>\n<p>Anticip\u00f3 que su propuesta es de que las jornadas laborales diurnas sean \u201cde las 6 de la ma\u00f1ana a las 6 de la tarde y la jornada nocturna de las 6 de la tarde a las 6 de la ma\u00f1ana\u201d.<\/p>\n<blockquote><p><strong>Partiendo de ese principio, \u201cesa ser\u00e1 una de las primeras tareas que haremos\u201d, declar\u00f3 la dirigente sindical que llega al Ministerio de Trabajo.<\/strong><\/p><\/blockquote>\n<p>Sobre la posibilidad de devolverle a los pensionados la mesada 14, la Ministra se\u00f1al\u00f3 que eso no es cierta esa propuesta y que ni siquiera lo ha pensado.<\/p>\n<p><strong>\u201cVamos a causar que menos gente tenga empleo\u201d<\/strong><\/p>\n<p>Por su parte, el <strong>presidente de la Federaci\u00f3n Nacional de Comerciantes (Fenalco), Jaime Alberto Cabal,<\/strong> critic\u00f3 a la Ministra de Trabajo, Gloria In\u00e9s Ram\u00edrez, quien propone que la jornada laboral nocturna deber\u00e1 tener un recargo salarial a partir de las 6:00 de la tarde.<\/p>\n<p>Jaime Cabal asegur\u00f3 que si esto se llegar\u00eda a dar impactar\u00eda en la oferta de empleo del pa\u00eds.<\/p>\n<blockquote><p><strong>\u201cLo puede pasar es que por arreglar o mejorar las condiciones de los que hoy tienen empleo vamos a causar que menos gente tenga empleo, porque va a ser muy costoso generarlo. Si la jornada diurna se va a las 6:00 de la tarde, esto quiere decir que todas las horas adicionales ser\u00e1n extras. Si es dominicales y festivos, pues todav\u00eda mayor\u201d, dijo en Blu Radio.<\/strong><\/p><\/blockquote>\n<p>De igual forma, se\u00f1al\u00f3 que los sectores econ\u00f3micos resultar\u00edan \u201cm\u00e1s perjudicados\u201d con la medida.<\/p>\n<p>\u201cEsto tiene un impacto enorme, por ejemplo, en el comercio que trabaja muchas veces 18 o 20 horas y en el sector tur\u00edstico, restaurantes, bares y hoteles, donde obviamente el trabajo nocturno es necesario\u201d, explic\u00f3 Cabal.<\/p>\n<p>Por su parte, la Ministra de Trabajo declar\u00f3 este lunes \u201cesa ser\u00e1 una de las primeras tareas que har\u00e1\u201d.<\/p>\n<p>Adem\u00e1s, la funcionaria calific\u00f3 en una reuni\u00f3n de \u201ctaca\u00f1a\u201d a la clase empresarial de Colombia, aspecto que fue rechazado por el presidente de Fenalco.<\/p>\n<p>\u201cSon juicios sin sustento, que en vez de unir, como dijo Petro, de unir a todos los colombianos, los que votaron por \u00e9l y los que no, pues la ministra no le est\u00e1 haciendo buena propaganda a lo que se dice\u201d, finaliz\u00f3 el directivo de los comerciantes.<\/p>\n<p>El pago de las horas nocturnas desde las 6:00 de la tarde estaba estipulado en la ley 978 de 2002, pero con el gobierno del expresidente \u00c1lvaro Uribe se ajust\u00f3 la jornada diurna \u201cdesde las 6 de la ma\u00f1ana hasta las 10 de la noche\u201d.<\/p>\n","protected":false},"excerpt":{"rendered":"<p>La designada Ministra de Trabajo, Gloria Ram\u00edrez, plante\u00f3 hoy la posibilidad de que las horas nocturnas se vuelvan a pagar desde las 6:00 PM, tal\u00a0 como era antes de la ley 978 de 2002. En entrevista con la Revista Semana, habl\u00f3 de la posibilidad de \u201ccorregir eso\u201d, refiri\u00e9ndose a que en Colombia la jornada diurna \u201cla pusieron desde las 6 de la ma\u00f1ana hasta las 10 de la noche\u201d.<\/p>\n","protected":false},"author":1,"featured_media":10636,"comment_status":"open","ping_status":"open","sticky":false,"template":"","format":"standard","meta":{"footnotes":""},"categories":[101,203,6365],"tags":[6453,6454,6455,6456,6457],"class_list":["post-10635","post","type-post","status-publish","format-standard","has-post-thumbnail","hentry","category-pais","category-politica","category-trabajo","tag-gloria-ramirez","tag-horario-nocturno","tag-jaime-alberto-cabal","tag-ministra-de-trabajo","tag-presidente-de-la-federacion-nacional-de-comerciantes-fenalco"],"blog_post_layout_featured_media_urls":{"thumbnail":"","full":""},"categories_names":{"101":{"name":"Pa\u00eds","link":"https:\/\/contrastes.com.co\/web\/category\/pais\/"},"203":{"name":"Pol\u00edtica","link":"https:\/\/contrastes.com.co\/web\/category\/politica\/"},"6365":{"name":"Trabajo","link":"https:\/\/contrastes.com.co\/web\/category\/trabajo\/"}},"tags_names":{"6453":{"name":"Gloria Ram\u00edrez","link":"https:\/\/contrastes.com.co\/web\/tag\/gloria-ramirez\/"},"6454":{"name":"horario nocturno","link":"https:\/\/contrastes.com.co\/web\/tag\/horario-nocturno\/"},"6455":{"name":"Jaime Alberto Cabal","link":"https:\/\/contrastes.com.co\/web\/tag\/jaime-alberto-cabal\/"},"6456":{"name":"Ministra de Trabajo","link":"https:\/\/contrastes.com.co\/web\/tag\/ministra-de-trabajo\/"},"6457":{"name":"presidente de la Federaci\u00f3n Nacional de Comerciantes (Fenalco)","link":"https:\/\/contrastes.com.co\/web\/tag\/presidente-de-la-federacion-nacional-de-comerciantes-fenalco\/"}},"comments_number":"0","wpmagazine_modules_lite_featured_media_urls":{"thumbnail":"","cvmm-medium":"","cvmm-medium-plus":"","cvmm-portrait":"","cvmm-medium-square":"","cvmm-large":"","cvmm-small":"","full":""},"_links":{"self":[{"href":"https:\/\/contrastes.com.co\/web\/wp-json\/wp\/v2\/posts\/10635","targetHints":{"allow":["GET"]}}],"collection":[{"href":"https:\/\/contrastes.com.co\/web\/wp-json\/wp\/v2\/posts"}],"about":[{"href":"https:\/\/contrastes.com.co\/web\/wp-json\/wp\/v2\/types\/post"}],"author":[{"embeddable":true,"href":"https:\/\/contrastes.com.co\/web\/wp-json\/wp\/v2\/users\/1"}],"replies":[{"embeddable":true,"href":"https:\/\/contrastes.com.co\/web\/wp-json\/wp\/v2\/comments?post=10635"}],"version-history":[{"count":0,"href":"https:\/\/contrastes.com.co\/web\/wp-json\/wp\/v2\/posts\/10635\/revisions"}],"wp:featuredmedia":[{"embeddable":true,"href":"https:\/\/contrastes.com.co\/web\/wp-json\/"}],"wp:attachment":[{"href":"https:\/\/contrastes.com.co\/web\/wp-json\/wp\/v2\/media?parent=10635"}],"wp:term":[{"taxonomy":"category","embeddable":true,"href":"https:\/\/contrastes.com.co\/web\/wp-json\/wp\/v2\/categories?post=10635"},{"taxonomy":"post_tag","embeddable":true,"href":"https:\/\/contrastes.com.co\/web\/wp-json\/wp\/v2\/tags?post=10635"}],"curies":[{"name":"wp","href":"https:\/\/api.w.org\/{rel}","templated":true}]}}